{"id":9966,"date":"2024-03-19T21:55:06","date_gmt":"2024-03-19T21:55:06","guid":{"rendered":"https:\/\/kondis.mittmagasin.online\/?p=9966"},"modified":"2024-03-19T21:55:06","modified_gmt":"2024-03-19T21:55:06","slug":"du-var-med-ljose-dagar","status":"publish","type":"post","link":"https:\/\/kondis.mittmagasin.online\/?p=9966","title":{"rendered":"Du v\u00e5r med ljose dagar"},"content":{"rendered":"<p class=\"p1\">For det er ikkje berre v\u00e5ren i seg sj\u00f8lv som gjer meg glad. Den er rett nok \u00e5rstid p\u00e5 sitt aller beste, med fuglesong og bekkeklunk, hestehov som tittar fram og stadig fleire isfrie stiar langs fjorden og i marka.<\/p>\n<p class=\"p2\">Men like viktig er gleda over at det ligg ein lang og vonleg varm sommar og ventar. \u00c5 ha det bra no og samtidig ha tru p\u00e5 at det kjem noko minst like bra etterp\u00e5, gir ei slags dobbel glede \u2013 notid og forventing om ei fin framtid baka inn i kvarandre.<\/p>\n<h3 class=\"p4\"><span class=\"s1\">Framtidstru<\/span><\/h3>\n<p class=\"p1\">Isolert og reint statistisk sett kan v\u00e5ren og hausten vera omtrent like fine. Sola st\u00e5r like h\u00f8gt p\u00e5 himmelen. Sol og regn og sn\u00f8 kan komma om kvarandre i begge overgangane. Fargane og den kl\u00e5re, friske haustlufta veg fort opp for b\u00e5de bl\u00e5veis og v\u00e5rleg fuglesong.<\/p>\n<p class=\"p2\">Men medan v\u00e5ren for meg er full av framtidstru, er det noko vemodig over hausten. Eg kan glede meg til sn\u00f8en og skisesongen, men vegen dit er gjerne b\u00e5de m\u00f8rk og blaut. Det krev store dosar mentalt sj\u00f8lvsnakk til for \u00e5 f\u00e5 meg oppl\u00f8fta til sinns over tanken p\u00e5 at eg skal inn i den m\u00f8rke og kalde \u00e5rstida. \u00c5 glede seg til sommaren kjem heilt av seg sj\u00f8lv.<\/p>\n<p class=\"p2\">Kan hende er vi genetisk laga slik at vi blir dregne mot ljoset og dei varme kveldane? Mot utsikta til kortbuksespring og svalande bad, mot lange vandringar og det \u00e5 kunna setje oss ned og kjenne at solskin mot kroppen gjer oss godt. At det ikkje berre er D-vitamina vi f\u00e5r p\u00e5 kj\u00f8pet, men noko meir og st\u00f8rre \u2013 ei slags samkjensle med kvarandre, naturen, universet.<\/p>\n<h3 class=\"p4\"><span class=\"s1\">Fylt med takk<\/span><\/h3>\n<p class=\"p1\">Og s\u00e5 er det likevel ikkje til \u00e5 undersl\u00e5 at for ein som har opplevd s\u00e5 mange v\u00e5rar som det eg har gjort, s\u00e5 har eg f\u00e6rre att enn dei eg har f\u00e5tt. Slik sett er heller ikkje v\u00e5ren \u2013 trass i sin symbolrike optimisme \u2013 heilt fri for vemod. Ogs\u00e5 det gode har ein ende. Ein v\u00e5r vil bli den siste.<\/p>\n<p class=\"p2\">Men i staden for \u00e5 late tanken p\u00e5 at vi lever p\u00e5 l\u00e5nt tid \u00f8ydeleggje, s\u00e5 trur eg det er mogleg \u00e5 la den fylle oss med takk \u2013 for dei v\u00e5rane vi f\u00e5r, enten dei blir f\u00e5 eller mange. Dei er alle ei g\u00e5ve \u2013 ikkje noko vi har krav p\u00e5.<\/p>\n<p class=\"p2\">Og for meg er v\u00e5ren ei tid det er lett \u00e5 vera takknemleg. Gleda over det eg har er st\u00f8rre enn frykta for \u00e5 miste det. Ja, det er mest s\u00e5 eg kan springe av garde, kjenne meg fri og vera til stades i augeblinken med heile meg. Som i ein draum der alt det fine er p\u00e5 plass.<\/p>\n<p class=\"p2\">Eg trur ikkje det er utan grunn at det finst s\u00e5 mange flotte v\u00e5rdikt. For det er noko heilt eige n\u00e5r det livnar i lundar og lauvast i li. Og kven kjenner det ikkje sitre i b\u00e5de kropp og sjel n\u00e5r Henning Sommero syng Hans Hyldbakk sitt vakre V\u00e5rs\u00f8g-dikt:<\/p>\n<h3 class=\"p4\"><span class=\"s1\">V\u00e5rs\u00f8g<\/span><\/h3>\n<p class=\"p1\">No skin det sol e h\u00f8gste Sveali\u00e5<br \/>\nNo blir det v\u00e5r, det kjenne e s\u00e5 vel<br \/>\nDet s\u00f8ng s\u00e5 tongt kring alla dalasi\u00e5<br \/>\nog synn\u00e5vinn han kjem \u00e5 gjer me sel<\/p>\n<p class=\"p1\">N\u00e5r sommar&#8217;n kjem, da bli det fint e fjell\u00e5<br \/>\nda ska e dit \u00e5 h\u00f8r k\u00e5r bekkjinn s\u00f8ng<br \/>\nog kliv te topps e brattast berjestell\u00e5<br \/>\nog vea gras og tort og t\u00e5gberl\u00f8ng<\/p>\n<p class=\"p1\">E kjenne lokt t\u00e5 gras kring alle haua<br \/>\nog sola skin og bj\u00f8ll\u00e5in kleng s\u00e5 kl\u00f8kt<br \/>\nog tj\u00f8nninn legg s\u00e5 blank der e ska laua<br \/>\nme berg ekreng, der e kainn sol me tr\u00f8kt<\/p>\n<p class=\"p1\">\u00c5 du, \u00e5 du, k\u00e5r s\u00e5rt og selt e stoinna<br \/>\nn\u00e5r sola skin fr\u00e5 kvite h\u00f8gd\u00e5 ne<br \/>\nDa v\u00e6t e v\u00e5r&#8217;n han e kje lenger oinna<br \/>\nat e f\u00e5r levva slik ein sommar te<\/p>\n<p class=\"p1\">Da v\u00e6t e vesst at bekkjinn legg og venta<br \/>\npoinn kalle isa me s\u00e5 sval ein drekk<br \/>\nN\u00e5r hausten kjem og sistkveldskl\u00f8va henta<br \/>\nda ska e takk for sommar&#8217;n s\u00e5 e fekk<\/p>\n<p><a href=\"https:\/\/www.youtube.com\/watch?v=xu9t5ii0yJk\" target=\"_blank\" rel=\"noopener\">Henning Sommero &#8211; V\u00e5rs\u00f8g (YouTube)<\/a><\/p>\n","protected":false},"excerpt":{"rendered":"<p>Bj\u00f8rnstjerne Bj\u00f8rnson valde seg april. De Lillos syng \u00abV\u00e5r tralala v\u00e5r\u00bb. Sj\u00f8lv gled eg meg over enda ein v\u00e5r og alt det fine den ber bod om.   <\/p>\n","protected":false},"author":3,"featured_media":9967,"comment_status":"closed","ping_status":"open","sticky":false,"template":"","format":"standard","meta":{"_acf_changed":false,"footnotes":""},"categories":[119,117],"tags":[],"post_flags":[],"class_list":["post-9966","post","type-post","status-publish","format-standard","has-post-thumbnail","hentry","category-kondis-2-2024","category-utgaver-2024"],"acf":[],"_links":{"self":[{"href":"https:\/\/kondis.mittmagasin.online\/index.php?rest_route=\/wp\/v2\/posts\/9966","targetHints":{"allow":["GET"]}}],"collection":[{"href":"https:\/\/kondis.mittmagasin.online\/index.php?rest_route=\/wp\/v2\/posts"}],"about":[{"href":"https:\/\/kondis.mittmagasin.online\/index.php?rest_route=\/wp\/v2\/types\/post"}],"author":[{"embeddable":true,"href":"https:\/\/kondis.mittmagasin.online\/index.php?rest_route=\/wp\/v2\/users\/3"}],"replies":[{"embeddable":true,"href":"https:\/\/kondis.mittmagasin.online\/index.php?rest_route=%2Fwp%2Fv2%2Fcomments&post=9966"}],"version-history":[{"count":1,"href":"https:\/\/kondis.mittmagasin.online\/index.php?rest_route=\/wp\/v2\/posts\/9966\/revisions"}],"predecessor-version":[{"id":9968,"href":"https:\/\/kondis.mittmagasin.online\/index.php?rest_route=\/wp\/v2\/posts\/9966\/revisions\/9968"}],"wp:featuredmedia":[{"embeddable":true,"href":"https:\/\/kondis.mittmagasin.online\/index.php?rest_route=\/wp\/v2\/media\/9967"}],"wp:attachment":[{"href":"https:\/\/kondis.mittmagasin.online\/index.php?rest_route=%2Fwp%2Fv2%2Fmedia&parent=9966"}],"wp:term":[{"taxonomy":"category","embeddable":true,"href":"https:\/\/kondis.mittmagasin.online\/index.php?rest_route=%2Fwp%2Fv2%2Fcategories&post=9966"},{"taxonomy":"post_tag","embeddable":true,"href":"https:\/\/kondis.mittmagasin.online\/index.php?rest_route=%2Fwp%2Fv2%2Ftags&post=9966"},{"taxonomy":"post_flag","embeddable":true,"href":"https:\/\/kondis.mittmagasin.online\/index.php?rest_route=%2Fwp%2Fv2%2Fpost_flags&post=9966"}],"curies":[{"name":"wp","href":"https:\/\/api.w.org\/{rel}","templated":true}]}}