{"id":9684,"date":"2024-01-31T13:48:50","date_gmt":"2024-01-31T13:48:50","guid":{"rendered":"https:\/\/kondis.mittmagasin.online\/?p=9684"},"modified":"2024-02-01T13:57:10","modified_gmt":"2024-02-01T13:57:10","slug":"mannen-med-den-ikoniske-skistaven","status":"publish","type":"post","link":"https:\/\/kondis.mittmagasin.online\/?p=9684","title":{"rendered":"Kondislegenden Oddvar Br\u00e5"},"content":{"rendered":"<p class=\"p1\">Oddvar Br\u00e5 oppn\u00e5dde de beste resultatene internasjonalt i verdensmesterskapene. Under vinter-OL var han ofte syk p\u00e5 grunn av ubehandlet astma.<\/p>\n<h3 class=\"p4\"><span class=\"s1\">Barnestjerne som 12-\u00e5ring<\/span><\/h3>\n<p class=\"p2\">\u00c5 g\u00e5 p\u00e5 ski var lek i oppveksten. Oddvar h\u00f8rte til et \u00e5rskull som kunne konkurrere det \u00e5ret de fylte 13 \u00e5r, og han likte \u00e5 m\u00e5le seg mot andre. Han hadde talent og utviklet seg raskt som junior. Det \u00e5 g\u00e5 p\u00e5 ski ble bokstavelig talt som en lek.<\/p>\n<p class=\"p5\">\u2013 Jeg hadde en selvg\u00e5ende, indre kraft og bestemte meg tidlig for at jeg skulle bli verdensmester p\u00e5 ski. Faren min tok det p\u00e5 ramme alvor. Han sluttet med snus og kastet ut hjemmebrentsapparatet. Det ble ogs\u00e5 slutt p\u00e5 kaffe p\u00e5 senga p\u00e5 s\u00f8ndagene. Jeg hadde full st\u00f8tte fra foreldrene mine, og det betydde mye for meg.<\/p>\n<p class=\"p5\">I tillegg til faren, Bjarne, var det en annen inspirator i n\u00e6rmilj\u00f8et. Det var Rolf Gaustad, skil\u00f8per og skiskytter, som hevdet seg nasjonalt p\u00e5 1950-tallet. Han deltok for idrettslaget Leik og var ogs\u00e5 en god maraton- og terrengl\u00f8per.<\/p>\n<h3 class=\"p4\"><span class=\"s1\">Sensasjonelt gode juniorer<\/span><\/h3>\n<p class=\"p2\">\u2013 Det var flere jevnaldrende gutter p\u00e5 H\u00f8londa som var ivrige p\u00e5 ski; slik fikk vi et godt milj\u00f8 som stimulerte til \u00e5 delta i konkurranserenn. Iver J\u00f8nland var en av disse. Jeg ble norgesmester som junior da jeg var 16 \u00e5r og Iver da han var 17. Andre jevnaldrende ambisi\u00f8se skil\u00f8pere var bl.a. Einar Sagstuen fra Gj\u00f8vik og Ivar Formo fra Oslo.<\/p>\n<p class=\"p5\">\u2013 I 1968 var det EM for juniorer i Morez Les-Rousses i Frankrike. Det var en fantastisk opplevelse for en 16-\u00e5ring. Det var min f\u00f8rste flytur. Flybilletten kostet 290 kr mot dagens pris som nok vil ligge rundt 8000 kr. Stafettlaget v\u00e5rt som vant, besto av Erik R\u00f8sbak, Anders Lenes og med meg p\u00e5 anker-etappen. Jeg ble nummer to p\u00e5 10 km etter sovjeteren Jurij Skobov. Erik R\u00f8sbak ble nummer tre. Etterp\u00e5 fikk vi juniorene v\u00e6re med til OL i Grenoble. Lekene ble \u00e5pnet av den franske presidenten Charles de Gaulle, og vi fikk oppleve at Norge ble beste nasjon med 6 gull, 6 s\u00f8lv og 2 bronse. Harald Gr\u00f8nningen vant 15 km og Ole Ellefs\u00e6ter 5-mila.<\/p>\n<p class=\"p5\">\u2013 I 1970 fikk de fire beste juniorene, de fire som hadde kvalifisert seg til junior-EM, lov til \u00e5 delta p\u00e5 15 km i senior-NM p\u00e5 Sverresborg i Trondheim. Her slo juniorene til og presterte bedre enn mange av seniorene. Det var uvanlig p\u00e5 denne tida og ble lagt merke til. Jeg kom p\u00e5 5. plass, Ivar Formo ble nummer 7, Iver J\u00f8nland ble nummer 11 og Einar Sagstuen 18. Dette var en bra start.<\/p>\n<p class=\"p5\">I perioden fra 1972 til 1979 vinner Oddvar World Cup tre ganger. Det blir fem seire i Lahti-spelen, fire i Holmenkollrennene og tre i Svenska Skidspelen. Det blir 19 gullmedaljer i NM (inkludert de tre fra junior-NM). Han er med p\u00e5 stafettlaget som tar bronse i ski-VM i Falun i 1974 og stafettbronse i Lahtis i 1978. De individuelle internasjonale resultatene lot imidlertid vente p\u00e5 seg.<\/p>\n<h3 class=\"p4\"><span class=\"s1\">Glassfiberskiene kommer<\/span><\/h3>\n<figure id=\"attachment_9686\" aria-describedby=\"caption-attachment-9686\" style=\"width: 500px\" class=\"wp-caption alignright\"><img loading=\"lazy\" decoding=\"async\" class=\"size-full wp-image-9686\" src=\"https:\/\/kondis.mittmagasin.online\/wp-content\/uploads\/2024\/01\/k2401-IMG_20180829_183637.jpg\" alt=\"\" width=\"500\" height=\"262\" srcset=\"https:\/\/kondis.mittmagasin.online\/wp-content\/uploads\/2024\/01\/k2401-IMG_20180829_183637.jpg 500w, https:\/\/kondis.mittmagasin.online\/wp-content\/uploads\/2024\/01\/k2401-IMG_20180829_183637-300x157.jpg 300w\" sizes=\"auto, (max-width: 500px) 100vw, 500px\" \/><figcaption id=\"caption-attachment-9686\" class=\"wp-caption-text\"><strong>I full fart etter stavbrekket:<\/strong> Fra venstre Terje Bogen, Oddvar Br\u00e5 og Aleksandr Zavjanov. (Foto Thor Gotaas bok \u00abOddvar Br\u00e5 &#8211; et skil\u00f8perliv\u00bb)<\/figcaption><\/figure>\n<p class=\"p2\">Det ble produsert glassfiberski i Norge f\u00f8r ski-VM i Falun i 1974. Splitkeinski, for \u00e5 ta et eksempel, var treski fram til 1970-tallet, da produksjonen ble omstilt til glassfiberski, men store europeiske konkurrenter hadde forsprang og dominerte etter hvert markedet.<\/p>\n<p class=\"p5\">I 1973 hadde Oddvar v\u00e6rt i \u00d8sterrike og testet Fischer glassfiberski. Her bestemte han seg for \u00e5 signere kontrakt med den \u00f8sterrikske skifabrikanten. Han hadde tidligere g\u00e5tt p\u00e5 treski fra Landsem, men hadde i l\u00f8pet av de siste par \u00e5ra b\u00e5de testet og forst\u00e5tt at glassfiber var framtida.<\/p>\n<p class=\"p5\">Dette ble det imidlertid br\u00e5k av. Handelsminister Hallvard Eika fra Venstre hevdet fra Stortingets talerstol at Oddvar Br\u00e5 truet norske arbeidsplasser ved \u00e5 g\u00e5 over til utenlandske glassfiberski. Skiforbundet var ogs\u00e5 avvisende. De norske l\u00f8perne var bundet av den norske skipoolen, og det var bare norske skifabrikanter i denne. De st\u00f8ttet imidlertid forbundet med 300 000 kroner \u00e5rlig.<\/p>\n<p class=\"p5\">For 22 \u00e5r gamle Oddvar Br\u00e5 ble det for t\u00f8ft \u00e5 st\u00e5 alene i dette, han b\u00f8yde unna og rev i stykker kontrakten, men syntes at det var b\u00e5de lite framtidsrettet og dypt urettferdig. Br\u00e5 har i ettertid f\u00e5tt en uforbeholden unnskyldning fra Erik R\u00f8ste som var skipresident i 2018, for det store ansvaret som ble lagt p\u00e5 den unge skil\u00f8perens skuldre. De ansvarlige som burde beklaget, h\u00f8rte Br\u00e5 aldri noe fra, men dette er historie n\u00e5 understreker han.<\/p>\n<h3 class=\"p4\"><span class=\"s1\">Treskienes \u00e6ra definitivt over<\/span><\/h3>\n<p class=\"p2\">\u00c5ret etter var det ski-VM i Falun, og det ble det siste \u00e5ret norske ut\u00f8verne gikk p\u00e5 treski. Det startet med 3-mila p\u00e5 s\u00f8rpef\u00f8re. Her vant svenske Thomas Magnuson p\u00e5 glassfiberski. Finske Juha Mieto som gikk p\u00e5 treski, ble nummer to og den ukjente polakken Jan Staszel nummer tre. Beste nordmann var Oddvar Br\u00e5 p\u00e5 niendeplass.<\/p>\n<p class=\"p5\">\u00abV\u00e5re l\u00f8pere er ikke p\u00e5 noen m\u00e5te s\u00e5 svake som det plasseringene p\u00e5 tremila skulle tilsi. Vi tror rett og slett ikke at en polakk plutselig er en bedre skil\u00f8per enn v\u00e5re, selv om han tar bronsemedaljen\u00bb, uttalte rikstrener Kristen Kvello til Stavanger Aftenblad etter l\u00f8pet.<\/p>\n<p class=\"p5\">Senere ble det t\u00f8rrf\u00f8re og de norske l\u00f8perne ble stilt fritt i valg av glassfiber- eller treski. Bare Myrmo valgte treski, som han visste hvordan han skulle sm\u00f8re, og vant gull p\u00e5 15 km. Br\u00e5 ble nummer 5 p\u00e5 Fischer glassfiberski.<\/p>\n<p class=\"p5\">Skuffelsen p\u00e5 stafetten skyldtes sannsynligvis ikke bare skiene, men ogs\u00e5 dagsformen. Magne Myrmo var f\u00f8rstemann ut. Han valgte igjen treskiene, men greide ikke \u00e5 gjenta suksessen fra 15 km og hadde tre l\u00f8pere foran seg da han vekslet. Odd Martinsen og Ivar Formo tok igjen forspranget, men Oddvar Br\u00e5 som hadde v\u00e6rt d\u00e5rlig og kastet opp om natta, var ikke i toppslag og laget endte p\u00e5 tredjeplass.<\/p>\n<p class=\"p5\">P\u00e5 5-mila var det isf\u00f8re. Oddvar Br\u00e5 ble beste nordmann p\u00e5 niendeplass. Magne Myrmo som fortsatt hadde tro p\u00e5 treskiene, ble nummer 12 og Ivar Formo kom p\u00e5 trettendeplass. P\u00e5l Tyldum br\u00f8t.<\/p>\n<p class=\"p5\">\u2013 Dette er det verste mesterskapet jeg har v\u00e6rt med p\u00e5, oppsummerer Oddvar.<\/p>\n<p class=\"p5\">\u2013 Etter miseren p\u00e5 15 kilometeren fikk vi utlevert ett par glassfiberski hver, og de var ikke av beste sort. Vi manglet erfaring med \u00e5 sm\u00f8re slike ski, og det hadde ikke v\u00e6rt s\u00e6rlig anledning til \u00e5 teste ut heller.<\/p>\n<p class=\"p5\">\u2013 Jeg vil si at femteplassen p\u00e5 15-kilometeren er min beste prestasjon, omstendighetene tatt i betraktning. Halvveis i l\u00f8pet hadde jeg null feste og gikk i m\u00e5l p\u00e5 blanke ski. Resultatet p\u00e5 5-mila kan jeg bed\u00f8mme p\u00e5 samme m\u00e5te. Jeg la p\u00e5 ny smurning to ganger, men gikk siste delen uten. Det verste var likevel at landslagets tilkortkommenhet ble s\u00e5 synlig for alle og f\u00f8rte til en opphetet diskusjon blant deltakere, trenere og publikum. Vi fremstod som pinlig uforberedte.<\/p>\n<p class=\"p5\">\u00abVisst er vi skuffet over at det ikke ble bedre for oss nordmenn, men vi sto faktisk maktesl\u00f8se under disse r\u00e5dende forhold. Vi har ingen erfaring med prepareringen av de nye plastskiene, og det felte oss\u00bb, uttalte rikstrener Oddmund Jensen til Stavanger Aftenblad etter femmila.<\/p>\n<h3 class=\"p4\"><span class=\"s1\">Stavbrekket<\/span><\/h3>\n<p class=\"p2\">F\u00f8r 1982 hadde Norge vunnet stafettgull for herrer bare tre ganger. Det var i ski-VM i 1937 i Chamonix, ski-VM 1966 i Oslo og vinter-OL 1968 i Grenoble. Det var derfor store forventninger til stafettlaget Eriksen, Aunli, Mikkelsplass og Br\u00e5 under ski-VM i Oslo.<\/p>\n<p class=\"p5\">Zavjalov f\u00e5r et forsprang p\u00e5 ca. 12 sekunder p\u00e5 ankeretappen, men Br\u00e5 tar innp\u00e5. Staven brekker idet Br\u00e5 g\u00e5r opp ved siden av Zavjalov og sovjeteren faller. Sportskommentator TV-kommentator Rolf Hovden roper: \u00abLa ham f\u00e5 en stav, da mann!\u00bb Etterfulgt av kollega Jon Herwig Carlsen: \u00abLa ham f\u00e5 en stav\u00bb. Og en stav det f\u00e5r han av snarr\u00e5dige Terje Bogen. Staven hadde samme lengde som den som brakk (147,5 cm), det tok bare 15 sekunder \u00e5 overlevere den.<\/p>\n<p class=\"p5\">Terje Bogen skulle egentlig ikke v\u00e6rt p\u00e5 skistadion. Han hadde ikke krav p\u00e5 akkreditering som utstyrsleverand\u00f8r da han stod utenfor skipoolen. Det var ellers en p\u00e5g\u00e5ende konflikt mellom Norges Skiforbund og Bogen som drev firmaet Sponsor Service. Bogen var skitrener for Lars Erik Eriksen som hadde en privat avtale med en liten skofabrikk i Halden om en skist\u00f8vel (Suver\u00e9n) som han likte. Denne bedriften var imidlertid ikke med i skipoolen, og Eriksen var i den forbindelse blitt truet med utestengelse fra internasjonale skirenn.<\/p>\n<p class=\"p5\">Skipresident Odd Seim hadde gitt klar beskjed om at Bogen ikke under noen omstendighet skulle slippes inn p\u00e5 Holmenkollen skistadion. Den beskjeden var klar for advokat Gunnar Kaspersen, som var ansatt som poolmanager i Norges Skiforbund og som hadde ansvaret for akkrediteringen for utstyrsleverand\u00f8rene. Om jeg gjorde det, ville jeg miste jobben min, har Kaspersen langt senere fortalt (bl.a. omtalt i Aftenposten 1. mars 2019). N\u00e5 var det likevel det som skjedde. Kaspersen hadde en uavhentet akkreditering, og Bogen ville gjerne ha den. Den fikk han til slutt mot et l\u00f8fte om ikke \u00e5 fortelle hvem han hadde f\u00e5tt den av, men si at han hadde funnet den p\u00e5 vei til stadion. Hvorom allting n\u00e5 var, s\u00e5 var Terje Bogen p\u00e5 rett plass da Br\u00e5 brakk staven, og en f\u00e5r vel si at han berget stafettgullet for Norge. I ettertid har Br\u00e5 sagt at Bogen m\u00e5 ha v\u00e6rt synsk som begynte \u00e5 l\u00f8pe etter ham allerede i bunnen av bakken, alts\u00e5 f\u00f8r staven brakk.<\/p>\n<figure id=\"attachment_9689\" aria-describedby=\"caption-attachment-9689\" style=\"width: 500px\" class=\"wp-caption alignright\"><img loading=\"lazy\" decoding=\"async\" class=\"size-full wp-image-9689\" src=\"https:\/\/kondis.mittmagasin.online\/wp-content\/uploads\/2024\/01\/k2401-Oddvar_Bra_Oslo_halvmaraton_1998_foto_Runar_Gilberg.jpg\" alt=\"\" width=\"500\" height=\"669\" srcset=\"https:\/\/kondis.mittmagasin.online\/wp-content\/uploads\/2024\/01\/k2401-Oddvar_Bra_Oslo_halvmaraton_1998_foto_Runar_Gilberg.jpg 500w, https:\/\/kondis.mittmagasin.online\/wp-content\/uploads\/2024\/01\/k2401-Oddvar_Bra_Oslo_halvmaraton_1998_foto_Runar_Gilberg-224x300.jpg 224w\" sizes=\"auto, (max-width: 500px) 100vw, 500px\" \/><figcaption id=\"caption-attachment-9689\" class=\"wp-caption-text\"><strong>Maratonl\u00f8peren:<\/strong> Etter endt langrennskarriere fortsatte Oddvar som maratonl\u00f8per p\u00e5 h\u00f8yt niv\u00e5 i veteranklassene. Her fra Oslo Maraton (halvmaraton) i 1998. (Foto Runar Gilberg)<\/figcaption><\/figure>\n<p class=\"p5\">\u2013 Det tok en time f\u00f8r avgj\u00f8relsen om hvem som hadde vunnet ble offentliggjort. Det ble gull til oss begge, b\u00e5de til Norge og Sovjetunionen. Vi hadde politiekskorte til NRK. Det reagerte vi ikke s\u00e5 mye p\u00e5; det var fortsatt mye folk i kollen. F\u00f8rst da politiet ogs\u00e5 fulgte oss inn i NRK-bygningen, fikk vi rede p\u00e5 at P\u00e5l Gunnar Mikkelsplass var blitt drapstruet.<\/p>\n<p class=\"p5\">P\u00e5 sp\u00f8rsm\u00e5l om hvem som egentlig vant, svarer Br\u00e5 kontant.<\/p>\n<p class=\"p5\">\u2013 Etter den tidens regelverk vant jeg. Jeg hadde en kroppsdel, dvs. h\u00f8yre h\u00e5nd, f\u00f8rst over m\u00e5lstreken. Etter dagens regler ville Zavjalov ha vunnet p\u00e5 skiskoen. Det var ikke presisert i det gamle regelverket hvilken kroppsdel som skulle telle.<\/p>\n<p class=\"p5\">\u2013 Jeg har m\u00f8tt Zavjalov flere ganger etter ski-VM i 1982, men vi har ikke diskutert stafetten; den er opp- og avgjort. Han er en hyggelig og omgjengelig kar. Det gjelder i grunnen flere av de sovjetiske konkurrentene: Nikolaj Zimjatov, Vasily Rochev og Jevgenij Beljajev (n\u00e5 avd\u00f8d). De kunne virke avvisende, men de hadde ikke lov til \u00e5 omg\u00e5s oss fra vestlige land. N\u00e5r vi traff dem i Sovjetunionen, var de langt friere. Beljajev for eksempel var en fritttalende type med godt hum\u00f8r. I Bulgaria etter et verdenscuprenn inviterte han meg og Ove Aunli inn p\u00e5 hotellrommet for \u00e5 bytte vodka og kaviar mot vestlige varer, men ogs\u00e5 der dukket det straks opp en \u00abp\u00e5passer\u00bb.<\/p>\n<h3 class=\"p4\"><span class=\"s1\">Sykdom under vinter-OL<\/span><\/h3>\n<p class=\"p2\">Oddvar ble tatt ut til vinter-OL i Sapporo i 1972. Han er bare 20 \u00e5r gammel og tar en niendeplass p\u00e5 15 km og s\u00f8lvmedalje p\u00e5 stafetten. Han er ikke syk under sitt f\u00f8rste olympiske mesterskap. Det er han derimot under OL i Innsbruck i 1976. Han deltar dermed ikke p\u00e5 15 km, blir nummer 19 p\u00e5 tremila, bryter p\u00e5 femmila og deltar ikke p\u00e5 stafettlaget.<\/p>\n<p class=\"p5\">Vinter-OL i Lake Placid gir heller ingen individuelle pallplasser. Oddvar ble syk like f\u00f8r avreise til USA. Lungekapasiteten var ikke god. Det var som utgjort. Han gikk likevel alle distanser. Det ble niendeplass p\u00e5 15 km, tolvteplass p\u00e5 tremila, sjuendeplass p\u00e5 femmila og s\u00f8lv p\u00e5 stafetten. Vinter-OL i Sarajevo ble riktig ille. Han hadde hoven hals og vekttap p\u00e5 4-5 kilo. Legene trodde det var infeksjon og gav antibiotika. Han deltok p\u00e5 tremila og ble nummer 32. F\u00f8r stafetten hadde han et testl\u00f8p for \u00e5 se om han var god nok til \u00e5 delta p\u00e5 laget, men det var han ikke. Legene trodde det kunne v\u00e6re noe med hjertet. Han ble sendt hjem og fikk diagnosen astma som en av de f\u00f8rste idrettsut\u00f8verne med denne sykdommen.<\/p>\n<p class=\"p5\">En ny sjanse kom med vinter-OL i Calgary 1988. Astmamedisin hadde god effekt, og det ble fjerdeplass p\u00e5 15 km, en individuell plassering som blir st\u00e5ende som hans beste i de vinterolympiske leker; ikke \u00e5 forglemme to s\u00f8lvmedaljer i stafett.<\/p>\n<h3 class=\"p4\"><span class=\"s1\">Afterski tilv\u00e6relse<\/span><\/h3>\n<figure id=\"attachment_9691\" aria-describedby=\"caption-attachment-9691\" style=\"width: 500px\" class=\"wp-caption alignright\"><img loading=\"lazy\" decoding=\"async\" class=\"size-full wp-image-9691\" src=\"https:\/\/kondis.mittmagasin.online\/wp-content\/uploads\/2024\/01\/k2401-Nina-og-Oddvar.jpg\" alt=\"\" width=\"500\" height=\"668\" srcset=\"https:\/\/kondis.mittmagasin.online\/wp-content\/uploads\/2024\/01\/k2401-Nina-og-Oddvar.jpg 500w, https:\/\/kondis.mittmagasin.online\/wp-content\/uploads\/2024\/01\/k2401-Nina-og-Oddvar-225x300.jpg 225w\" sizes=\"auto, (max-width: 500px) 100vw, 500px\" \/><figcaption id=\"caption-attachment-9691\" class=\"wp-caption-text\"><strong>Ut p\u00e5 tur:<\/strong> Nina og Oddvar p\u00e5 Gaustatoppen sommeren 2022 (Foto privat)<\/figcaption><\/figure>\n<p class=\"p2\">Br\u00e5 begynte \u00e5 jobbe som trener p\u00e5 slutten av 1980-tallet, mens han fortsatt var aktiv, og han fortsatte med det i ulike settinger etter at han la opp p\u00e5 f\u00f8rti\u00e5rsdagen med femmila i Holmenkollen til stor jubel fra publikum. Han var ansatt i Olympiatoppen og jobbet ogs\u00e5 i lengre perioder for utstyrsleverand\u00f8rer, bl.a. Adidas.<\/p>\n<p class=\"p5\">P\u00e5 slutten av 1980-tallet og frem til vinter-OL p\u00e5 Lillehammer jobbet b\u00e5de Oddvar Br\u00e5 og Lars Erik Eriksen i prosjektet Team postgiro i Sponsor Service.<\/p>\n<p class=\"p5\">\u2013 Det var et privat lag for langrennsl\u00f8pere som var p\u00e5 tur opp i eller p\u00e5 tur ut av landslaget. Spesielt viktig tror jeg det var at vi la til rette for m\u00f8dre med sm\u00e5 barn. Bl. a. Anita Moen tilh\u00f8rte dette laget mens hun var ut\u00f8ver p\u00e5 toppniv\u00e5, forklarer Oddvar.<\/p>\n<p class=\"p5\">I dag er Oddvar Br\u00e5 ambassad\u00f8r for Id\u00e9 House of Brands (produktmedia), og han er med i nettfirmaet Gullsport som tilbyr ski og rulleski m.m.<\/p>\n<h3 class=\"p4\"><span class=\"s1\">Barndomshjemmet selges<\/span><\/h3>\n<p class=\"p2\">Barndomshjemmet til Oddvar Br\u00e5 p\u00e5 H\u00f8londa er lagt ut for salg.<\/p>\n<p class=\"p5\">\u2013 Jeg h\u00e5per \u00e5 finne kj\u00f8pere som \u00f8nsker \u00e5 bosette seg p\u00e5 landet. Det er ellers ikke langt til tettstedene Orkanger eller St\u00f8ren, 35 minutter med bil, og til Trondheim kan man komme seg p\u00e5 50 minutter.<\/p>\n<p class=\"p5\">\u2013 Deler av premiesamling og skistall som har v\u00e6rt oppbevart p\u00e5 g\u00e5rden, skal flyttes til Norsk radio- og fjernsynsmuseum i Selbu. Selbyggen Jan Erik Steen fikk Fylkeskulturprisen i fjor for \u00e5 samle og dokumentere norsk radio- og fjernsynshistorie. Den brekte staven har allerede havnet p\u00e5 Skimuseet i Holmenkollen.<\/p>\n<p class=\"p5\">I dag bor Oddvar Br\u00e5 p\u00e5 By\u00e5sen i Trondheim og bruker flittig Bymarkas skil\u00f8yper. Han har to d\u00f8tre og to barnebarn som ogs\u00e5 bor i Trondheim; s\u00f8nnen bor i Oslo. Det blir ellers mange bilturer til Kristiansand der kj\u00e6resten gjennom 13 \u00e5r, Nina Sunn\u00e5s, bor og der hun har sin familie og barnebarn.<\/p>\n\n\n<hr class=\"wp-block-separator has-alpha-channel-opacity\"\/>\n\n\n<figure id=\"attachment_9692\" aria-describedby=\"caption-attachment-9692\" style=\"width: 235px\" class=\"wp-caption alignright\"><img loading=\"lazy\" decoding=\"async\" class=\"wp-image-9692 size-medium\" src=\"https:\/\/kondis.mittmagasin.online\/wp-content\/uploads\/2024\/01\/k2401-Oddvar-Bra-2006-foto-Runar-Gilberg_IMG_0113-235x300.jpg\" alt=\"\" width=\"235\" height=\"300\" srcset=\"https:\/\/kondis.mittmagasin.online\/wp-content\/uploads\/2024\/01\/k2401-Oddvar-Bra-2006-foto-Runar-Gilberg_IMG_0113-235x300.jpg 235w, https:\/\/kondis.mittmagasin.online\/wp-content\/uploads\/2024\/01\/k2401-Oddvar-Bra-2006-foto-Runar-Gilberg_IMG_0113.jpg 500w\" sizes=\"auto, (max-width: 235px) 100vw, 235px\" \/><figcaption id=\"caption-attachment-9692\" class=\"wp-caption-text\">Foto: Runar Gilberg<\/figcaption><\/figure>\n<h2 class=\"p1\">Oddvar Br\u00e5<\/h2>\n<p class=\"p4\"><strong>F\u00f8dt:<\/strong> 16. mars 1951<br \/><strong>Yrke:<\/strong> Langrennsl\u00f8per<br \/><strong>Idrett:<\/strong> Langrenn og terrengl\u00f8p<br \/><strong>Klubb:<\/strong> IL Leik<br \/><strong>Meritter:<\/strong><br \/>3 ganger vinner av World Cup (den gang kalt \u00abWorld ranking\u00bb) 1972\/73, 1974\/75 og 1978\/79<br \/>Ski-VM 1974 (Falun) bronse stafett<br \/>Ski-VM 1978 (Lahtis) bronse stafett<br \/>Vinter-OL 1972 (Sapporo) s\u00f8lv stafett<br \/>Vinter-OL 1980 (Lake Placid) s\u00f8lv stafett<br \/>Ski-VM 1982 (Oslo) gull p\u00e5 15 km (datidens raskeste) og gull p\u00e5 stafetten<br \/>5 seiere i Lahtisspelen og Lahtismedaljen i 1975 (tildeles for to seiere)<br \/>4 seiere i Holmenkollrennene<br \/>3 seiere i Svenska Skidspelen<br \/>3 nasjonale gull i junior<br \/>19 nasjonale gull (inkludert 3 fra junior-NM) og 5 kongepokaler i langrenn<br \/>NM i terrengl\u00f8p gull i 1984<br \/>NM i terrengl\u00f8p s\u00f8lv i 1991<br \/>+ 5 bronse<br \/><strong>Personlige rekorder i friidrett:<\/strong><br \/>3000 m: 8.17,35<br \/>5000 m: 14.09,70<br \/>10 000 m: 29.33,5<br \/>Halvmaraton: 1.06,22<br \/>Maraton: 2.26.47<br \/><strong>Utmerkelser:<\/strong><br \/>Morgenbladets (n\u00e5 Aftenposten) gullmedalje 1973<br \/>Holmenkollmedaljen 1975<br \/>Olavsstatuetten 1975<br \/>S\u00f8r-Tr\u00f8ndelag fylkes kulturpris 1981<br \/>Egebergs \u00c6respris 1987<br \/>Trysil Knut Prisen 2019 (for \u00e5 leve opp til Trysil Knuts idealer som et nasjonalt symbol p\u00e5 mot og evne til \u00e5 takle utfordringer)<\/p>\n\n\n<hr class=\"wp-block-separator has-alpha-channel-opacity\"\/>\n\n\n<h2 class=\"p1\">Lars Erik Eriksen om Oddvar<\/h2>\n<figure id=\"attachment_9696\" aria-describedby=\"caption-attachment-9696\" style=\"width: 500px\" class=\"wp-caption alignright\"><img loading=\"lazy\" decoding=\"async\" class=\"size-full wp-image-9696\" src=\"https:\/\/kondis.mittmagasin.online\/wp-content\/uploads\/2024\/01\/Kulassprinten_Sarpsborg_2016_KD_46327_Foto_Bjorn_Johannessen.jpg\" alt=\"\" width=\"500\" height=\"503\" srcset=\"https:\/\/kondis.mittmagasin.online\/wp-content\/uploads\/2024\/01\/Kulassprinten_Sarpsborg_2016_KD_46327_Foto_Bjorn_Johannessen.jpg 500w, https:\/\/kondis.mittmagasin.online\/wp-content\/uploads\/2024\/01\/Kulassprinten_Sarpsborg_2016_KD_46327_Foto_Bjorn_Johannessen-298x300.jpg 298w, https:\/\/kondis.mittmagasin.online\/wp-content\/uploads\/2024\/01\/Kulassprinten_Sarpsborg_2016_KD_46327_Foto_Bjorn_Johannessen-150x150.jpg 150w\" sizes=\"auto, (max-width: 500px) 100vw, 500px\" \/><figcaption id=\"caption-attachment-9696\" class=\"wp-caption-text\"><strong>Landslagskollega:<\/strong> Lars Erik Eriksen var sammen med Oddvar blant Norges beste skil\u00f8pere p\u00e5 1980-tallet. Her er han mange \u00e5r senere under et oppvisningsrenn i Sarpsborg i 2016. Thomas Wassberg i bakgrunnen. (Foto: Bj\u00f8rn Johannessen)<\/figcaption><\/figure>\n<p class=\"p2\">Lars Erik Eriksen og Oddvar Br\u00e5 var blant Norges beste skil\u00f8pere p\u00e5 1980-tallet og under ski-VM i Oslo i 1982 gjorde de seg sterkt gjeldende. I tillegg til VM-gullet p\u00e5 stafetten tok Eriksen s\u00f8lv p\u00e5 30 km og bronse p\u00e5 50 km mens Br\u00e5 kunne legge til gull p\u00e5 15 km.<\/p>\n<p class=\"p3\">\u2013 Jeg gikk f\u00f8rst ut p\u00e5 stafetten og f\u00f8lte et stort ansvar for \u00e5 gi laget en god start. Det er alltid spenning med stafett; usikkerhet p\u00e5 om formen er god nok, stavbrekk og fall. Jeg vekslet likt med Thomas Wassberg og fikk sendt Ove Aunli ut p\u00e5 andreetappen der han tok ledelsen. S\u00e5 falt P\u00e5l Gunnar Mikkelsplass i bakken ned Styggedalen, og russiske Aleksandr Zavjalov fikk et forsprang p\u00e5 Oddvar Br\u00e5 p\u00e5 sluttetappen. Det g\u00e5r greit tenkte vi, Oddvar er spurtsterk og i god form, men han hadde ikke s\u00e5 god glid og m\u00e5tte bruke krefter i oppoverbakkene. Vi var forberedt p\u00e5 at det kunne bli et oppgj\u00f8r p\u00e5 slutten og det var plassert ut folk med reservestaver, men de sto ikke der stavbrekket skjedde. Det gjorde derimot skitrener Terje Bogen, som raskt fikk gitt Oddvar en ny stav. Det endte med d\u00f8dt l\u00f8p og gull b\u00e5de til Sovjetunionen og Norge. Det var en nervepirrende stafett der det ogs\u00e5 ble delt bronsemedalje mellom Finland og \u00d8st-Tyskland. Det var ikke s\u00e5 enkelt den gangen \u00e5 avgj\u00f8re m\u00e5lpasseringen p\u00e5 millimeteren som det er i dag.<\/p>\n<p class=\"p3\">Oddvar Br\u00e5 var en seri\u00f8s ut\u00f8ver; han sparte seg sjelden. Og s\u00e5 var han en hyggelig kar \u00e5 v\u00e6re sammen med. Alle hadde respekt for Oddvar. Han satte standarden som vi m\u00e5lte oss mot. Oddvar var ogs\u00e5 en habil terrengl\u00f8per. Han vant NM-gull i terrengl\u00f8p i 1984 og mottok Egebergs \u00c6respris for allsidig idrett i 1987. Jeg deltok ogs\u00e5 i terrengl\u00f8p, men n\u00e5dde ikke opp p\u00e5 hans niv\u00e5.<\/p>\n\n\n<hr class=\"wp-block-separator has-alpha-channel-opacity\"\/>\n\n\n<h2 class=\"p1\">Bodil Br\u00e5 Alsvik om Oddvar<\/h2>\n<figure id=\"attachment_9697\" aria-describedby=\"caption-attachment-9697\" style=\"width: 500px\" class=\"wp-caption alignright\"><img loading=\"lazy\" decoding=\"async\" class=\"size-full wp-image-9697\" src=\"https:\/\/kondis.mittmagasin.online\/wp-content\/uploads\/2024\/01\/Visepresident_Bodil_Bra_Alsvik_KD_45628_Foto_Marianne_Rohme.jpg\" alt=\"\" width=\"500\" height=\"545\" srcset=\"https:\/\/kondis.mittmagasin.online\/wp-content\/uploads\/2024\/01\/Visepresident_Bodil_Bra_Alsvik_KD_45628_Foto_Marianne_Rohme.jpg 500w, https:\/\/kondis.mittmagasin.online\/wp-content\/uploads\/2024\/01\/Visepresident_Bodil_Bra_Alsvik_KD_45628_Foto_Marianne_Rohme-275x300.jpg 275w\" sizes=\"auto, (max-width: 500px) 100vw, 500px\" \/><figcaption id=\"caption-attachment-9697\" class=\"wp-caption-text\">(Foto: Foto: Marianne R\u00f8hme)<\/figcaption><\/figure>\n<p class=\"p2\">Bodil Br\u00e5 Alsvik er assisterende kommunedirekt\u00f8r i Midtre Gauldal kommune og visepresident i styret i Kondis. Hun l\u00f8per maraton og har v\u00e6rt en ihuga mosjonist i skil\u00f8ypa, med ikke mindre enn 14 internasjonale langl\u00f8p (worldlopp). Skiteknikk har hun bl.a. l\u00e6rt av Oddvar Br\u00e5. Hun gikk American Birkebeiner (54 km klassisk) i USA i 2010 p\u00e5 tiden 3.43.15 og ble nummer 4 av 41 deltakere i aldersklasse W50-54.<\/p>\n<p class=\"p3\">\u2013 Jeg gikk p\u00e5 et kombinert sm\u00f8re- og skiteknikk-kurs i regi av Sportsbua i Trondheim. Det foregikk i Gran\u00e5sen. Sm\u00f8rekurset var i hovedsak teoretisk; etterp\u00e5 ble vi delt inn i grupper for \u00e5 praktisere skiteknikk. Jeg kom meg med p\u00e5 gruppa der Oddvar Br\u00e5 var instrukt\u00f8r \u2013 og det var jo stas.<\/p>\n<p class=\"p3\">Skikurset var veldig bra! Trenerne demonstrerte ulike teknikker, f.eks. taktomslaget fra flatt til stigning, effektiv skrittlengde i motbakke, tyngdeoverf\u00f8ring til h\u00e6lene n\u00e5r du sitter i hockey p\u00e5 skiene for \u00e5 f\u00e5 god glid og hvordan holde stavene n\u00e5r du staker. S\u00e5 fikk vi praktisere en og en mens trenerne observerte og kom med individuell veiledning.<\/p>\n<p class=\"p3\">Oddvar instruerte med en naturlig autoritet, det falt ingen av oss inn \u00e5 komme med motforestillinger. Veiledningen gikk b\u00e5de p\u00e5 det vi gjorde feil og det som ble riktig. Kurset var l\u00e6rerikt og motiverende, og Oddvar var en utmerket pedagog og ogs\u00e5 lett \u00e5 snakke med.<\/p>\n<p class=\"p3\">For meg var det \u00e5 l\u00e6re skiteknikk uvurderlig for \u00e5 kunne bruke kreftene riktig ved lange l\u00f8p. Resultatene ble bedre og ikke minst skigleden.<\/p>","protected":false},"excerpt":{"rendered":"<p>Oddvar Br\u00e5 var en av Norges ledende langrennsl\u00f8pere p\u00e5 1970- og -80-tallet, og thrilleren med stavbrekket under VM-stafetten i Oslo i 1982 har f\u00e5tt en egen ikonisk status i norsk skihistorie. <\/p>\n","protected":false},"author":10,"featured_media":9685,"comment_status":"closed","ping_status":"open","sticky":false,"template":"","format":"standard","meta":{"_acf_changed":false,"footnotes":""},"categories":[118,117],"tags":[],"post_flags":[],"class_list":["post-9684","post","type-post","status-publish","format-standard","has-post-thumbnail","hentry","category-kondis-1-2024","category-utgaver-2024"],"acf":[],"_links":{"self":[{"href":"https:\/\/kondis.mittmagasin.online\/index.php?rest_route=\/wp\/v2\/posts\/9684","targetHints":{"allow":["GET"]}}],"collection":[{"href":"https:\/\/kondis.mittmagasin.online\/index.php?rest_route=\/wp\/v2\/posts"}],"about":[{"href":"https:\/\/kondis.mittmagasin.online\/index.php?rest_route=\/wp\/v2\/types\/post"}],"author":[{"embeddable":true,"href":"https:\/\/kondis.mittmagasin.online\/index.php?rest_route=\/wp\/v2\/users\/10"}],"replies":[{"embeddable":true,"href":"https:\/\/kondis.mittmagasin.online\/index.php?rest_route=%2Fwp%2Fv2%2Fcomments&post=9684"}],"version-history":[{"count":9,"href":"https:\/\/kondis.mittmagasin.online\/index.php?rest_route=\/wp\/v2\/posts\/9684\/revisions"}],"predecessor-version":[{"id":9875,"href":"https:\/\/kondis.mittmagasin.online\/index.php?rest_route=\/wp\/v2\/posts\/9684\/revisions\/9875"}],"wp:featuredmedia":[{"embeddable":true,"href":"https:\/\/kondis.mittmagasin.online\/index.php?rest_route=\/wp\/v2\/media\/9685"}],"wp:attachment":[{"href":"https:\/\/kondis.mittmagasin.online\/index.php?rest_route=%2Fwp%2Fv2%2Fmedia&parent=9684"}],"wp:term":[{"taxonomy":"category","embeddable":true,"href":"https:\/\/kondis.mittmagasin.online\/index.php?rest_route=%2Fwp%2Fv2%2Fcategories&post=9684"},{"taxonomy":"post_tag","embeddable":true,"href":"https:\/\/kondis.mittmagasin.online\/index.php?rest_route=%2Fwp%2Fv2%2Ftags&post=9684"},{"taxonomy":"post_flag","embeddable":true,"href":"https:\/\/kondis.mittmagasin.online\/index.php?rest_route=%2Fwp%2Fv2%2Fpost_flags&post=9684"}],"curies":[{"name":"wp","href":"https:\/\/api.w.org\/{rel}","templated":true}]}}