{"id":9614,"date":"2024-01-31T09:27:06","date_gmt":"2024-01-31T09:27:06","guid":{"rendered":"https:\/\/kondis.mittmagasin.online\/?p=9614"},"modified":"2024-02-01T13:59:35","modified_gmt":"2024-02-01T13:59:35","slug":"vant-hovedgevinsten","status":"publish","type":"post","link":"https:\/\/kondis.mittmagasin.online\/?p=9614","title":{"rendered":"Laura Kristine Helland vant hovedgevinsten i kontingentlotteriet"},"content":{"rendered":"<figure id=\"attachment_9616\" aria-describedby=\"caption-attachment-9616\" style=\"width: 500px\" class=\"wp-caption alignright\"><img loading=\"lazy\" decoding=\"async\" class=\"wp-image-9616 size-full\" src=\"https:\/\/kondis.mittmagasin.online\/wp-content\/uploads\/2024\/01\/Kondisgjengen_pa_intervalltrening_i_Portugal_KD_100000_Foto_Marianne_Rohme.jpg\" alt=\"\" width=\"500\" height=\"279\" srcset=\"https:\/\/kondis.mittmagasin.online\/wp-content\/uploads\/2024\/01\/Kondisgjengen_pa_intervalltrening_i_Portugal_KD_100000_Foto_Marianne_Rohme.jpg 500w, https:\/\/kondis.mittmagasin.online\/wp-content\/uploads\/2024\/01\/Kondisgjengen_pa_intervalltrening_i_Portugal_KD_100000_Foto_Marianne_Rohme-300x167.jpg 300w\" sizes=\"auto, (max-width: 500px) 100vw, 500px\" \/><figcaption id=\"caption-attachment-9616\" class=\"wp-caption-text\"><strong>Niv\u00e5tilpasset:<\/strong> Treningene i Portugal er niv\u00e5tilpasset slik at de passer b\u00e5de for erfarne og uerfarne l\u00f8pere, og unge og gamle deltakere. Her et gruppebilde tatt etter en god intervall\u00f8kt i pinjeskogen. (Foto: Marianne R\u00f8hme)<\/figcaption><\/figure>\n<p class=\"p2\">Laura ble sv\u00e6rt glad da hun ble oppringt med beskjed om at hun hadde vunnet et opphold p\u00e5 treningsleir i kontingentlotteriet.<\/p>\n<p class=\"p3\">\u2013 Jeg har lest om turen tidligere, men tenkte det var bare noe jeg kunne dr\u00f8mme om. Dette er jo virkelig en dr\u00f8mmeferie, ler hun p\u00e5 telefonlinje fra Vestlandet.<\/p>\n<p class=\"p3\">Etter \u00e5 ha tenkt seg litt om, og sett at kabalen p\u00e5 hjemmebane kan g\u00e5 opp, har hun og mannen bestemt seg for \u00e5 reise begge to.<\/p>\n<p class=\"p3\">\u2013 For oss passer det best \u00e5 v\u00e6re med p\u00e5 Kondisuka 5.-12. oktober. Vi gleder oss allerede til mye bra trening i varmere str\u00f8k, sier hun.<\/p>\n<h3 class=\"p5\"><span class=\"s1\">Dette er premien<\/span><\/h3>\n<figure id=\"attachment_9617\" aria-describedby=\"caption-attachment-9617\" style=\"width: 300px\" class=\"wp-caption alignright\"><img loading=\"lazy\" decoding=\"async\" class=\"size-medium wp-image-9617\" src=\"https:\/\/kondis.mittmagasin.online\/wp-content\/uploads\/2024\/01\/Sol_Haugen_var_trener_pa_Kondisuka_i_Portugal_KD_100000_Foto_Marianne_Rohme-300x278.jpg\" alt=\"\" width=\"300\" height=\"278\" srcset=\"https:\/\/kondis.mittmagasin.online\/wp-content\/uploads\/2024\/01\/Sol_Haugen_var_trener_pa_Kondisuka_i_Portugal_KD_100000_Foto_Marianne_Rohme-300x278.jpg 300w, https:\/\/kondis.mittmagasin.online\/wp-content\/uploads\/2024\/01\/Sol_Haugen_var_trener_pa_Kondisuka_i_Portugal_KD_100000_Foto_Marianne_Rohme.jpg 500w\" sizes=\"auto, (max-width: 300px) 100vw, 300px\" \/><figcaption id=\"caption-attachment-9617\" class=\"wp-caption-text\"><strong>Ansvarlig:<\/strong> Sol Haugen er ansvarlig for l\u00f8petreningene i Portugal i perioden 5.-12. oktober, og \u00f8nsker b\u00e5de gamle og nye deltakere velkommen. (Foto: Marianne R\u00f8hme)<\/figcaption><\/figure>\n<p class=\"p2\">Laura har vunnet en uke p\u00e5 treningsleir p\u00e5 en av Kondisukene med Springtime i Monte Gordo i Portugal. I \u00e5r har Kondis en uke i mars, og to uker i oktober. Den ene er den Laura valgte, som er en uke med norske l\u00f8petrenere fra Kondistreninga i tillegg til en rekke svenske trenere innen ulike former for sal\u00f8kter som yoga, pilates, kettlebells, dans og s\u00e5 videre.<\/p>\n<p class=\"p3\">Den andre Kondisuka i oktober er 12.-19. oktober. Denne uka er l\u00f8petrenerne fra Team Stockholm Marathon.<\/p>\n<p class=\"p3\">Vinneren har dekt flyreise tur\/retur Gardermoen\/Faro og dekt busstransport tur\/retur hotellet samt overnatting i delt dobbeltrom p\u00e5 Hotell Dunamar med halvpensjon.<\/p>\n<p class=\"p3\">Vinneren og de som er med p\u00e5 disse reisene, f\u00e5r tilbud om mye god trening gjennom hele dagen. Vi starter med l\u00f8pe- eller g\u00e5tur p\u00e5 stranda f\u00f8r frokost. Alternativt kan du starte dagen med avslappende morgenyoga.<\/p>\n<figure id=\"attachment_9618\" aria-describedby=\"caption-attachment-9618\" style=\"width: 193px\" class=\"wp-caption alignright\"><img loading=\"lazy\" decoding=\"async\" class=\"size-medium wp-image-9618\" src=\"https:\/\/kondis.mittmagasin.online\/wp-content\/uploads\/2024\/01\/Screenshot_20240117_115902_Gallery-193x300.jpg\" alt=\"\" width=\"193\" height=\"300\" srcset=\"https:\/\/kondis.mittmagasin.online\/wp-content\/uploads\/2024\/01\/Screenshot_20240117_115902_Gallery-193x300.jpg 193w, https:\/\/kondis.mittmagasin.online\/wp-content\/uploads\/2024\/01\/Screenshot_20240117_115902_Gallery.jpg 500w\" sizes=\"auto, (max-width: 193px) 100vw, 193px\" \/><figcaption id=\"caption-attachment-9618\" class=\"wp-caption-text\"><strong>Aktiv:<\/strong> Laura Kristine Helland liker aktive ferier. Her fra Preikestolen. (Foto: Robert Helland)<\/figcaption><\/figure>\n<p class=\"p3\">Etter frokost er det tilbud om en rekke gruppetreninger som yoga, dans og ulike former for styrketrening.<\/p>\n<p class=\"p3\">Hver ettermiddag er det l\u00f8petrening i pinjeskogene rundt hotellet. Her blir det b\u00e5de teknikktrening og ulike former for intervaller. Det tilbys ogs\u00e5 rolige langturer b\u00e5de rundt Monte Gordo og p\u00e5 utflukt til et annet omr\u00e5de. P\u00e5 denne turen settes det opp gratis busser som skal frakte oss tur-retur.<\/p>\n<h3 class=\"p5\"><span class=\"s1\">Mange flere premier<\/span><\/h3>\n<p class=\"p2\">Totalt var det 35 premier i \u00e5rets kontingentlotteri fra 12 forskjellige givere.<\/p>\n<p class=\"p3\">Her kunne deltakerne vinne b\u00e5de l\u00f8pesko, gavekort, treningst\u00f8y og utstyr. Tusen takk til giverne for alle de flotte premiene vi fikk inn til lotteriet!<\/p>\n<p class=\"p3\">Vi i Kondis setter utrolig stor pris p\u00e5 hver og en som er medlem hos oss, og at s\u00e5 mange betaler kontingenten i tide. Med deres hjelp kan vi drive organisasjonen videre og fortsette \u00e5 spre treningsglede og kunnskap om trening, og motivere folk til fysisk aktivitet.<\/p>\n\n\n<hr class=\"wp-block-separator has-alpha-channel-opacity\"\/>\n\n\n<h2 class=\"p1\">Dette er en oversikt over alle premiene, giverne og de heldige vinnerne i Kondis sitt kontingentlotteri for 2024.<\/h2>\n\n\n<figure class=\"wp-block-image size-full\"><img loading=\"lazy\" decoding=\"async\" width=\"800\" height=\"800\" src=\"https:\/\/kondis.mittmagasin.online\/wp-content\/uploads\/2024\/01\/vinnere-tabell.jpg\" alt=\"\" class=\"wp-image-9622\" srcset=\"https:\/\/kondis.mittmagasin.online\/wp-content\/uploads\/2024\/01\/vinnere-tabell.jpg 800w, https:\/\/kondis.mittmagasin.online\/wp-content\/uploads\/2024\/01\/vinnere-tabell-300x300.jpg 300w, https:\/\/kondis.mittmagasin.online\/wp-content\/uploads\/2024\/01\/vinnere-tabell-150x150.jpg 150w, https:\/\/kondis.mittmagasin.online\/wp-content\/uploads\/2024\/01\/vinnere-tabell-768x768.jpg 768w\" sizes=\"auto, (max-width: 800px) 100vw, 800px\" \/><\/figure>\n\n\n\n<hr class=\"wp-block-separator has-alpha-channel-opacity\"\/>\n\n\n<h2 class=\"p1\">Flere premier fra gode samarbeidspartnere<\/h2>\n\n\n<div class=\"wp-block-media-text is-stacked-on-mobile\" style=\"grid-template-columns:27% auto\"><figure class=\"wp-block-media-text__media\"><img loading=\"lazy\" decoding=\"async\" width=\"500\" height=\"506\" src=\"https:\/\/kondis.mittmagasin.online\/wp-content\/uploads\/2024\/01\/Polar-Pacer-frontright-Cloud-White-Watchface-digital-color.jpg\" alt=\"\" class=\"wp-image-9626 size-full\" srcset=\"https:\/\/kondis.mittmagasin.online\/wp-content\/uploads\/2024\/01\/Polar-Pacer-frontright-Cloud-White-Watchface-digital-color.jpg 500w, https:\/\/kondis.mittmagasin.online\/wp-content\/uploads\/2024\/01\/Polar-Pacer-frontright-Cloud-White-Watchface-digital-color-296x300.jpg 296w\" sizes=\"auto, (max-width: 500px) 100vw, 500px\" \/><\/figure><div class=\"wp-block-media-text__content\">\n<p><strong>Treningsklokke:<\/strong> Fra Polar har vi f\u00e5tt en Polar Pacer som ble vunnet av Kurt Tryaire Haugen. (Foto: Polar)<\/p>\n<\/div><\/div>\n\n\n\n<hr class=\"wp-block-separator has-alpha-channel-opacity\"\/>\n\n\n\n<div class=\"wp-block-media-text has-media-on-the-right is-stacked-on-mobile\" style=\"grid-template-columns:auto 27%\"><div class=\"wp-block-media-text__content\">\n<p><strong>Vinterjakke: <\/strong>Denne Hudson vinterjakka med Team Kondis-logo ble gitt av Profilsport, som drifter Kondis sin profilbutikk teamkondis.no. Jakka ble vunnet av Arne Dingstad Rong. (Foto: Profilsport)<\/p>\n<\/div><figure class=\"wp-block-media-text__media\"><img loading=\"lazy\" decoding=\"async\" width=\"500\" height=\"664\" src=\"https:\/\/kondis.mittmagasin.online\/wp-content\/uploads\/2024\/01\/hudson-jakke-dame-foran-riktig-scaled-1.jpg\" alt=\"\" class=\"wp-image-9630 size-full\" srcset=\"https:\/\/kondis.mittmagasin.online\/wp-content\/uploads\/2024\/01\/hudson-jakke-dame-foran-riktig-scaled-1.jpg 500w, https:\/\/kondis.mittmagasin.online\/wp-content\/uploads\/2024\/01\/hudson-jakke-dame-foran-riktig-scaled-1-226x300.jpg 226w\" sizes=\"auto, (max-width: 500px) 100vw, 500px\" \/><\/figure><\/div>\n\n\n\n<hr class=\"wp-block-separator has-alpha-channel-opacity\"\/>\n\n\n\n<div class=\"wp-block-media-text is-stacked-on-mobile\" style=\"grid-template-columns:48% auto\"><figure class=\"wp-block-media-text__media\"><img loading=\"lazy\" decoding=\"async\" width=\"500\" height=\"369\" src=\"https:\/\/kondis.mittmagasin.online\/wp-content\/uploads\/2024\/01\/SJ2GA270209_FNT.jpg\" alt=\"\" class=\"wp-image-9634 size-full\" srcset=\"https:\/\/kondis.mittmagasin.online\/wp-content\/uploads\/2024\/01\/SJ2GA270209_FNT.jpg 500w, https:\/\/kondis.mittmagasin.online\/wp-content\/uploads\/2024\/01\/SJ2GA270209_FNT-300x221.jpg 300w\" sizes=\"auto, (max-width: 500px) 100vw, 500px\" \/><\/figure><div class=\"wp-block-media-text__content\">\n<p><strong>Sett:<\/strong> Fra Mizuno har vi f\u00e5tt to slike sett med T-skjorte og shorts som ble vunnet av Ottar R\u00f8ed og Fredrik Sandal. (Foto: Mizuno)<\/p>\n<\/div><\/div>\n\n\n\n<hr class=\"wp-block-separator has-alpha-channel-opacity\"\/>\n\n\n\n<div class=\"wp-block-media-text has-media-on-the-right is-stacked-on-mobile\" style=\"grid-template-columns:auto 38%\"><div class=\"wp-block-media-text__content\">\n<p><strong>L\u00f8petights:<\/strong> Fra Pressio og Smart4u har vi f\u00e5tt denne Pressio Thermal Tightsen. Den ble vunnet av Bendik St\u00f8a-Aanensen. (Foto: Pressio)<\/p>\n<\/div><figure class=\"wp-block-media-text__media\"><img loading=\"lazy\" decoding=\"async\" width=\"500\" height=\"457\" src=\"https:\/\/kondis.mittmagasin.online\/wp-content\/uploads\/2024\/01\/Pressio-Thermal-HI-Rise-Tights-dame-.jpg\" alt=\"\" class=\"wp-image-9638 size-full\" srcset=\"https:\/\/kondis.mittmagasin.online\/wp-content\/uploads\/2024\/01\/Pressio-Thermal-HI-Rise-Tights-dame-.jpg 500w, https:\/\/kondis.mittmagasin.online\/wp-content\/uploads\/2024\/01\/Pressio-Thermal-HI-Rise-Tights-dame--300x274.jpg 300w\" sizes=\"auto, (max-width: 500px) 100vw, 500px\" \/><\/figure><\/div>\n\n\n\n<hr class=\"wp-block-separator has-alpha-channel-opacity\"\/>\n\n\n\n<div class=\"wp-block-media-text is-stacked-on-mobile\" style=\"grid-template-columns:43% auto\"><figure class=\"wp-block-media-text__media\"><img loading=\"lazy\" decoding=\"async\" width=\"500\" height=\"386\" src=\"https:\/\/kondis.mittmagasin.online\/wp-content\/uploads\/2024\/01\/stretch-board.jpg\" alt=\"\" class=\"wp-image-9642 size-full\" srcset=\"https:\/\/kondis.mittmagasin.online\/wp-content\/uploads\/2024\/01\/stretch-board.jpg 500w, https:\/\/kondis.mittmagasin.online\/wp-content\/uploads\/2024\/01\/stretch-board-300x232.jpg 300w\" sizes=\"auto, (max-width: 500px) 100vw, 500px\" \/><\/figure><div class=\"wp-block-media-text__content\">\n<p><strong>T\u00f8yehjelp:<\/strong> Det var Alexander Sem Borrmann som vant dette t\u00f8yebrettet fra Sportsmaster. (Foto: Sportsmaster)<\/p>\n<\/div><\/div>\n\n\n\n<hr class=\"wp-block-separator has-alpha-channel-opacity\"\/>\n\n\n\n<div class=\"wp-block-media-text has-media-on-the-right is-stacked-on-mobile\" style=\"grid-template-columns:auto 49%\"><div class=\"wp-block-media-text__content\">\n<p><strong>Medaljehenger:<\/strong> Erik Reistad vant denne medaljehengeren fra L\u00f8peskj\u00f8rt\/L\u00f8pemannen. (Foto: L\u00f8peskj\u00f8rt)<\/p>\n<\/div><figure class=\"wp-block-media-text__media\"><img loading=\"lazy\" decoding=\"async\" width=\"500\" height=\"208\" src=\"https:\/\/kondis.mittmagasin.online\/wp-content\/uploads\/2024\/01\/w1200h500.jpg\" alt=\"\" class=\"wp-image-9646 size-full\" srcset=\"https:\/\/kondis.mittmagasin.online\/wp-content\/uploads\/2024\/01\/w1200h500.jpg 500w, https:\/\/kondis.mittmagasin.online\/wp-content\/uploads\/2024\/01\/w1200h500-300x125.jpg 300w\" sizes=\"auto, (max-width: 500px) 100vw, 500px\" \/><\/figure><\/div>\n\n\n\n<hr class=\"wp-block-separator has-alpha-channel-opacity\"\/>\n\n\n\n<div class=\"wp-block-media-text is-stacked-on-mobile\" style=\"grid-template-columns:51% auto\"><figure class=\"wp-block-media-text__media\"><img loading=\"lazy\" decoding=\"async\" width=\"500\" height=\"266\" src=\"https:\/\/kondis.mittmagasin.online\/wp-content\/uploads\/2024\/01\/Saucony_ENDORPHIN_PRO_2_KD_96627.jpg\" alt=\"\" class=\"wp-image-9650 size-full\" srcset=\"https:\/\/kondis.mittmagasin.online\/wp-content\/uploads\/2024\/01\/Saucony_ENDORPHIN_PRO_2_KD_96627.jpg 500w, https:\/\/kondis.mittmagasin.online\/wp-content\/uploads\/2024\/01\/Saucony_ENDORPHIN_PRO_2_KD_96627-300x160.jpg 300w\" sizes=\"auto, (max-width: 500px) 100vw, 500px\" \/><\/figure><div class=\"wp-block-media-text__content\">\n<p><strong>L\u00f8pesko:<\/strong> Saucony bidro med to par l\u00f8pesko til en pris begrenset oppad til 2000 kroner til lotteriet. De heldige vinnerne ble May-Lisbeth Solheim Hansen og Gunnar Solhaug. (Foto: Saucony)<\/p>\n<\/div><\/div>\n\n\n\n<hr class=\"wp-block-separator has-alpha-channel-opacity\"\/>\n\n\n\n<div class=\"wp-block-media-text has-media-on-the-right is-stacked-on-mobile\" style=\"grid-template-columns:auto 49%\"><div class=\"wp-block-media-text__content\">\n<p><strong>Gavekort:<\/strong> L\u00f6plabbet ga oss et gavekort p\u00e5 2000 kroner som kan brukes i deres butikker. Den heldige vinneren ble Odd Hanisch.&nbsp;<\/p>\n<\/div><figure class=\"wp-block-media-text__media\"><img loading=\"lazy\" decoding=\"async\" width=\"500\" height=\"347\" src=\"https:\/\/kondis.mittmagasin.online\/wp-content\/uploads\/2023\/12\/Gavekort_PNG.jpg\" alt=\"\" class=\"wp-image-9195 size-full\" srcset=\"https:\/\/kondis.mittmagasin.online\/wp-content\/uploads\/2023\/12\/Gavekort_PNG.jpg 500w, https:\/\/kondis.mittmagasin.online\/wp-content\/uploads\/2023\/12\/Gavekort_PNG-300x208.jpg 300w\" sizes=\"auto, (max-width: 500px) 100vw, 500px\" \/><\/figure><\/div>\n\n\n\n<hr class=\"wp-block-separator has-alpha-channel-opacity\"\/>\n\n\n\n<div class=\"wp-block-media-text is-stacked-on-mobile\" style=\"grid-template-columns:33% auto\"><figure class=\"wp-block-media-text__media\"><img loading=\"lazy\" decoding=\"async\" width=\"500\" height=\"285\" src=\"https:\/\/kondis.mittmagasin.online\/wp-content\/uploads\/2024\/01\/BULL_LOGO_sort_2013_kopi.jpg\" alt=\"\" class=\"wp-image-9654 size-full\" srcset=\"https:\/\/kondis.mittmagasin.online\/wp-content\/uploads\/2024\/01\/BULL_LOGO_sort_2013_kopi.jpg 500w, https:\/\/kondis.mittmagasin.online\/wp-content\/uploads\/2024\/01\/BULL_LOGO_sort_2013_kopi-300x171.jpg 300w\" sizes=\"auto, (max-width: 500px) 100vw, 500px\" \/><\/figure><div class=\"wp-block-media-text__content\">\n<p><strong>15 premier:<\/strong> Bull ski og kajakk bidro med 15 premier til lotteriet.&nbsp;<\/p>\n<\/div><\/div>\n","protected":false},"excerpt":{"rendered":"<p>Det var Laura Kristine Helland som<br \/>\nvant hovedgevinsten<br \/>\ni kontingentlotteriet. N\u00e5 venter lange sandstrender, flotte l\u00f8peturer og mye annen god trening under treningsleiren med Springtime og Kondis i Monte Gordo i Portugal.<\/p>\n","protected":false},"author":4,"featured_media":9615,"comment_status":"closed","ping_status":"open","sticky":false,"template":"","format":"standard","meta":{"_acf_changed":false,"footnotes":""},"categories":[118,117],"tags":[],"post_flags":[],"class_list":["post-9614","post","type-post","status-publish","format-standard","has-post-thumbnail","hentry","category-kondis-1-2024","category-utgaver-2024"],"acf":[],"_links":{"self":[{"href":"https:\/\/kondis.mittmagasin.online\/index.php?rest_route=\/wp\/v2\/posts\/9614","targetHints":{"allow":["GET"]}}],"collection":[{"href":"https:\/\/kondis.mittmagasin.online\/index.php?rest_route=\/wp\/v2\/posts"}],"about":[{"href":"https:\/\/kondis.mittmagasin.online\/index.php?rest_route=\/wp\/v2\/types\/post"}],"author":[{"embeddable":true,"href":"https:\/\/kondis.mittmagasin.online\/index.php?rest_route=\/wp\/v2\/users\/4"}],"replies":[{"embeddable":true,"href":"https:\/\/kondis.mittmagasin.online\/index.php?rest_route=%2Fwp%2Fv2%2Fcomments&post=9614"}],"version-history":[{"count":26,"href":"https:\/\/kondis.mittmagasin.online\/index.php?rest_route=\/wp\/v2\/posts\/9614\/revisions"}],"predecessor-version":[{"id":9884,"href":"https:\/\/kondis.mittmagasin.online\/index.php?rest_route=\/wp\/v2\/posts\/9614\/revisions\/9884"}],"wp:featuredmedia":[{"embeddable":true,"href":"https:\/\/kondis.mittmagasin.online\/index.php?rest_route=\/wp\/v2\/media\/9615"}],"wp:attachment":[{"href":"https:\/\/kondis.mittmagasin.online\/index.php?rest_route=%2Fwp%2Fv2%2Fmedia&parent=9614"}],"wp:term":[{"taxonomy":"category","embeddable":true,"href":"https:\/\/kondis.mittmagasin.online\/index.php?rest_route=%2Fwp%2Fv2%2Fcategories&post=9614"},{"taxonomy":"post_tag","embeddable":true,"href":"https:\/\/kondis.mittmagasin.online\/index.php?rest_route=%2Fwp%2Fv2%2Ftags&post=9614"},{"taxonomy":"post_flag","embeddable":true,"href":"https:\/\/kondis.mittmagasin.online\/index.php?rest_route=%2Fwp%2Fv2%2Fpost_flags&post=9614"}],"curies":[{"name":"wp","href":"https:\/\/api.w.org\/{rel}","templated":true}]}}