{"id":6714,"date":"2023-03-23T08:43:47","date_gmt":"2023-03-23T08:43:47","guid":{"rendered":"https:\/\/kondis.mittmagasin.online\/?p=6714"},"modified":"2023-03-23T08:49:14","modified_gmt":"2023-03-23T08:49:14","slug":"tindebestiger-og-eventyrer","status":"publish","type":"post","link":"https:\/\/kondis.mittmagasin.online\/?p=6714","title":{"rendered":"Tindebestiger og eventyrer"},"content":{"rendered":"<p class=\"p1\">Kristin Harila har et ambisi\u00f8st prosjekt: \u00e5 bestige alle verdens fjelltopper over 8000 meter p\u00e5 under 6 m\u00e5neder og 6 dager. Disse toppene, 14 i tallet, er i alfabetisk rekkef\u00f8lge: Annapurna (8091), Cho Oyo (8201), Broad Peak (8051), Dhaulagiri (8167), Gasherbrum I (8070), Gasherbrum II, (8035), K2 (8611), Kanchenjunga (8586), Lhotse (8516), Makalu (8463), Manaslu (8156), Mount Everest (8849), Nanga Parbat (8126) og Shishapangma (8013). Fjellene ligger i Nepal, Pakistan og Tibet. De fleste ligger i Himalaya; noen i fjellkjeden Karakorum.<\/p>\n<figure id=\"attachment_6722\" aria-describedby=\"caption-attachment-6722\" style=\"width: 500px\" class=\"wp-caption alignright\"><img loading=\"lazy\" decoding=\"async\" class=\"size-full wp-image-6722\" src=\"https:\/\/kondis.mittmagasin.online\/wp-content\/uploads\/2023\/03\/Kristin-Harila-i-full-mundur-pa-den-tolvte-toppen-Manaslu-22.-september-2022-IMG_4175-1.jpg\" alt=\"\" width=\"500\" height=\"375\" srcset=\"https:\/\/kondis.mittmagasin.online\/wp-content\/uploads\/2023\/03\/Kristin-Harila-i-full-mundur-pa-den-tolvte-toppen-Manaslu-22.-september-2022-IMG_4175-1.jpg 500w, https:\/\/kondis.mittmagasin.online\/wp-content\/uploads\/2023\/03\/Kristin-Harila-i-full-mundur-pa-den-tolvte-toppen-Manaslu-22.-september-2022-IMG_4175-1-300x225.jpg 300w\" sizes=\"auto, (max-width: 500px) 100vw, 500px\" \/><figcaption id=\"caption-attachment-6722\" class=\"wp-caption-text\">I<strong> full mundur:<\/strong> 22. september i fjor stod Kristin Harila p\u00e5 topp nummer tolv, den 8156 m h\u00f8ye Manaslu-tinden. (Foto: privat)<\/figcaption><\/figure>\n<h3 class=\"p3\"><span class=\"s1\">Klatrer for verdensrekord <\/span><\/h3>\n<p class=\"p1\">Kristin forklarer at den nepalske\/britiske klatreren Nims (Nirmal Purja) brukte 189 dager i 2019 p\u00e5 de 14 toppene. Det er denne rekorden hun \u00f8nsker \u00e5 sl\u00e5.<\/p>\n<p class=\"p4\">\u2013 Vi benytter oss begge stedvis av festet tau, oksygen, helikoptertransport mellom basecampene og st\u00f8tte av sherpaer. Det gir like vilk\u00e5r og dermed sammenligningsgrunnlag, forteller hun.<\/p>\n<p class=\"p4\">\u2013 Det internasjonale klatremilj\u00f8et er lite og mannsdominert. Kvinner er ikke vurdert som like gode fjellklatrere, men det er de. Jeg g\u00e5r for verdensrekorden for \u00e5 vise at jenter kan! Jeg tok den f\u00f8rste toppturen p\u00e5 Mount Everest i 2021. Alle de fem kvinnene som var med i ekspedisjonen, n\u00e5dde toppen. Blant mannfolkene lyktes bare 6 av 14. Jentene er ofte bedre fysisk og psykisk forberedt; dette er ogs\u00e5 min styrke.<\/p>\n<h3 class=\"p3\"><span class=\"s1\">Stengte grenser til Kina<\/span><\/h3>\n<p class=\"p1\">Rekordfors\u00f8ket ble startet i slutten av april 2022, men avbrutt i slutten av oktober p\u00e5 grunn av koronarestriksjoner og visumnekt i Kina. Da var det bare to fjell igjen, Cho Oyo og Shishapangama. Sistnevnte kan bare n\u00e5s fra Tibet. Cho Oyo kan n\u00e5s fra Nepal, men via en langt mer risikoutsatt rute. Ett dristig fors\u00f8k p\u00e5 \u00e5 g\u00e5 denne ble gjort i slutten av oktober i fjor og ett nytt i januar i \u00e5r, men begge m\u00e5tte avbrytes p\u00e5 grunn av v\u00e6rforholdene.<\/p>\n<p class=\"p4\">\u2013 Det var ikke verdt risikoen, innr\u00f8mmer Kristin.<\/p>\n<h3 class=\"p3\"><span class=\"s1\">Klar for ny ekspedisjon<\/span><\/h3>\n<p class=\"p1\">Kristin har ikke gitt opp. Hun er n\u00e5 i Katmandu for \u00e5 fullf\u00f8re fjor\u00e5rets klatreprosjekt med de to siste toppene og deretter starte p\u00e5 nytt igjen med hele fjellrekka. Prosjektet er som i fjor avhengig av visumtillatelse fra Kina, og den mangler fortsatt. Kristin ser imidlertid optimistisk p\u00e5 situasjonen da det er kommet positive signaler fra kinesisk hold.<\/p>\n<p class=\"p4\">\u2013 Jeg \u00f8nsker \u00e5 gj\u00f8re ferdig prosjektet fra i fjor, selv om det betyr at jeg m\u00e5 klatre opp p\u00e5 Cho Oyo og Shishapagma to ganger. P\u00e5 den m\u00e5ten utvider jeg rekordfors\u00f8ket til \u00e5 bestige de 14 toppene 2 ganger. Det vil ogs\u00e5 kunne bli en verdensrekord.<\/p>\n<figure id=\"attachment_6724\" aria-describedby=\"caption-attachment-6724\" style=\"width: 500px\" class=\"wp-caption alignright\"><img loading=\"lazy\" decoding=\"async\" class=\"size-full wp-image-6724\" src=\"https:\/\/kondis.mittmagasin.online\/wp-content\/uploads\/2023\/03\/Kristin-Harila-cho-oyu-trek-12-of-14-foto-privat.jpg\" alt=\"\" width=\"500\" height=\"372\" srcset=\"https:\/\/kondis.mittmagasin.online\/wp-content\/uploads\/2023\/03\/Kristin-Harila-cho-oyu-trek-12-of-14-foto-privat.jpg 500w, https:\/\/kondis.mittmagasin.online\/wp-content\/uploads\/2023\/03\/Kristin-Harila-cho-oyu-trek-12-of-14-foto-privat-300x223.jpg 300w\" sizes=\"auto, (max-width: 500px) 100vw, 500px\" \/><figcaption id=\"caption-attachment-6724\" class=\"wp-caption-text\"><strong>Fjellglede:<\/strong> H\u00f8ye og bratte fjell fascinerer Kristin Harila, og hun har flere ambisi\u00f8se m\u00e5l i sikte. (Foto: privat)<\/figcaption><\/figure>\n<h3 class=\"p3\"><span class=\"s1\">Bakgrunn og oppvekst<\/span><\/h3>\n<p class=\"p1\">Kristin Harila viser en imponerende utholdenhet og viljestyrke som nok ogs\u00e5 kan spores tilbake til hennes oppvekst og ungdomstid. Hun er f\u00f8dt og oppvokst p\u00e5 en g\u00e5rd i Vestre Jakobselv utenfor Vads\u00f8. Hun er av samisk slekt fra Pello i Nord-Finland. 16 \u00e5r gammel flyttet hun til Lillehammer for \u00e5 g\u00e5 p\u00e5 idrettsgymnaset og satse p\u00e5 langrenn.<\/p>\n<p class=\"p4\">\u2013 Det gikk bra i begynnelsen. Jeg var blant topp tre p\u00e5 nasjonalt niv\u00e5 som junior de f\u00f8rste \u00e5rene og satset ogs\u00e5 som senior, men opplevde etter hvert at resultatene ikke stod i forhold til innsatsen. Jeg inns\u00e5 at jeg ikke kunne bli verdensmester, s\u00e5 jeg la opp i 2009. Jeg har fortsatt med \u00e5 g\u00e5 p\u00e5 ski, men konkurrerer ikke.<\/p>\n<h3 class=\"p3\"><span class=\"s1\">Startet med Kilimanjaro<\/span><\/h3>\n<p class=\"p1\">Gleden ved turer og friluftsliv varte ved. Terrengl\u00f8p drev hun ogs\u00e5 med, mens interessen for fjellklatring startet med Afrikas h\u00f8yeste fjell, Kilimanjaro (5895), i 2015, en tur hun hadde vunnet. Hun oppdaget Himalaya i 2019 ved \u00e5 beseire Lobuche East (6119) og Putha Hiunchuli (7246).<\/p>\n<p class=\"p4\">Samme \u00e5ret sa hun opp jobben som kjedesjef i Skeidar; nok en gang var hun kommet til at innsatsen ikke stod i forhold til oppn\u00e5dde resultater. Det var p\u00e5 tide \u00e5 gj\u00f8re noe annet.<\/p>\n<p class=\"p4\">I 2020 stod hun p\u00e5 toppen av Aconcagua (6961) i Argentina, og i 2021 sluttet hun seg til Madison Mounteneering team for \u00e5 bestige Everest og Lhotse. Det ballet p\u00e5 seg, og \u00e5ret etter solgte hun leiligheten sin i mangel av sponsorer for \u00e5 finansiere fors\u00f8ket p\u00e5 \u00e5 bli verdens raskeste p\u00e5 de 14 toppene over 8000 meter.<\/p>\n<p class=\"p4\">\u2013 Jeg har avtaler med noen utstyrsleverand\u00f8rer, bl.a. Bremont, Patagonia, Scarpa og Osprey, men resten har jeg bidratt med selv. N\u00e5r prosjektet n\u00e5 g\u00e5r inn i fase to, trenger jeg tyngre sponsorer innen bank og finans. Jeg har ellers en filmavtale med Field Productions som er et produksjonsselskap basert i Oslo.<\/p>\n<h3 class=\"p3\"><span class=\"s1\">Fysisk form og mental styrke<\/span><\/h3>\n<p class=\"p1\">Kristin forteller at den administrative delen av prosjektet tar mye tid, selve klatringen blir enkel i forhold.<\/p>\n<p class=\"p4\">\u2013 Jeg skulle gjerne hatt mer tid til \u00e5 trene utholdenhet gjennom styrketrening med vekter, l\u00f8ping og skig\u00e5ing. Ideelt sett skulle jeg hatt opphold i h\u00f8ydetelt ogs\u00e5, men logistikken med prosjektet har v\u00e6rt enormt tidkrevende. Fjellklatring er en sport som krever styrke og utholdenhet. Jeg har hatt hjelp av sherpaer til \u00e5 b\u00e6re utstyr som trengs p\u00e5 campene, men jeg b\u00e6rer egen sekk som kan veie mellom 10 og 20 kilo. God fysisk form gir ogs\u00e5 mental styrke. Jeg f\u00f8ler meg sterk i s\u00e5 m\u00e5te og er aldri redd n\u00e5r jeg klatrer selv om det kan v\u00e6re utfordrende. Den klatreformen som jeg driver med, med raske opp og nedstigninger, bidrar ogs\u00e5 til st\u00f8rre sikkerhet ved at man kan komme seg fort ut av farlige situasjoner.<\/p>\n<h3 class=\"p7\">G\u00f8yere med terrengl\u00f8p<\/h3>\n<p class=\"p1\">Til neste \u00e5r ser Kristin frem til \u00e5 bruke mer tid p\u00e5 terrengl\u00f8ping. Everest Marathon, Troms\u00f8 Sky Race, Troms\u00f8 Ultra Maraton, Valtellina Wine Trail og andre fjell\u00f8p i inn- og utland.<\/p>\n<p class=\"p4\">\u2013 Det er g\u00f8yere \u00e5 l\u00f8pe enn \u00e5 klatre, s\u00e5 planen er \u00e5 l\u00f8pe mer etter ekspedisjonen.<\/p>\n<p class=\"p4\">Hva Kristin Harila ellers \u00f8nsker \u00e5 drive med i fremtiden, kom vi ikke konkret inn p\u00e5. En ni-til-fire-jobb blir nok ikke det f\u00f8rste hun tenker p\u00e5. Hun har etablert sitt eget firma for i f\u00f8rste omgang \u00e5 arrangere ski- og fotturer i Finnmark.<\/p>\n<p class=\"p4\">Det kommer ogs\u00e5 tydelig frem at hun \u00f8nsker \u00e5 bruke rekordprosjektet sitt til \u00e5 bidra til \u00e5 gi kvinnelige klatrere bedre muligheter b\u00e5de n\u00e5r det gjelder sponsorer og utstyr.<\/p>\n<h2 class=\"p1\"><img loading=\"lazy\" decoding=\"async\" class=\"alignright size-full wp-image-6719\" src=\"https:\/\/kondis.mittmagasin.online\/wp-content\/uploads\/2023\/03\/Kristin-Harila-foto-privat-IMG_0768-2.jpg\" alt=\"\" width=\"300\" height=\"414\" srcset=\"https:\/\/kondis.mittmagasin.online\/wp-content\/uploads\/2023\/03\/Kristin-Harila-foto-privat-IMG_0768-2.jpg 300w, https:\/\/kondis.mittmagasin.online\/wp-content\/uploads\/2023\/03\/Kristin-Harila-foto-privat-IMG_0768-2-217x300.jpg 217w\" sizes=\"auto, (max-width: 300px) 100vw, 300px\" \/>Kristin Harila<\/h2>\n<p class=\"p4\"><b>Alder:<\/b> 37 \u00e5r<br \/>\n<b>Bosted:<\/b> Vestre Jakobselv<br \/>\n<b>Idrett: <\/b>Fjellklatring, terrengl\u00f8ping og langrenn<br \/>\n<span class=\"s1\"><b>Sivilstatus:<\/b> Singel<br \/>\n<\/span><b>Idrettslag: <\/b>IL Polarstjernen og Northern Runners L\u00f8peklubb<br \/>\n<span class=\"s1\"><b>Meritter:<br \/>\n<\/b><\/span>&#8211; Klatret 12 av 14 fjelltopper over 8000 m<br \/>\n&#8211; Klatret 6 topper p\u00e5 over 8000 m p\u00e5 29 dager og satte verdensrekord<br \/>\n&#8211; Klatret Mount Everest og Lhotse p\u00e5 samme dag, og har gjort dette to ganger. I 2021 p\u00e5 minuttet under tolv timer og i 2022 p\u00e5 \u00e5tte og en halv time og satte verdensrekord for kvinner<br \/>\n<span class=\"s1\"><b>Utmerkelser:<br \/>\n<\/b><\/span>&#8211; K\u00e5ret til \u00e5rets finnmarking i 2022<br \/>\n&#8211; K\u00e5ret til \u00e5rets eventyrer i Norge i 2022<br \/>\n&#8211; K\u00e5ret til \u00e5rets europeiske eventyrer i 2022, som den f\u00f8rste fra Norge<\/p>\n","protected":false},"excerpt":{"rendered":"<p>Hun vil vise at kvinner kan klatre verdens h\u00f8yeste fjell, og hun ble i fjor k\u00e5ret til \u00e5rets finnmarking, \u00e5rets eventyrer i Norge og \u00e5rets europeiske eventyrer.<\/p>\n","protected":false},"author":10,"featured_media":6716,"comment_status":"closed","ping_status":"open","sticky":false,"template":"","format":"standard","meta":{"_acf_changed":false,"footnotes":""},"categories":[111,109],"tags":[],"post_flags":[],"class_list":["post-6714","post","type-post","status-publish","format-standard","has-post-thumbnail","hentry","category-kondis-2-2023","category-109"],"acf":[],"_links":{"self":[{"href":"https:\/\/kondis.mittmagasin.online\/index.php?rest_route=\/wp\/v2\/posts\/6714","targetHints":{"allow":["GET"]}}],"collection":[{"href":"https:\/\/kondis.mittmagasin.online\/index.php?rest_route=\/wp\/v2\/posts"}],"about":[{"href":"https:\/\/kondis.mittmagasin.online\/index.php?rest_route=\/wp\/v2\/types\/post"}],"author":[{"embeddable":true,"href":"https:\/\/kondis.mittmagasin.online\/index.php?rest_route=\/wp\/v2\/users\/10"}],"replies":[{"embeddable":true,"href":"https:\/\/kondis.mittmagasin.online\/index.php?rest_route=%2Fwp%2Fv2%2Fcomments&post=6714"}],"version-history":[{"count":7,"href":"https:\/\/kondis.mittmagasin.online\/index.php?rest_route=\/wp\/v2\/posts\/6714\/revisions"}],"predecessor-version":[{"id":6727,"href":"https:\/\/kondis.mittmagasin.online\/index.php?rest_route=\/wp\/v2\/posts\/6714\/revisions\/6727"}],"wp:featuredmedia":[{"embeddable":true,"href":"https:\/\/kondis.mittmagasin.online\/index.php?rest_route=\/wp\/v2\/media\/6716"}],"wp:attachment":[{"href":"https:\/\/kondis.mittmagasin.online\/index.php?rest_route=%2Fwp%2Fv2%2Fmedia&parent=6714"}],"wp:term":[{"taxonomy":"category","embeddable":true,"href":"https:\/\/kondis.mittmagasin.online\/index.php?rest_route=%2Fwp%2Fv2%2Fcategories&post=6714"},{"taxonomy":"post_tag","embeddable":true,"href":"https:\/\/kondis.mittmagasin.online\/index.php?rest_route=%2Fwp%2Fv2%2Ftags&post=6714"},{"taxonomy":"post_flag","embeddable":true,"href":"https:\/\/kondis.mittmagasin.online\/index.php?rest_route=%2Fwp%2Fv2%2Fpost_flags&post=6714"}],"curies":[{"name":"wp","href":"https:\/\/api.w.org\/{rel}","templated":true}]}}