{"id":6662,"date":"2023-03-22T14:21:20","date_gmt":"2023-03-22T14:21:20","guid":{"rendered":"https:\/\/kondis.mittmagasin.online\/?p=6662"},"modified":"2023-03-27T09:36:39","modified_gmt":"2023-03-27T09:36:39","slug":"trude-dybendahl-om-mulighetene-inni-oss","status":"publish","type":"post","link":"https:\/\/kondis.mittmagasin.online\/?p=6662","title":{"rendered":"Trude Dybendahl om mulighetene inni oss"},"content":{"rendered":"<p class=\"p1\">Trude Dybendahl var en av landets beste skil\u00f8pere for ca. 30 \u00e5r siden. Hun har tre OL-s\u00f8lv (stafett), individuell gull-, s\u00f8lv- og bronsemedalje fra VM samt hele 19 NM-gull (6 individuelle).<\/p>\n<p class=\"p2\">Den nye boka til Trude Dybendahl er imidlertid ingen typisk idrettsbiografi. Sj\u00f8l om idrettsbakgrunnen og -opplevelsene ligger der som et rammeverk, er det livet i sin helhet det handler om. Hos bokhandlerkjeden ARK er \u00abMedaljens innside\u00bb kategorisert som selvhjelpsbok, og undertittelen p\u00e5 boka er da ogs\u00e5: \u00abFinn din indre balanse og skaperkraft.\u00bb<\/p>\n<h3 class=\"p4\"><span class=\"s1\"><img loading=\"lazy\" decoding=\"async\" class=\"alignright wp-image-6664\" src=\"https:\/\/kondis.mittmagasin.online\/wp-content\/uploads\/2023\/03\/Omslag-Medaljens-innside-2.jpg\" alt=\"\" width=\"300\" height=\"424\" srcset=\"https:\/\/kondis.mittmagasin.online\/wp-content\/uploads\/2023\/03\/Omslag-Medaljens-innside-2.jpg 500w, https:\/\/kondis.mittmagasin.online\/wp-content\/uploads\/2023\/03\/Omslag-Medaljens-innside-2-212x300.jpg 212w\" sizes=\"auto, (max-width: 300px) 100vw, 300px\" \/>Flyt og balanse<\/span><\/h3>\n<p class=\"p1\">Et hovedpoeng i boka er at balanse er like viktig i livet som i l\u00f8ypa. I perioder av sin egen karriere hadde Dybendahl denne balansen og flyten som gjorde at hun kunne vinne VM-gull. I andre perioder ble den borte, og basert p\u00e5 sin egen erfaring fors\u00f8ker hun \u00e5 fortelle oss hvordan det er mulig \u00e5 leve i denne balansen og dermed ogs\u00e5 ta vare p\u00e5 sin egen identitet og kreativitet.<\/p>\n<p class=\"p2\">En stor del av refleksjonene til Trude Dybendahl g\u00e5r tilbake til hennes egen barndom og oppvekst. Ja, hun g\u00e5r grundigere til verks og analyserer ogs\u00e5 hva hennes foreldre opplevde og tok meg seg \u2013 p\u00e5 godt og vondt \u2013 og formidla til henne som lita jente. Et sentralt tema i boka er hva som har gjort oss til den vi er, og at uten en bevisstgj\u00f8ring p\u00e5 hvilke f\u00f8ringer vi m\u00f8tte i v\u00e5r egen barndom, er det vanskelig \u00e5 forst\u00e5 hvorfor vi tenker og agerer som vi gj\u00f8r som voksne.<\/p>\n<p class=\"p2\">Sj\u00f8l om ikke alt var rosenr\u00f8dt i oppveksten, gir Trude Dybendahl stor kreditt til sine foreldre:<\/p>\n<p class=\"p2\"><i>\u00abJeg trenger tid alene og har alltid likt \u00e5 finne min egen vei. Heldigvis valgte jeg foreldre som evnet \u00e5 gi meg rom til \u00e5 utforske og utvikle denne selvstendigheten. Gitt omstendighetene i deres egen barndom, hadde de selv f\u00e5tt det tidlig inn. Grensel\u00f8se har de ikke v\u00e6rt, for jeg fikk alltid vite hvor skapet skulle st\u00e5. Mor og far var den tryggheten som gjorde at det kjentes fint \u00e5 s\u00f8ke ut p\u00e5 egen h\u00e5nd.\u00bb<\/i><\/p>\n<h3 class=\"p4\"><span class=\"s1\">Engasjert om energi<\/span><\/h3>\n<p class=\"p1\">Storparten av boka handler om denne s\u00f8kinga som for Dybendahls del gikk b\u00e5de utover i den store verden og innover i hennes eget sinn. Hun skriver engasjert om b\u00e5de energisansing og indre guiding, om drivkraft og verdier, om f\u00f8lelser, bevissthetsniv\u00e5er og kvantefelt. Noen vil kanskje avfeie deler av boka som \u00abNew Age-lefling\u00bb, men en trenger ikke \u00e5 si ja og amen til alt som st\u00e5r der, for \u00e5 ha utbytte av \u00e5 lese den. Et viktig poeng i boka er nemlig \u00e5 unders\u00f8ke og bli trygg p\u00e5 hva en sj\u00f8l st\u00e5r for \u2013 midt i en verden der det er fort gjort \u00e5 gi etter for b\u00e5de forventninger og press fra andre.<\/p>\n<p class=\"p2\">Trude Dybendahl jobber som kurs- og foredragsholder, og uten \u00e5 ha h\u00f8rt henne foredra, vil jeg anta at \u00abMedaljens innside\u00bb b\u00e5de gir en smakebit p\u00e5 og en slags oppsummering av hva kursene hennes inneholder. Siste kapittel heter rett og slett \u00abHjelp til selvhjelp\u00bb og inneholder tips om hvordan vi kan disponere tida og energien v\u00e5r bedre.<\/p>\n<p class=\"p2\">Fram til da har boka veksla mellom korte skildringer av opplevelser fra eget liv og mer faglig stoff, noe som gj\u00f8r den forholdsvis lett \u00e5 lese. Om en ikke har for mye mot selvhjelpsb\u00f8ker og g\u00e5r til boka med et \u00e5pent sinn, kan det v\u00e6re mye \u00e5 ta med seg. Ikke minst for de av oss som m\u00e5tte f\u00f8le at vi mangler flyt og tilstedev\u00e6relse i det vi holder p\u00e5 med.<\/p>\n<h3 class=\"p4\"><span class=\"s1\">God livsteknikk<\/span><\/h3>\n<p class=\"p1\">Boka er ikke helt ny \u2013 den kom ut i 2021 \u2013 men innholdet kan nok sies \u00e5 v\u00e6re vel s\u00e5 tidl\u00f8st som det skiteknikkboka hennes inneholdt. Her handler det om \u00e5 finne den gode livsteknikken, den som kan tas i bruk b\u00e5de n\u00e5r bakkene blir bratte og n\u00e5r vi har m\u00e5l foran oss som vi gjerne vil n\u00e5.<\/p>\n<p class=\"p2\">En hovedtese er oppfordringen til \u00e5 f\u00f8lge hjertet vel s\u00e5 mye som hjernen. Trude Dybendahl er skeptisk til \u00e5 la styringen av b\u00e5de enkeltpersoner og verden bli tatt over av kunstig intelligens, noe som fort vil g\u00e5 p\u00e5 bekostning av den spiritualiteten og bevisstheten vi har tilgang til, men som vi i liten grad blir oppl\u00e6rt til \u00e5 ta i bruk.<\/p>\n<p class=\"p2\">\u00abMedaljens innside\u00bb er slik sett hennes bidrag til \u00e5 b\u00f8te p\u00e5 denne mangelen.<\/p>\n<h2 class=\"p1\">Medaljens innside<\/h2>\n<p class=\"p2\"><b>Forfatter: <\/b>Trude Dybendahl<br>\n<b>Forlag: <\/b>True Connection Publishing<br>\n<b>Sider\/format: <\/b>316 sider, innbundet<br>\n<b>Pris: <\/b>399 kr<\/p>\n\n\n<hr class=\"wp-block-separator has-alpha-channel-opacity\"\/>\n\n\n<div class=\"wp-block-image\">\n<figure class=\"aligncenter size-large\"><a href=\"https:\/\/www.bergencitymarathon.no\/\" target=\"_blank\" rel=\"noreferrer noopener\"><img loading=\"lazy\" decoding=\"async\" width=\"712\" height=\"1024\" src=\"https:\/\/kondis.mittmagasin.online\/wp-content\/uploads\/2023\/03\/Skjermbilde-2023-03-23-kl.-12.51.23-712x1024.png\" alt=\"\" class=\"wp-image-6889\" srcset=\"https:\/\/kondis.mittmagasin.online\/wp-content\/uploads\/2023\/03\/Skjermbilde-2023-03-23-kl.-12.51.23-712x1024.png 712w, https:\/\/kondis.mittmagasin.online\/wp-content\/uploads\/2023\/03\/Skjermbilde-2023-03-23-kl.-12.51.23-209x300.png 209w, https:\/\/kondis.mittmagasin.online\/wp-content\/uploads\/2023\/03\/Skjermbilde-2023-03-23-kl.-12.51.23-768x1105.png 768w, https:\/\/kondis.mittmagasin.online\/wp-content\/uploads\/2023\/03\/Skjermbilde-2023-03-23-kl.-12.51.23.png 954w\" sizes=\"auto, (max-width: 712px) 100vw, 712px\" \/><\/a><\/figure>\n<\/div>\n\n\n<hr class=\"wp-block-separator has-alpha-channel-opacity\"\/>\n\n\n<div class=\"wp-block-image\">\n<figure class=\"aligncenter size-large\"><a href=\"http:\/\/www.perfekta.nu\/\" target=\"_blank\" rel=\"noreferrer noopener\"><img loading=\"lazy\" decoding=\"async\" width=\"717\" height=\"1024\" src=\"https:\/\/kondis.mittmagasin.online\/wp-content\/uploads\/2023\/03\/Skjermbilde-2023-03-23-kl.-12.51.30-717x1024.png\" alt=\"\" class=\"wp-image-6890\" srcset=\"https:\/\/kondis.mittmagasin.online\/wp-content\/uploads\/2023\/03\/Skjermbilde-2023-03-23-kl.-12.51.30-717x1024.png 717w, https:\/\/kondis.mittmagasin.online\/wp-content\/uploads\/2023\/03\/Skjermbilde-2023-03-23-kl.-12.51.30-210x300.png 210w, https:\/\/kondis.mittmagasin.online\/wp-content\/uploads\/2023\/03\/Skjermbilde-2023-03-23-kl.-12.51.30-768x1097.png 768w, https:\/\/kondis.mittmagasin.online\/wp-content\/uploads\/2023\/03\/Skjermbilde-2023-03-23-kl.-12.51.30.png 952w\" sizes=\"auto, (max-width: 717px) 100vw, 717px\" \/><\/a><\/figure>\n<\/div>","protected":false},"excerpt":{"rendered":"<p>Trude Dybendahl har tidligere skrevet boka \u00abSt\u00f8rre skiglede med bedre teknikk\u00bb. I sin nye bok \u00abMedaljens innside\u00bb ser hun mye videre \u2013 og samtidig mer inn-over. Her handler det om intet mindre enn \u00e5 finne den indre gleden og sitt eget st\u00e5sted i livet. <\/p>\n","protected":false},"author":3,"featured_media":6663,"comment_status":"closed","ping_status":"open","sticky":false,"template":"","format":"standard","meta":{"_acf_changed":false,"footnotes":""},"categories":[111,109],"tags":[],"post_flags":[],"class_list":["post-6662","post","type-post","status-publish","format-standard","has-post-thumbnail","hentry","category-kondis-2-2023","category-109"],"acf":[],"_links":{"self":[{"href":"https:\/\/kondis.mittmagasin.online\/index.php?rest_route=\/wp\/v2\/posts\/6662","targetHints":{"allow":["GET"]}}],"collection":[{"href":"https:\/\/kondis.mittmagasin.online\/index.php?rest_route=\/wp\/v2\/posts"}],"about":[{"href":"https:\/\/kondis.mittmagasin.online\/index.php?rest_route=\/wp\/v2\/types\/post"}],"author":[{"embeddable":true,"href":"https:\/\/kondis.mittmagasin.online\/index.php?rest_route=\/wp\/v2\/users\/3"}],"replies":[{"embeddable":true,"href":"https:\/\/kondis.mittmagasin.online\/index.php?rest_route=%2Fwp%2Fv2%2Fcomments&post=6662"}],"version-history":[{"count":6,"href":"https:\/\/kondis.mittmagasin.online\/index.php?rest_route=\/wp\/v2\/posts\/6662\/revisions"}],"predecessor-version":[{"id":6949,"href":"https:\/\/kondis.mittmagasin.online\/index.php?rest_route=\/wp\/v2\/posts\/6662\/revisions\/6949"}],"wp:featuredmedia":[{"embeddable":true,"href":"https:\/\/kondis.mittmagasin.online\/index.php?rest_route=\/wp\/v2\/media\/6663"}],"wp:attachment":[{"href":"https:\/\/kondis.mittmagasin.online\/index.php?rest_route=%2Fwp%2Fv2%2Fmedia&parent=6662"}],"wp:term":[{"taxonomy":"category","embeddable":true,"href":"https:\/\/kondis.mittmagasin.online\/index.php?rest_route=%2Fwp%2Fv2%2Fcategories&post=6662"},{"taxonomy":"post_tag","embeddable":true,"href":"https:\/\/kondis.mittmagasin.online\/index.php?rest_route=%2Fwp%2Fv2%2Ftags&post=6662"},{"taxonomy":"post_flag","embeddable":true,"href":"https:\/\/kondis.mittmagasin.online\/index.php?rest_route=%2Fwp%2Fv2%2Fpost_flags&post=6662"}],"curies":[{"name":"wp","href":"https:\/\/api.w.org\/{rel}","templated":true}]}}