{"id":6602,"date":"2023-03-22T12:13:51","date_gmt":"2023-03-22T12:13:51","guid":{"rendered":"https:\/\/kondis.mittmagasin.online\/?p=6602"},"modified":"2023-03-24T11:34:14","modified_gmt":"2023-03-24T11:34:14","slug":"siste-nytt-fra-kondis-sitt-landsmote-4-mars","status":"publish","type":"post","link":"https:\/\/kondis.mittmagasin.online\/?p=6602","title":{"rendered":"Siste nytt fra Kondis sitt landsm\u00f8te 4. mars"},"content":{"rendered":"<p class=\"p1\">Det nye styret ble som ventet valgt i tr\u00e5d med valgkomiteens innstilling, og Tim Bennet ble valgt til president for to nye \u00e5r. Han har v\u00e6rt styremedlem i Kondis siden 2003 og president i siden 2009.<\/p>\n<h3 class=\"p3\"><span class=\"s1\">Styret i Kondis ser n\u00e5 slik ut<\/span><\/h3>\n<ul>\n<li class=\"p4\">President Tim Bennett (gjenvalg)<\/li>\n<li class=\"p4\">Visepresident Bodil Br\u00e5 Alsvik (ikke p\u00e5 valg)<\/li>\n<li class=\"p4\">Styremedlem Sol Hagen (gjenvalg)<\/li>\n<li class=\"p4\">Styremedlem Bj\u00f8rn Raffenberg Skotte (ikke p\u00e5 valg)<\/li>\n<li class=\"p4\">Styremedlem, Tine Klevstad (opprykk fra vara)<\/li>\n<li class=\"p4\">varamedlem John Erik Lein (ny)<\/li>\n<li class=\"p4\">varamedlem Jonny Frantzen Andersen (ny)<\/li>\n<\/ul>\n<p class=\"p1\"><b>Kontrollkomiteen:<\/b> Magnus Betten (leder), Olav Engen og Svein-Erik Bakke (ny)<\/p>\n<p class=\"p1\"><b>Valgkomiteen:<\/b> Oddvar R\u00f8sten (leder), Harald Alstad og Anders T\u00f8sse (ny)<\/p>\n<p class=\"p6\">Landsm\u00f8tet vedtok en ny strategiplan for perioden 2023-28, og det ble behandlet tre forslag til lovendringer som det ble en nyttig diskusjon rundt.<\/p>\n<figure id=\"attachment_6606\" aria-describedby=\"caption-attachment-6606\" style=\"width: 500px\" class=\"wp-caption alignright\"><img loading=\"lazy\" decoding=\"async\" class=\"size-full wp-image-6606\" src=\"https:\/\/kondis.mittmagasin.online\/wp-content\/uploads\/2023\/03\/FredrikZilleninstruksjon.jpg\" alt=\"\" width=\"500\" height=\"375\" srcset=\"https:\/\/kondis.mittmagasin.online\/wp-content\/uploads\/2023\/03\/FredrikZilleninstruksjon.jpg 500w, https:\/\/kondis.mittmagasin.online\/wp-content\/uploads\/2023\/03\/FredrikZilleninstruksjon-300x225.jpg 300w\" sizes=\"auto, (max-width: 500px) 100vw, 500px\" \/><figcaption id=\"caption-attachment-6606\" class=\"wp-caption-text\"><strong>L\u00f8peteknikkurs:<\/strong> L\u00f8peteknikkekspert Fredrik Zill\u00e9n holdt et tre-timers l\u00f8peteknikkurs for delegatene p\u00e5 Kondis sitt landsm\u00f8te med b\u00e5de teori og praksis og flere personlige tilbakemeldinger.<\/figcaption><\/figure>\n<h3 class=\"p3\"><span class=\"s1\">Innkomne saker<\/span><\/h3>\n<p class=\"p1\">Styrets forslag til lovendring med en presisering av hovedfokus p\u00e5 l\u00f8ping falt, mens forslaget om at en aktivitetsplan ikke er en n\u00f8dvendig del og tas ut av loven, ble enstemmig vedtatt. Et forslag med presisering av valgkomiteens oppgaver ble vedtatt med noen justeringer.<\/p>\n<p class=\"p6\">Det var 35 deltakere p\u00e5 landsm\u00f8tet i \u00e5r.<\/p>\n<p class=\"p6\">Den formelle delen ble avsluttet med \u00e5rsm\u00f8ter i de tre regionene Kondis Region Nord, Kondis Region S\u00f8rVest og Kondis Region \u00d8st.<\/p>\n<h3 class=\"p3\"><span class=\"s1\">L\u00f8peteknikk- og journalistikk-kurs<\/span><\/h3>\n<p class=\"p1\">Etter en god lunsjpause ga Kondis-medarbeiderne Runar Gilberg og Arne Dag Myking nyttige tips til hvordan utsendingene til landsm\u00f8te kan bidra til \u00e5 gj\u00f8re dekningen v\u00e5r fra arrangementer enda bedre. Her ble det gitt praktiske tips innen b\u00e5de skrivingens og fotograferingens kunst.<\/p>\n<p class=\"p6\">Mye av ettermiddagen var viet l\u00f8peteknikk der Fredrik Zill\u00e9n f\u00f8rst ga delegatene en teoretisk innf\u00f8ring f\u00f8r den svenske eksperten p\u00e5 omr\u00e5det ga en praktisk \u00f8kt utend\u00f8rs hvor noen hver nok fikk en del aha-opplevelser.<\/p>\n<h2 class=\"p1\">Imponerende sanking i Kondisl\u00f8pet<\/h2>\n<figure id=\"attachment_6611\" aria-describedby=\"caption-attachment-6611\" style=\"width: 500px\" class=\"wp-caption alignright\"><img loading=\"lazy\" decoding=\"async\" class=\"size-full wp-image-6611\" src=\"https:\/\/kondis.mittmagasin.online\/wp-content\/uploads\/2023\/03\/Thomas-Jansrud-Grunnlovsmila-2022.jpg\" alt=\"\" width=\"500\" height=\"462\" srcset=\"https:\/\/kondis.mittmagasin.online\/wp-content\/uploads\/2023\/03\/Thomas-Jansrud-Grunnlovsmila-2022.jpg 500w, https:\/\/kondis.mittmagasin.online\/wp-content\/uploads\/2023\/03\/Thomas-Jansrud-Grunnlovsmila-2022-300x277.jpg 300w\" sizes=\"auto, (max-width: 500px) 100vw, 500px\" \/><figcaption id=\"caption-attachment-6611\" class=\"wp-caption-text\"><strong>L\u00f8per for helsa:<\/strong> Thomas Jansrud leder kilometersankingen med stor margin. Han l\u00f8per ikke for \u00e5 vinne, men ene og alene for helsas skyld, sier han i et intervju p\u00e5 Kondis.no. (Foto: Rolf Bakken)<\/figcaption><\/figure>\n<p class=\"p1\">Kondisl\u00f8pets \u00e5rssanking av kilometer innen l\u00f8ping, langrenn og sykling er i full gang, og spesielt innen l\u00f8ping har det blitt sanket mange kilometer. \u00d8verst troner Thomas Jansrud med hele 1313,76 kilometer s\u00e5 langt i \u00e5r.<\/p>\n<p class=\"p2\">Resultatene oppdateres hver gang en av l\u00f8perne har v\u00e6rt inne og oppdatert sine resultater. Har du lyst til \u00e5 v\u00e6re med p\u00e5 utfordringen, er det bare \u00e5 g\u00e5 inn p\u00e5 kondisl\u00f8pet.no og melde deg p\u00e5. Du kan ogs\u00e5 registrere kilometer du har tilbakelagt hittil i \u00e5r, og i perioden f\u00f8r du meldte deg p\u00e5, s\u00e5 lenge du har oversikt over antall kilometer i en app, treningsdagbok eller noe slikt.<\/p>\n<p class=\"p1\"><b>De ivrigste:<\/b> Her er de 10 beste innen l\u00f8ping i Kondisl\u00f8pets kilometersanking per 9. mars:<\/p>\n<p class=\"p1\">1 Thomas Jansrud Team Kondis Elverum 1313,76<\/p>\n<p class=\"p1\">2 Alf B. Dahl, Team Kondis, 715,00<\/p>\n<p class=\"p1\">3 Svein Arne Sikko, Team Kondis Trondheim, 697,60<\/p>\n<p class=\"p1\">4 Per Gunnar Kvenseth, Team Kondis, 505,00<\/p>\n<p class=\"p1\">5 Truls Roar Fossbekk, Team Kondis Oslo, 488,00<\/p>\n<p class=\"p1\">6 Vile Horg, Team Kondis, 484,70<\/p>\n<p class=\"p1\">7 Rolf Bakken, Team Kondis Elverum, 455,00<\/p>\n<p class=\"p1\">8 Hans Ole Hansen, Seige Menn, 438,60<\/p>\n<p class=\"p1\">9 Frank Skaftun, Team Kondis, 397,00<\/p>\n<p class=\"p1\">10 Ingar Romslo, Team Kondis, 394,00<\/p>\n<h2 class=\"p1\">Rimelig gavemedlemskap p\u00e5 Kondis<\/h2>\n<p class=\"p2\"><img loading=\"lazy\" decoding=\"async\" class=\"alignright size-full wp-image-6615\" src=\"https:\/\/kondis.mittmagasin.online\/wp-content\/uploads\/2023\/03\/Medlemskap_i_gave_2023_KD_98505.jpg\" alt=\"\" width=\"1200\" height=\"812\" srcset=\"https:\/\/kondis.mittmagasin.online\/wp-content\/uploads\/2023\/03\/Medlemskap_i_gave_2023_KD_98505.jpg 1200w, https:\/\/kondis.mittmagasin.online\/wp-content\/uploads\/2023\/03\/Medlemskap_i_gave_2023_KD_98505-300x203.jpg 300w, https:\/\/kondis.mittmagasin.online\/wp-content\/uploads\/2023\/03\/Medlemskap_i_gave_2023_KD_98505-1024x693.jpg 1024w, https:\/\/kondis.mittmagasin.online\/wp-content\/uploads\/2023\/03\/Medlemskap_i_gave_2023_KD_98505-768x520.jpg 768w\" sizes=\"auto, (max-width: 1200px) 100vw, 1200px\" \/>N\u00e5 kan du st\u00f8tte Kondis ved \u00e5 kj\u00f8pe rimelig gavemedlemskap til en venn. For kun 396 kroner gir du bort medlemskap i Kondis ut \u00e5ret.<\/p>\n<p class=\"p2\">Du som kj\u00f8per gaven vil motta en gaveeske med et Kondisblad, kort og en reflekssele. Dette kan du selv overlevere til den heldige mottaker.<\/p>\n<p class=\"p2\">Du kan kj\u00f8pe medlemskap i gave p\u00e5 Kondis sine nettsider.<\/p>\n<h2 class=\"p1\">Vi tar gjerne imot en gave<\/h2>\n<p class=\"p3\">Den kraftige prisveksten p\u00e5 energi og mat har f\u00f8rt til at flere ikke ser seg r\u00e5d til \u00e5 fortsette \u00e5 v\u00e6re medlemmer i Kondis. Det synes vi er utrolig synd b\u00e5de for de som da mister motivasjonen det er \u00e5 f\u00e5 treningstips og reportasjer i postkassen og p\u00e5 Kondis.no, og for oss i Kondis som opplever at b\u00e5de prisene \u00f8ker og inntektene g\u00e5r ned.<\/p>\n<p class=\"p4\">Dersom du har lyst og anledning til \u00e5 st\u00f8tte oss litt ekstra med en liten gave, vil vi sette utrolig stor pris p\u00e5 det. Du kan enten sette inn penger til v\u00e5r konto nummer: 1503.35.18541 eller<br \/>\nVippse til nummer: 125957<\/p>\n<h2 class=\"p1\"><span class=\"s1\">M\u00e5nedens verver for\u00a0<\/span><span class=\"s1\">b\u00e5de januar og februar ble:\u00a0<\/span><span class=\"s3\">Rolf Bakken<\/span><\/h2>\n<p class=\"p1\"><span class=\"s1\">med 5 vervede medlemmer i januar og 22 vervede\u00a0<\/span><span class=\"s1\">medlemmer i februar.<\/span><\/p>\n<figure id=\"attachment_6619\" aria-describedby=\"caption-attachment-6619\" style=\"width: 955px\" class=\"wp-caption alignright\"><img loading=\"lazy\" decoding=\"async\" class=\"size-full wp-image-6619\" src=\"https:\/\/kondis.mittmagasin.online\/wp-content\/uploads\/2023\/03\/Gavekort_PNG.jpg\" alt=\"\" width=\"955\" height=\"663\" srcset=\"https:\/\/kondis.mittmagasin.online\/wp-content\/uploads\/2023\/03\/Gavekort_PNG.jpg 955w, https:\/\/kondis.mittmagasin.online\/wp-content\/uploads\/2023\/03\/Gavekort_PNG-300x208.jpg 300w, https:\/\/kondis.mittmagasin.online\/wp-content\/uploads\/2023\/03\/Gavekort_PNG-768x533.jpg 768w\" sizes=\"auto, (max-width: 955px) 100vw, 955px\" \/><figcaption id=\"caption-attachment-6619\" class=\"wp-caption-text\"><strong>Gavekort:<\/strong> M\u00e5nedens verver f\u00e5r et gavekort p\u00e5 2000 kroner fra v\u00e5r samarbeidspartner L\u00f6plabbet. Husk at du som Kondismedlem f\u00e5r 15 prosent rabatt p\u00e5 alt du kj\u00f8per hos L\u00f6plabbet. Du kan derfor handle for 2353 kroner for dette gavekortet. For \u00e5 kunne k\u00e5res som m\u00e5nedens verver, m\u00e5 du ha vervet minst tre medlemmer den m\u00e5neden.<\/figcaption><\/figure>\n","protected":false},"excerpt":{"rendered":"<p>Foruten behandling av landsm\u00f8tesaker, herunder valg av nytt styre, inneholdt l\u00f8rdagens \u00e5rsm\u00f8te intern skolering og et teoretisk og praktisk l\u00f8peteknikkurs med Fredrik Zill\u00e9n.<\/p>\n","protected":false},"author":4,"featured_media":6603,"comment_status":"closed","ping_status":"open","sticky":false,"template":"","format":"standard","meta":{"_acf_changed":false,"footnotes":""},"categories":[111,109],"tags":[],"post_flags":[],"class_list":["post-6602","post","type-post","status-publish","format-standard","has-post-thumbnail","hentry","category-kondis-2-2023","category-109"],"acf":[],"_links":{"self":[{"href":"https:\/\/kondis.mittmagasin.online\/index.php?rest_route=\/wp\/v2\/posts\/6602","targetHints":{"allow":["GET"]}}],"collection":[{"href":"https:\/\/kondis.mittmagasin.online\/index.php?rest_route=\/wp\/v2\/posts"}],"about":[{"href":"https:\/\/kondis.mittmagasin.online\/index.php?rest_route=\/wp\/v2\/types\/post"}],"author":[{"embeddable":true,"href":"https:\/\/kondis.mittmagasin.online\/index.php?rest_route=\/wp\/v2\/users\/4"}],"replies":[{"embeddable":true,"href":"https:\/\/kondis.mittmagasin.online\/index.php?rest_route=%2Fwp%2Fv2%2Fcomments&post=6602"}],"version-history":[{"count":16,"href":"https:\/\/kondis.mittmagasin.online\/index.php?rest_route=\/wp\/v2\/posts\/6602\/revisions"}],"predecessor-version":[{"id":6931,"href":"https:\/\/kondis.mittmagasin.online\/index.php?rest_route=\/wp\/v2\/posts\/6602\/revisions\/6931"}],"wp:featuredmedia":[{"embeddable":true,"href":"https:\/\/kondis.mittmagasin.online\/index.php?rest_route=\/wp\/v2\/media\/6603"}],"wp:attachment":[{"href":"https:\/\/kondis.mittmagasin.online\/index.php?rest_route=%2Fwp%2Fv2%2Fmedia&parent=6602"}],"wp:term":[{"taxonomy":"category","embeddable":true,"href":"https:\/\/kondis.mittmagasin.online\/index.php?rest_route=%2Fwp%2Fv2%2Fcategories&post=6602"},{"taxonomy":"post_tag","embeddable":true,"href":"https:\/\/kondis.mittmagasin.online\/index.php?rest_route=%2Fwp%2Fv2%2Ftags&post=6602"},{"taxonomy":"post_flag","embeddable":true,"href":"https:\/\/kondis.mittmagasin.online\/index.php?rest_route=%2Fwp%2Fv2%2Fpost_flags&post=6602"}],"curies":[{"name":"wp","href":"https:\/\/api.w.org\/{rel}","templated":true}]}}