{"id":13382,"date":"2025-06-26T10:12:54","date_gmt":"2025-06-26T10:12:54","guid":{"rendered":"https:\/\/kondis.mittmagasin.online\/?p=13382"},"modified":"2025-06-26T10:13:09","modified_gmt":"2025-06-26T10:13:09","slug":"leder-16","status":"publish","type":"post","link":"https:\/\/kondis.mittmagasin.online\/?p=13382","title":{"rendered":"Leder"},"content":{"rendered":"<h2 class=\"p1\">Den store l\u00f8peb\u00f8lgen<\/h2>\n<p class=\"p1\">Jeg f\u00e5r ofte sp\u00f8rsm\u00e5l om hvor lenge den l\u00f8peb\u00f8lgen vi n\u00e5 har, vil fortsette Senest i g\u00e5r ville NRK ha en uttalelse om det. Ofte lurer jeg litt p\u00e5 det selv ogs\u00e5 \u2013 og like mye p\u00e5 hvorfor det n\u00e5 er en kamp om \u00e5 f\u00e5 plass i de l\u00f8pene man vil l\u00f8pe.<\/p>\n<p class=\"p2\">Det siste er vel b\u00e5de bra og litt synd. Bra for arrang\u00f8rer og litt mindre bra for oss l\u00f8pere som n\u00e5 ikke lenger kan sitte p\u00e5 gjerdet for lenge og vente med p\u00e5meldinger.<\/p>\n<p class=\"p2\">Det viktigste er vel uansett at flere faktisk l\u00f8per \u2013 selv om det fortsatt er veldig f\u00e5 som l\u00f8per. I mine \u00f8yne er den store forskjellen at det n\u00e5 er flere yngre som l\u00f8per, og enda g\u00f8yere er det at det er mange yngre jenter \/ kvinner som har funnet l\u00f8pingen. Det hadde jo v\u00e6rt veldig moro \u00e5 finne ut hvorfor disse yngre kvinnene startet med l\u00f8ping. Jeg antar at noe har med at det er trendy \u00e5 v\u00e6re litt sporty, og at l\u00f8ping er den mest trendy m\u00e5ten \u00e5 v\u00e6re sporty p\u00e5.<\/p>\n<h3 class=\"p4\"><span class=\"s1\">Farger og tilbeh\u00f8r <\/span><\/h3>\n<p class=\"p1\">De store varemerkene innen idrett vet \u00e5 kjenne sin bes\u00f8kelsestid de ogs\u00e5, med mye farger og tilbeh\u00f8r b\u00e5de p\u00e5 sko og kl\u00e6r. En viktig greie n\u00e5 er jo l\u00f8pevesten. Bruken av den har eksplodert ordentlig, og en person l\u00f8pende med l\u00f8pevest er ganske normalt n\u00e5 for tiden.<\/p>\n<p class=\"p2\">De store l\u00f8pene som har litt data p\u00e5 deltakerne sine, forteller ogs\u00e5 om trenden der snittalderen g\u00e5r ned og at det er med flere kvinner enn f\u00f8r. Det kan se ut som vi godt voksne blir f\u00e6rre, uten at det bekymrer meg veldig. Bortsett fra at jeg gjerne skulle sett noen analyser p\u00e5 hva de godt voksne gj\u00f8r i stedet. Eller er det fremdeles like mange veteraner som l\u00f8per, bare at det ikke har v\u00e6rt den samme \u00f8kningen blant dem som i de yngre klassene?<\/p>\n<h3 class=\"p4\"><span class=\"s1\">K\u00f8 av syklister<\/span><\/h3>\n<p class=\"p1\">Sp\u00f8rsm\u00e5lene jeg f\u00e5r g\u00e5r alts\u00e5 mest p\u00e5 l\u00f8peb\u00f8lgen, men for meg som er litt over snittet interessert i \u00e5 f\u00f8lge med p\u00e5 hva folk gj\u00f8r, s\u00e5 har jeg sett at ogs\u00e5 sykkel er litt i skuddet.<\/p>\n<p class=\"p2\">Men der blir ikke fokuset s\u00e5 stort all den tid de store sykkelkonkurransene ikke finnes. Det er nok mange grunner til det, men mye g\u00e5r helt klart p\u00e5 det med kompleksiteten i \u00e5 arrangere, s\u00e6rlig i forhold til sikkerhet og bruk av veinettet.<\/p>\n<p class=\"p2\">Uansett, ogs\u00e5 her ser jeg stadig flere unge kvinner. Jeg bor ganske n\u00e6r et travelt omr\u00e5de for sykling, nemlig Maridalen, og det er ganske fascinerende \u00e5 se at det til tider er en k\u00f8 av syklister p\u00e5 vei inn i Maridalen. Veldig ofte er det unge kvinner i gruppe.<\/p>\n<h3 class=\"p4\"><span class=\"s1\">Mange faktorer<\/span><\/h3>\n<p class=\"p1\">Men hvor lenge skal alt dette fortsette \u00e5 vokse? Akkurat det tipper jeg mange i denne bransjen lurer litt p\u00e5, og her er jo faktorene utrolig mange! Det g\u00e5r jo bare ikke p\u00e5 hva vi som mennesker gj\u00f8r, men ogs\u00e5 alt som foreg\u00e5r rundt oss. Den kloden vi lever p\u00e5 har jo utfordringer i alle retninger per n\u00e5, som p\u00e5 sikt kan avgj\u00f8re mye.<\/p>\n<p class=\"p2\">Og ikke minst pris. Pris p\u00e5 utstyr, pris p\u00e5 l\u00f8p, tilgang p\u00e5 utstyr, restriksjoner p\u00e5 \u00e5 arrangere osv.<\/p>\n<p class=\"p2\">Jeg har ikke svaret, men h\u00e5per at alle ser p\u00e5 det \u00e5 v\u00e6re i bevegelse som en bra ting, b\u00e5de fysisk og mentalt. Jeg tror det vil v\u00e6re et stort behov for bevegelse fremover, for \u00e5 f\u00e5 litt \u00abfri\u00bb fra alt som n\u00e5 foreg\u00e5r i verden.<\/p>\n<p class=\"p2\">Jeg h\u00e5per at du som medlem, bruker litt tid p\u00e5 bevegelse i sommer. En kropp i balanse, b\u00e5de fysisk og mentalt, skaper automatisk noe bra for deg \u2013 og alle rundt deg.<\/p>\n<p class=\"p1\">God sommer!<\/p>\n","protected":false},"excerpt":{"rendered":"<p>Den store l\u00f8peb\u00f8lgen Jeg f\u00e5r ofte sp\u00f8rsm\u00e5l om hvor lenge den l\u00f8peb\u00f8lgen vi n\u00e5 har, vil fortsette Senest i g\u00e5r ville NRK ha en uttalelse om det. Ofte lurer jeg litt p\u00e5 det selv ogs\u00e5 \u2013 og like mye p\u00e5 hvorfor det n\u00e5 er en kamp om \u00e5 f\u00e5 plass i de l\u00f8pene man vil [&hellip;]<\/p>\n","protected":false},"author":1,"featured_media":2718,"comment_status":"closed","ping_status":"open","sticky":false,"template":"","format":"standard","meta":{"_acf_changed":false,"footnotes":""},"categories":[130],"tags":[88],"post_flags":[],"class_list":["post-13382","post","type-post","status-publish","format-standard","has-post-thumbnail","hentry","category-kondis-5-2025","tag-leder"],"acf":[],"_links":{"self":[{"href":"https:\/\/kondis.mittmagasin.online\/index.php?rest_route=\/wp\/v2\/posts\/13382","targetHints":{"allow":["GET"]}}],"collection":[{"href":"https:\/\/kondis.mittmagasin.online\/index.php?rest_route=\/wp\/v2\/posts"}],"about":[{"href":"https:\/\/kondis.mittmagasin.online\/index.php?rest_route=\/wp\/v2\/types\/post"}],"author":[{"embeddable":true,"href":"https:\/\/kondis.mittmagasin.online\/index.php?rest_route=\/wp\/v2\/users\/1"}],"replies":[{"embeddable":true,"href":"https:\/\/kondis.mittmagasin.online\/index.php?rest_route=%2Fwp%2Fv2%2Fcomments&post=13382"}],"version-history":[{"count":2,"href":"https:\/\/kondis.mittmagasin.online\/index.php?rest_route=\/wp\/v2\/posts\/13382\/revisions"}],"predecessor-version":[{"id":13384,"href":"https:\/\/kondis.mittmagasin.online\/index.php?rest_route=\/wp\/v2\/posts\/13382\/revisions\/13384"}],"wp:featuredmedia":[{"embeddable":true,"href":"https:\/\/kondis.mittmagasin.online\/index.php?rest_route=\/wp\/v2\/media\/2718"}],"wp:attachment":[{"href":"https:\/\/kondis.mittmagasin.online\/index.php?rest_route=%2Fwp%2Fv2%2Fmedia&parent=13382"}],"wp:term":[{"taxonomy":"category","embeddable":true,"href":"https:\/\/kondis.mittmagasin.online\/index.php?rest_route=%2Fwp%2Fv2%2Fcategories&post=13382"},{"taxonomy":"post_tag","embeddable":true,"href":"https:\/\/kondis.mittmagasin.online\/index.php?rest_route=%2Fwp%2Fv2%2Ftags&post=13382"},{"taxonomy":"post_flag","embeddable":true,"href":"https:\/\/kondis.mittmagasin.online\/index.php?rest_route=%2Fwp%2Fv2%2Fpost_flags&post=13382"}],"curies":[{"name":"wp","href":"https:\/\/api.w.org\/{rel}","templated":true}]}}