{"id":12607,"date":"2025-03-19T23:48:44","date_gmt":"2025-03-19T23:48:44","guid":{"rendered":"https:\/\/kondis.mittmagasin.online\/?p=12607"},"modified":"2025-03-20T12:52:29","modified_gmt":"2025-03-20T12:52:29","slug":"ultraloper-med-sans-for-de-store-utfordringene","status":"publish","type":"post","link":"https:\/\/kondis.mittmagasin.online\/?p=12607","title":{"rendered":"Ultral\u00f8per med sans for de store utfordringene"},"content":{"rendered":"<p class=\"p1\">Ingrid vokste opp i Oslo, men flyttet til Kviteseid da hun var elleve \u00e5r gammel.<\/p>\n<p class=\"p3\">\u2013 Det var en vanskelig tid; jeg f\u00f8lte meg veldig annerledes og mistrivdes. Jeg utviklet depresjon og spiseforstyrrelser og flyktet inn i det \u00e5 skrive egne tekster.<\/p>\n<p class=\"p3\">Hun forteller at hun ikke var spesielt interessert i idrett i oppveksten, men hadde hest og drev med ridning: sprang, dressur og westernridning. Etter hvert dyrket hun mer interessen for teater og skriving.<\/p>\n<p class=\"p3\">\u2013 Etter grunnskolen flyttet jeg for \u00e5 g\u00e5 p\u00e5 dramalinja ved Skien videreg\u00e5ende skole og m\u00f8tte flere likesinnede. Etter det igjen dro jeg til Oslo og tok en bachelor i drama og teaterkommunikasjon ved Oslo MET med fordypninger i maskespill, bevegelsesl\u00e6re og fortellerkunst.<\/p>\n<p class=\"p3\">\u2013 Jeg l\u00e6rte mye der som jeg har tatt med meg videre, for eksempel disiplin og n\u00f8yaktighet som har overf\u00f8ringsverdi til \u00e5 gj\u00f8re trening skikkelig og grundig og ikke ta snarveier. Det gav meg mye kunnskap om kroppen og hvordan man trener opp statisk styrke, kjernemuskulatur og fremmer hensiktsmessige bevegelser. Noe av fortellerteknikken jeg l\u00e6rte, pr\u00f8ver jeg i dag \u00e5 bruke p\u00e5 Instagram.<\/p>\n<p class=\"p3\">\u2013 Jeg hadde tenkt \u00e5 bygge videre p\u00e5 bevegelsesl\u00e6re og biomekanikk og s\u00f8kte opptak p\u00e5 masterstudium i Performance arts ved et universitet i London. Mot alle odds kom jeg inn, men psyken min stoppet meg. Jeg tenkte det ville v\u00e6re for vanskelig og ville f\u00f8re meg inn i en usikker fremtid<span class=\"Apple-converted-space\">\u00a0 <\/span>og v\u00e6re d\u00e5rlig for den allerede skj\u00f8re psyken min. Jeg begynte p\u00e5 fysioterapi med et \u00f8nske om \u00e5 jobbe videre med noe annet knyttet til bevegelsesl\u00e6re, men ombestemte meg da jeg f\u00f8lte at studiet var altfor fokusert p\u00e5 \u00e5 finne funksjonsfeil og tok\u00a0sykepleierutdanning istedenfor, forteller hun.\u00a0<\/p>\n<p class=\"p3\">\u2013 Jeg har ikke angret p\u00e5 det yrkesvalget selv om det er hardt arbeid og knappe ressurser. Jeg tenker at det er hard arbeidsbelastning i de fleste jobber, ikke minst gjelder det for de som har manuelt arbeid ute. I dag jobber jeg 80 prosent p\u00e5 et korttids- og rehabiliteringssenter og synes jeg har en meningsfull jobb og kontakt med mange ulike mennesker.<\/p>\n<figure id=\"attachment_12616\" aria-describedby=\"caption-attachment-12616\" style=\"width: 500px\" class=\"wp-caption alignright\"><img loading=\"lazy\" decoding=\"async\" class=\"size-full wp-image-12616\" src=\"https:\/\/kondis.mittmagasin.online\/wp-content\/uploads\/2025\/03\/NM_100_km_2022_Bergen_Ultra_Maratonkarusellen_Ingrid_Lid_Norgesmester_KD_96666_Foto_Arne_Dag_Myking.jpg\" alt=\"\" width=\"500\" height=\"333\" srcset=\"https:\/\/kondis.mittmagasin.online\/wp-content\/uploads\/2025\/03\/NM_100_km_2022_Bergen_Ultra_Maratonkarusellen_Ingrid_Lid_Norgesmester_KD_96666_Foto_Arne_Dag_Myking.jpg 500w, https:\/\/kondis.mittmagasin.online\/wp-content\/uploads\/2025\/03\/NM_100_km_2022_Bergen_Ultra_Maratonkarusellen_Ingrid_Lid_Norgesmester_KD_96666_Foto_Arne_Dag_Myking-300x200.jpg 300w\" sizes=\"auto, (max-width: 500px) 100vw, 500px\" \/><figcaption id=\"caption-attachment-12616\" class=\"wp-caption-text\"><strong>NM-gull:<\/strong> To ganger har Ingrid Lid kunnet juble for NM-gull p\u00e5 100 km i Bergen Ultra. Hun har i tillegg en s\u00f8lvmedalje fra NM 100 km og en bronse fra NM terrengultra. (Foto: Arne Dag Myking)<\/figcaption><\/figure>\n<h3 class=\"p5\"><span class=\"s1\">L\u00f8ping som terapi<\/span><\/h3>\n<p class=\"p2\">Ingrid forteller at hun alltid har likt \u00e5 l\u00f8pe og har gjort det regelmessig, men aldri drevet med friidrett. Jeg hadde ikke gym p\u00e5 videreg\u00e5ende, men bevegelse, noe som innebar dans, yoga, akrobatikk, fekting og kampsport.<\/p>\n<p class=\"p3\">\u2013 Mens jeg studerte sykepleie, begynte jeg for alvor med ultral\u00f8ping. Jeg hadde aldri h\u00f8rt om ultra f\u00f8r jeg ble introdusert for det av Einar Hagemann. Jeg var lenge i tvil om jeg ville konkurrere. Jeg var redd for at det ville ta vekk noe av det l\u00f8pingen var for meg \u2013 terapi rett og slett.<\/p>\n<p class=\"p3\">I 2016 meldte hun seg likevel p\u00e5 sin f\u00f8rste maraton som viste seg \u00e5 g\u00e5 veldig bra. Det f\u00f8rste ultral\u00f8pet ble Bislett 50 km som ogs\u00e5 ble vellykket, selv om hun ikke trodde at hun skulle klare \u00e5 gjennomf\u00f8re det. Deretter gikk det slag i slag med ultral\u00f8p. Hun begynte \u00e5 trene mer intensivt og alt for hardt, bemerker hun, n\u00e5r hun ser tilbake p\u00e5 denne tiden i dag.<\/p>\n<p class=\"p3\">\u2013 Det ballet fort p\u00e5 seg med skader for en alt for ivrig treningsavhengig person som enn\u00e5 ikke hadde funnet ut av det med spiseforstyrrelser. Jeg l\u00f8p mellom 150-200 km i uka, inkludert en langtur p\u00e5 4-6 mil. I dag l\u00f8per jeg kortere langturer, men har gjerne flere i uken, og jeg trener mer langintervaller. Jeg kan ofte ha tre-fire intervall\u00f8kter i uken, noen ganger flere, sier hun og legger til:<\/p>\n<p class=\"p3\">\u2013 2018 ble et fantastisk \u00e5r, og jeg vant mitt f\u00f8rste 100-miles l\u00f8p North Downs Way i England, men var skadet resten av \u00e5ret etter det. 2019 ble verre med et dramatisk benbrudd som startet som en stressfraktur og som krevde operasjon og lang rekonvalesens. Det var mulig at jeg ikke kunne l\u00f8pe igjen.<\/p>\n<h3 class=\"p5\"><span class=\"s1\">Oppturer og nedturer <\/span><\/h3>\n<p class=\"p2\">Ingrid er stolt av at hun greide \u00e5 trene seg opp igjen og komme sterkere tilbake.<\/p>\n<p class=\"p3\">\u2013 Jeg begynte \u00e5 kombinere lange, flate ultral\u00f8p p\u00e5 asfalt med terrengultra. Dette funket bedre for kroppen min med mer variasjon ved \u00e5 l\u00f8pe mer i terreng, og en slags naturlig periodisering av treningen. Jeg fikk kontrakt med BFG Bergen L\u00f8peklubb, og hadde Jan Fj\u00e6restad som trener. Senere fikk jeg ogs\u00e5 kontrakt med Salomon Norge. Det gav meg mye inspirasjon, og det gjorde at treningen min ble mer strukturert. Jeg fikk raskt bedre resultater, og etter hvert, med mye trening og jobbing med mine psykiske utfordringer (kompleks posttraumatisk stresslidelse) kom rekordene.<\/p>\n<p class=\"p3\">Sammen med rekordene kom ogs\u00e5 utfordringene i og med at de l\u00f8pene hun valgte ble mer krevende. Det \u00e5 delta i kortere l\u00f8p kunne v\u00e6re g\u00f8y som trening mot lengre l\u00f8p, men det er ikke nok for henne. Hun tiltrekkes av l\u00f8p der b\u00e5de innsatsen og muligheten for \u00e5 mislykkes er stor. N\u00e5r noe f\u00f8les veldig vanskelig, er det ogs\u00e5 mer spennende.<\/p>\n<p class=\"p3\">I 2023 gjennomf\u00f8rte Ingrid TDS, et 148 kilometer langt fjell\u00f8p med 9100 h\u00f8ydemeter i Mont Blanc-omr\u00e5det mellom Courmayeur i Italia og Chamonix i Frankrike \u2013 i sn\u00f8storm og kulde s\u00e5 sterk at drikkevannet fr\u00f8s. Det gikk likevel over all forventning. Hun kom p\u00e5 sjuendeplass og vurderer dette som en av sine beste internasjonale plasseringer. \u00c5ret etter deltok hun igjen, men denne gangen<span class=\"Apple-converted-space\">\u00a0 <\/span>endte det med DNF.<span class=\"Apple-converted-space\">\u00a0 <\/span>Om dette har Ingrid latt seg intervjue av Magnus Thorud i podkasten \u00abNorsk Ultra banker p\u00e5 din d\u00f8r\u00bb.<\/p>\n<figure id=\"attachment_12617\" aria-describedby=\"caption-attachment-12617\" style=\"width: 500px\" class=\"wp-caption alignright\"><img loading=\"lazy\" decoding=\"async\" class=\"size-full wp-image-12617\" src=\"https:\/\/kondis.mittmagasin.online\/wp-content\/uploads\/2025\/03\/Ingrid-Lid-Kyrkjetaket-foto-privat.jpg\" alt=\"\" width=\"500\" height=\"625\" srcset=\"https:\/\/kondis.mittmagasin.online\/wp-content\/uploads\/2025\/03\/Ingrid-Lid-Kyrkjetaket-foto-privat.jpg 500w, https:\/\/kondis.mittmagasin.online\/wp-content\/uploads\/2025\/03\/Ingrid-Lid-Kyrkjetaket-foto-privat-240x300.jpg 240w\" sizes=\"auto, (max-width: 500px) 100vw, 500px\" \/><figcaption id=\"caption-attachment-12617\" class=\"wp-caption-text\"><strong>P\u00e5 eggen:<\/strong> Ingrid Lid balanserer p\u00e5 Kyrkjetaket som er en spektakul\u00e6r topp i Isfjorden i Romsdal. (Foto: privat)<\/figcaption><\/figure>\n<h3 class=\"p5\"><span class=\"s1\">Plantebasert kosthold<\/span><\/h3>\n<p class=\"p2\">Ingrid spiser plantebasert, har gjort det i flere \u00e5r og etter hvert bygd opp en kompetanse p\u00e5 hvordan et vegetarisk kosthold kan balanseres med ultral\u00f8ping. Hun er bevisst p\u00e5 at maten skal inneholde nok proteiner og bruker mye b\u00f8nner, linser og quinoa i kj\u00f8kkenet. Smoothie er en favoritt, og hun tilsetter gjerne vegansk proteinpulver og alger.<\/p>\n<p class=\"p3\">\u2013 Jeg spiser mye karbohydrater, lager all maten fra bunnen av og fokuserer p\u00e5 grove kornsorter, frukt og gr\u00f8nnsaker i sesong.<b> <\/b>Jeg lager i grunnen ganske enkel mat og bruker ikke s\u00e5 lang tid p\u00e5 matlagingen. Det meste kan tilberedes raskt i blender og airfryer.<\/p>\n<p class=\"p3\">Under ultral\u00f8p inntar Ingrid hovedsakelig karbohydrater fra geler og sportsdrikke. Rekorden er 36 geler under Centurion North Downs Way i 2018 der hun for \u00f8vrig tok seieren i dameklassen.<\/p>\n<p class=\"p3\">\u2013 I senere tid har jeg begynt \u00e5 fors\u00f8ke med \u00e5 tilf\u00f8re mer fast f\u00f8de og trener p\u00e5 dette i forbindelse med \u00e5rets hovedm\u00e5l som er UTMB i august. Det er noe som skjer med kroppen n\u00e5r man har l\u00f8pt lenger enn 8-10 timer p\u00e5 h\u00f8y intensitet. Da kan det v\u00e6re veldig utfordrende \u00e5 klare \u00e5 f\u00e5 i seg nok energi, s\u00e5 dette er noe en ultral\u00f8per m\u00e5 trene p\u00e5.<\/p>\n<h3 class=\"p5\"><span class=\"s1\">Ultra bucketliste<\/span><\/h3>\n<p class=\"p2\">Ingrid ser frem til l\u00f8ps\u00e5ret 2025. Hun planlegger Marathon Mont-Blanc 90 km i juni og hovedl\u00f8pet i UTMB 171 km i august. P\u00e5 lengre sikt har hun Western States 100 miles, et av verdens eldste ultral\u00f8p, p\u00e5 lista, men her m\u00e5 man, i tillegg til \u00e5 kvalifisere seg, v\u00e6re heldig med loddtrekningen.<\/p>\n\n\n<hr class=\"wp-block-separator has-alpha-channel-opacity\"\/>\n\n\n<h2 class=\"p1\">Eksempel p\u00e5 treningsuke<\/h2>\n<p class=\"p1\">Programmet er satt opp av trener, med l\u00f8ping til og fra jobb en uke med fire vakter.<\/p>\n<table class=\"t1\" cellspacing=\"0\" cellpadding=\"0\">\n<tbody>\n<tr>\n<td class=\"td1\" valign=\"top\">\n<p class=\"p1\"><strong>Mandag<br \/><\/strong><span style=\"font-size: revert; font-family: inherit; font-weight: inherit; color: initial;\">(fri fra jobb)<\/span><\/p>\n<\/td>\n<td class=\"td1\" valign=\"top\">\n<p class=\"p2\">1. \u00f8kt: 1 time rolig,<\/p>\n<p class=\"p2\">2. \u00f8kt: intervall, 15 min oppvarming, 6 x 2 km, p. 60 sek, 10 min nedjogg.<\/p>\n<\/td>\n<\/tr>\n<tr>\n<td class=\"td1\" valign=\"top\">\n<p class=\"p1\"><strong>Tirsdag<br \/><\/strong>(seinvakt)<\/p>\n<\/td>\n<td class=\"td1\" valign=\"top\">\n<p class=\"p1\">1. \u00f8kt: 70-90 min rolig l\u00f8ping i terreng.<\/p>\n<p class=\"p1\">2. og 3. \u00f8kt: Rolig l\u00f8ping til og fra jobb 30 min hver vei.<\/p>\n<\/td>\n<\/tr>\n<tr>\n<td class=\"td1\" valign=\"top\">\n<p class=\"p1\"><strong>Onsdag<br \/><\/strong>(dagvakt)<\/p>\n<\/td>\n<td class=\"td1\" valign=\"top\">\n<p class=\"p1\">1. og 2. \u00f8kt: 30 min til og fra jobb.<\/p>\n<p class=\"p1\">3. \u00f8kt: intervall, 15 min oppvarming, 12 x 1 km, p. 60 sek, 10 min nedjogg.<\/p>\n<\/td>\n<\/tr>\n<tr>\n<td class=\"td1\" valign=\"top\">\n<p class=\"p1\"><strong>Torsdag<br \/><\/strong>(dagvakt)<\/p>\n<\/td>\n<td class=\"td1\" valign=\"top\">\n<p class=\"p1\">1. og 2. \u00f8kt: 30 min rolig til og fra jobb.\u00a0<\/p>\n<p class=\"p1\">3. \u00f8kt: 1 time rolig terreng.\u00a0<\/p>\n<\/td>\n<\/tr>\n<tr>\n<td class=\"td1\" valign=\"top\">\n<p class=\"p1\"><strong>Fredag<br \/><\/strong>(dagvakt)<\/p>\n<\/td>\n<td class=\"td1\" valign=\"top\">\n<p class=\"p1\">1. og 2. \u00f8kt: 30 min rolig til og fra jobb.<\/p>\n<p class=\"p1\">3. \u00f8kt: 4 x 10 min motbakke (p. rolig l\u00f8p ned)<\/p>\n<\/td>\n<\/tr>\n<tr>\n<td class=\"td1\" valign=\"top\">\n<p class=\"p1\"><strong>L\u00f8rdag<\/strong><\/p>\n<\/td>\n<td class=\"td1\" valign=\"top\">\n<p class=\"p1\">1. \u00f8kt: Intervall, 15 min oppvarming, 4 x 3 km, p. 60 sek + 3 x 1 km, p. 60 sek og 10 min nedjogg<\/p>\n<p class=\"p1\">2. \u00f8kt: 30 min rolig.<\/p>\n<\/td>\n<\/tr>\n<tr>\n<td class=\"td1\" valign=\"top\">\n<p class=\"p1\"><strong>S\u00f8ndag<\/strong><\/p>\n<\/td>\n<td class=\"td1\" valign=\"top\">\n<p class=\"p1\">3 timer rolig l\u00f8p i terreng<\/p>\n<\/td>\n<\/tr>\n<tr>\n<td class=\"td1\" valign=\"top\">\n<p class=\"p1\"><b>Sum<\/b><b><\/b><\/p>\n<\/td>\n<td class=\"td1\" valign=\"top\">\n<p class=\"p2\">= ca. 155 km + en god del h\u00f8ydemeter<\/p>\n<\/td>\n<\/tr>\n<\/tbody>\n<\/table>\n<p class=\"p1\">I tillegg til trenings\u00f8ktene har Ingrid god erfaring med infrar\u00f8d sauna som hun har en miniutgave av hjemme i leiligheten.<\/p>\n\n\n<hr class=\"wp-block-separator has-alpha-channel-opacity\"\/>\n\n\n<figure id=\"attachment_12611\" aria-describedby=\"caption-attachment-12611\" style=\"width: 300px\" class=\"wp-caption alignright\"><img loading=\"lazy\" decoding=\"async\" class=\"size-full wp-image-12611\" src=\"https:\/\/kondis.mittmagasin.online\/wp-content\/uploads\/2025\/03\/NM_100_km_2022_Bergen_Ultra_Maratonkarusellen_Annette_Velde_Sande_Ingrid_Lid_Margunn_Bye_Tosdal_Premiepall_KD_96638_Foto_Arne_Dag_Myking.jpg\" alt=\"\" width=\"300\" height=\"410\" srcset=\"https:\/\/kondis.mittmagasin.online\/wp-content\/uploads\/2025\/03\/NM_100_km_2022_Bergen_Ultra_Maratonkarusellen_Annette_Velde_Sande_Ingrid_Lid_Margunn_Bye_Tosdal_Premiepall_KD_96638_Foto_Arne_Dag_Myking.jpg 300w, https:\/\/kondis.mittmagasin.online\/wp-content\/uploads\/2025\/03\/NM_100_km_2022_Bergen_Ultra_Maratonkarusellen_Annette_Velde_Sande_Ingrid_Lid_Margunn_Bye_Tosdal_Premiepall_KD_96638_Foto_Arne_Dag_Myking-220x300.jpg 220w\" sizes=\"auto, (max-width: 300px) 100vw, 300px\" \/><figcaption id=\"caption-attachment-12611\" class=\"wp-caption-text\">Foto: Arne Dag Myking<\/figcaption><\/figure>\n<h2 class=\"p1\">Ingrid Margrethe Lid<\/h2>\n<p class=\"p4\"><b>Alder:<\/b> 33 \u00e5r<br \/><b>Yrke:<\/b> Sykepleier<br \/><span class=\"s1\"><b>Sivilstatus:<\/b> Kj\u00e6reste<br \/><\/span><b>Idrett:<\/b> Ultral\u00f8p<br \/><b>Klubb:<\/b> BFG Bergen L\u00f8peklubb<br \/><b>Trener: <\/b>Jan Fj\u00e6restad<br \/><span class=\"s1\"><b>Perser:<br \/><\/b><\/span>Halvmaraton: 1.24.31 (Jessheim, 2024)<br \/>Maraton: 2.56.21 (Jessheim, 2024)<br \/>50 km: 3.49.29 (NM Bergen, 2024)<br \/>50 miles: 6.22.32 Centurian Track 50 miles (GBR, 2023)<br \/>50 miles: 6.11.12 uoffisielt (NM Bergen, 2024)<br \/>100 km: 7.45.10 (NM Bergen, 2024)<br \/>100 miles: 13.46.23 (Bislett, 2023)<br \/>6-timers: 75,964 km (Bislett, 2023)<br \/>12-timers: 142,090 km (Bislett, 2023)<br \/>24-timers: 209,144 km (Bislett, 2017)<br \/><span class=\"s1\"><b>Utvalgte meritter<br \/><\/b><\/span>Bronse NM Terrengultra 81 km (Telemark, 2017)<br \/>S\u00f8lv NM 100 km (Undheim, 2018)<br \/>1. plass Centurion North Downs Way 100 miles (GBR, 2018)<br \/>2. plass Eco Trail 80 km (Oslo, 2018)<br \/>2. plass Thames Path 100 miles (GBR, 2019)<br \/>1. plass Skogvokteren ultra 88 km (Telemark, 2021)<br \/>1. plass Hardangerj\u00f8kulen ultra 95 km (Eidfjord, 2021)<br \/>2. plass Thames Path 100 miles (GBR, 2022)<br \/>Gull NM 100 km (Bergen 2022)<br \/>1. plass Salmon cup 2022 (100 km N\u00f8sen og 100 km Rondane)<br \/>1. plass Centurion Track 100 miles (GBR, 2023)<br \/>7. plass TDS 148 km (Italia\/Frankrike 2023)<br \/>5. plass Lavaredo 120 km (Italia, 2024)<br \/>Gull NM 100 km (Bergen, 2024)<\/p>\n\n\n<hr class=\"wp-block-separator has-alpha-channel-opacity\"\/>\n\n\n<div class=\"wp-block-image\">\n<figure class=\"aligncenter size-large\"><a href=\"https:\/\/fjellmaraton.no\/\" target=\"_blank\" rel=\" noreferrer noopener\"><img loading=\"lazy\" decoding=\"async\" width=\"341\" height=\"1024\" src=\"https:\/\/kondis.mittmagasin.online\/wp-content\/uploads\/2025\/03\/Fjellmaraton-341x1024.jpg\" alt=\"\" class=\"wp-image-12619\" srcset=\"https:\/\/kondis.mittmagasin.online\/wp-content\/uploads\/2025\/03\/Fjellmaraton-341x1024.jpg 341w, https:\/\/kondis.mittmagasin.online\/wp-content\/uploads\/2025\/03\/Fjellmaraton-100x300.jpg 100w, https:\/\/kondis.mittmagasin.online\/wp-content\/uploads\/2025\/03\/Fjellmaraton-512x1536.jpg 512w, https:\/\/kondis.mittmagasin.online\/wp-content\/uploads\/2025\/03\/Fjellmaraton.jpg 600w\" sizes=\"auto, (max-width: 341px) 100vw, 341px\" \/><\/a><\/figure>\n<\/div>","protected":false},"excerpt":{"rendered":"<p>Ingrid Lid er en allsidig ultral\u00f8per. Hun har to gull- og en s\u00f8lvmedalje fra NM i 100 km. Hun har ogs\u00e5 oppn\u00e5dd topplasseringer i krevende internasjonale ultral\u00f8p og vil satse mer p\u00e5 fjell\u00f8p fremover.<\/p>\n","protected":false},"author":10,"featured_media":12608,"comment_status":"closed","ping_status":"open","sticky":false,"template":"","format":"standard","meta":{"_acf_changed":false,"footnotes":""},"categories":[128,126],"tags":[],"post_flags":[],"class_list":["post-12607","post","type-post","status-publish","format-standard","has-post-thumbnail","hentry","category-kondis-2-2025","category-utgaver-2025"],"acf":[],"_links":{"self":[{"href":"https:\/\/kondis.mittmagasin.online\/index.php?rest_route=\/wp\/v2\/posts\/12607","targetHints":{"allow":["GET"]}}],"collection":[{"href":"https:\/\/kondis.mittmagasin.online\/index.php?rest_route=\/wp\/v2\/posts"}],"about":[{"href":"https:\/\/kondis.mittmagasin.online\/index.php?rest_route=\/wp\/v2\/types\/post"}],"author":[{"embeddable":true,"href":"https:\/\/kondis.mittmagasin.online\/index.php?rest_route=\/wp\/v2\/users\/10"}],"replies":[{"embeddable":true,"href":"https:\/\/kondis.mittmagasin.online\/index.php?rest_route=%2Fwp%2Fv2%2Fcomments&post=12607"}],"version-history":[{"count":6,"href":"https:\/\/kondis.mittmagasin.online\/index.php?rest_route=\/wp\/v2\/posts\/12607\/revisions"}],"predecessor-version":[{"id":12755,"href":"https:\/\/kondis.mittmagasin.online\/index.php?rest_route=\/wp\/v2\/posts\/12607\/revisions\/12755"}],"wp:featuredmedia":[{"embeddable":true,"href":"https:\/\/kondis.mittmagasin.online\/index.php?rest_route=\/wp\/v2\/media\/12608"}],"wp:attachment":[{"href":"https:\/\/kondis.mittmagasin.online\/index.php?rest_route=%2Fwp%2Fv2%2Fmedia&parent=12607"}],"wp:term":[{"taxonomy":"category","embeddable":true,"href":"https:\/\/kondis.mittmagasin.online\/index.php?rest_route=%2Fwp%2Fv2%2Fcategories&post=12607"},{"taxonomy":"post_tag","embeddable":true,"href":"https:\/\/kondis.mittmagasin.online\/index.php?rest_route=%2Fwp%2Fv2%2Ftags&post=12607"},{"taxonomy":"post_flag","embeddable":true,"href":"https:\/\/kondis.mittmagasin.online\/index.php?rest_route=%2Fwp%2Fv2%2Fpost_flags&post=12607"}],"curies":[{"name":"wp","href":"https:\/\/api.w.org\/{rel}","templated":true}]}}