{"id":12435,"date":"2025-03-19T08:38:00","date_gmt":"2025-03-19T08:38:00","guid":{"rendered":"https:\/\/kondis.mittmagasin.online\/?p=12435"},"modified":"2025-03-19T09:10:23","modified_gmt":"2025-03-19T09:10:23","slug":"magisk-natt-mot-dag-skibrev-fra-nattvasan","status":"publish","type":"post","link":"https:\/\/kondis.mittmagasin.online\/?p=12435","title":{"rendered":"Magisk natt mot dag \u2013 skibrev fra Nattvasan"},"content":{"rendered":"<p class=\"p1\">Jeg var i opptrening etter en albuoperasjon, og det var en del \u00e5r siden jeg hadde g\u00e5tt langt p\u00e5 ski. Tanken p\u00e5 \u00e5 g\u00e5 90 kilometer p\u00e5 ski midt p\u00e5 natta hadde ikke engang streifet meg. Samtidig, hvilken fantastisk utfordring det m\u00e5tte v\u00e6re! Vi meldte oss p\u00e5. Takk for utfordringen, Gloria!<\/p>\n<figure id=\"attachment_12437\" aria-describedby=\"caption-attachment-12437\" style=\"width: 500px\" class=\"wp-caption alignright\"><img loading=\"lazy\" decoding=\"async\" class=\"size-full wp-image-12437\" src=\"https:\/\/kondis.mittmagasin.online\/wp-content\/uploads\/2025\/03\/Katrine-Rolid-foto-Sportograf-15644_20250301_015405_447361903_original.jpg\" alt=\"\" width=\"500\" height=\"452\" srcset=\"https:\/\/kondis.mittmagasin.online\/wp-content\/uploads\/2025\/03\/Katrine-Rolid-foto-Sportograf-15644_20250301_015405_447361903_original.jpg 500w, https:\/\/kondis.mittmagasin.online\/wp-content\/uploads\/2025\/03\/Katrine-Rolid-foto-Sportograf-15644_20250301_015405_447361903_original-300x271.jpg 300w\" sizes=\"auto, (max-width: 500px) 100vw, 500px\" \/><figcaption id=\"caption-attachment-12437\" class=\"wp-caption-text\"><strong>Fin opplevelse:<\/strong> Artikkelforfatter Katrine Rolid sk\u00f8yta de 9 milene og angret ikke at hun noks\u00e5 impulsivt meldte seg p\u00e5 Nattvasan. (Foto: Sportograf.com)<\/figcaption><\/figure>\n<p class=\"p2\">Fredag 28. februar klokka 11.45 satte vi nesa mot S\u00e4len. Vi skulle starte klokka 20.00 og hadde en lang dag med tog og buss foran oss f\u00f8r selve l\u00f8pet skulle starte. M\u00e5let var \u00e5 sove p\u00e5 reisen. Det viste seg \u00e5 ikke v\u00e6re s\u00e5 lett. Vi bekymret oss ikke for mye over manglende s\u00f8vn og n\u00f8t en vakker solnedgang fra Vasaloppbussen fra Mora til S\u00e4len. V\u00e6ret var p\u00e5 v\u00e5r side. Vi gledet oss!\u00a0<\/p>\n<p class=\"p2\">Klokka 19.55. Vi sto p\u00e5 startstreken. Det var helt m\u00f8rkt. Ingen lys fra hodelyktene, ingen lys p\u00e5 stadion. En spesiell opplevelse. Med ett f\u00f8lte du deg bare enormt takknemlig som kunne st\u00e5 p\u00e5 startstreken og bare v\u00e6re i stemningen.\u00a0\u00a0<\/p>\n<p class=\"p2\">Klokka 19.59. Hodelyktene ble sl\u00e5tt p\u00e5, speakeren telte ned og klokka 20.00 staket vi oss i gang ut i de m\u00f8rke svenske skogene og lange myrene.\u00a0<\/p>\n<h3 class=\"p4\"><span class=\"s1\">Dansen gjennom natten<\/span><\/h3>\n<p class=\"p1\">Nattvasan er fristil. Jeg valgte sk\u00f8yting. Det er vanskelig \u00e5 beskrive opplevelsen av \u00e5 danse gjennom natten. Det m\u00e5 oppleves. Jeg hadde p\u00e5 forh\u00e5nd bestemt meg om \u00e5 fokusere p\u00e5 teknikk og opplevelse selv om jeg vet at startnummer kan trigge konkurransegenet i meg. Det gjorde det ikke denne gangen. Jeg gikk med lav puls og n\u00f8t rytmen. Sugde til meg opplevelsen av \u00e5 gli gjennom natten. Menneskene rundt meg som ogs\u00e5 var i samme modus. De lavm\u00e6lte stemmene i natten.\u00a0<\/p>\n<p class=\"p2\">I Nattvasan kan du velge mellom \u00e5 g\u00e5 individuelt eller \u00e5 g\u00e5 i par. Gloria og jeg valgte individuelt. Det innebar at vi ogs\u00e5 kunne oppleve \u00e5 g\u00e5 helt alene i deler av l\u00f8ypa. Jeg n\u00f8t stillheten. Den taktfaste rytmen av skiene som gled over sn\u00f8en. Jeg kjente p\u00e5 en liten tr\u00f8tthet da det bikket midnatt, et tegn p\u00e5 at den cirkadiske klokka tikket inn. Tr\u00f8ttheten gikk fort over. Kroppen var i bevegelsesmodus, og jeg visste det var lurt \u00e5 v\u00e6re fokusert for \u00e5 holde meg p\u00e5 beina. Det hadde fryst p\u00e5 og deler av l\u00f8ypa var isete.\u00a0<\/p>\n<h3 class=\"p4\"><span class=\"s1\">B\u00e5l og musikk<\/span><\/h3>\n<figure id=\"attachment_12439\" aria-describedby=\"caption-attachment-12439\" style=\"width: 500px\" class=\"wp-caption alignright\"><img loading=\"lazy\" decoding=\"async\" class=\"size-full wp-image-12439\" src=\"https:\/\/kondis.mittmagasin.online\/wp-content\/uploads\/2025\/03\/Pa-veg-hjem-fra-Mora-kl-06.30.jpg\" alt=\"\" width=\"500\" height=\"485\" srcset=\"https:\/\/kondis.mittmagasin.online\/wp-content\/uploads\/2025\/03\/Pa-veg-hjem-fra-Mora-kl-06.30.jpg 500w, https:\/\/kondis.mittmagasin.online\/wp-content\/uploads\/2025\/03\/Pa-veg-hjem-fra-Mora-kl-06.30-300x291.jpg 300w\" sizes=\"auto, (max-width: 500px) 100vw, 500px\" \/><figcaption id=\"caption-attachment-12439\" class=\"wp-caption-text\"><strong>Oppdrag fullf\u00f8rt:<\/strong> Forn\u00f8yde kunne Gloria Vinstedt (til venstre) og Katrine Rolid dra hjem fra ei minnerik natt gjennom svenske skoger og sm\u00e5 tettsteder. (Foto: privat)<\/figcaption><\/figure>\n<p class=\"p1\">Selv om vi gikk midt p\u00e5 svarteste natta, var det publikum langs l\u00f8ypa. De heiet og motiverte. Det var b\u00e5l og musikk. Et fint livgivende avbrekk til stillheten. Jeg ble glad inni meg. Det er alltid hyggelig med publikum.<\/p>\n<p class=\"p2\">Arrang\u00f8rene hadde ogs\u00e5 satt ut fakler i deler av l\u00f8ypa. \u00c5 danse gjennom fakkellyset var ekstra koselig. Stemningen var lun i m\u00f8rket. Jeg glemte tiden \u2013 og bare n\u00f8t opplevelsen. Da vi kom til 45 kilometer, ropte en i gruppa jeg holdt f\u00f8lge med: \u00abVi er halvveis, n\u00e5 kan vi telle nedover\u00bb. Positiviteten spredte seg ut i m\u00f8rket.\u00a0<\/p>\n<p class=\"p2\">Det var flere bemannede matstasjoner. Jeg passet p\u00e5 \u00e5 drikke og spise. Det var lurt. Selv om jeg ikke gikk s\u00e5 fort, var det tross alt 90 kilometer. Og v\u00e6re godt ern\u00e6rt gir en bedre opplevelse. I tillegg til sportsdrikke og vann kunne du f\u00e5 b\u00e5de bl\u00e5b\u00e6rsuppe og pannekaker. Luksus midt p\u00e5 natta.\u00a0 P\u00e5 den siste matstasjonen fikk jeg et motivasjonsrop: \u00abDu ser pigg ut, nu er det bara 9 lette kilometer kvar!\u00bb<\/p>\n<p class=\"p2\">Jeg ropte \u00abtusen takk\u00bb (og humret litt; 9 kilometer er ikke alltid lett n\u00e5r du har g\u00e5tt 81 kilometer i forkant). Det begynte dessuten \u00e5 bli ganske l\u00f8st i sporet, og padlingen var ikke like lekende lett.\u00a0<\/p>\n<h3 class=\"p4\"><span class=\"s1\">Kirkeklokkene<\/span><\/h3>\n<p class=\"p1\">De siste 9 kilometerne var likevel overraskende lette. Jeg husker Glorias setning; \u00abN\u00e5r du ser kyrkan, da er det straks m\u00e5l\u00bb. Jeg h\u00f8rte kirkeklokkene og passerte m\u00e5lstreken litt over klokka 03.00.<\/p>\n<p class=\"p2\">I m\u00e5l ventet varm fika, hyggelige mennesker og varmen fra sm\u00e5 b\u00e5l. Toget v\u00e5rt gikk ikke f\u00f8r utp\u00e5 morgenkvisten, s\u00e5 vi fikk tid til \u00e5 nyte stemningen i m\u00e5lomr\u00e5det. Det tikket ogs\u00e5 inn meldinger fra familien i Norge som hadde fulgt med p\u00e5 live-trackingen midt p\u00e5 natta. S\u00e5 hyggelig med engasjement selv om en er p\u00e5 nattl\u00f8p.\u00a0<\/p>\n<p class=\"p2\">Det lysnet da vi gikk mot toget. Vi var tr\u00f8tte og glade. Hendene var litt s\u00e5re og vi var lett slitne i skuldrene, ellers var vi begge i fin form. Takk for oss Nattvasan. Du var rolig (p\u00e5 svensk)!<\/p>\n\n\n<hr class=\"wp-block-separator has-alpha-channel-opacity\"\/>\n\n\n<h2 class=\"p1\">Vasaloppets vinteruke med tilbud til alle skiglade<\/h2>\n<figure id=\"attachment_12442\" aria-describedby=\"caption-attachment-12442\" style=\"width: 500px\" class=\"wp-caption alignright\"><img loading=\"lazy\" decoding=\"async\" class=\"wp-image-12442\" src=\"https:\/\/kondis.mittmagasin.online\/wp-content\/uploads\/2025\/03\/Blabaersuppe-250228_Nattvasan-17.jpg\" alt=\"\" width=\"500\" height=\"334\" srcset=\"https:\/\/kondis.mittmagasin.online\/wp-content\/uploads\/2025\/03\/Blabaersuppe-250228_Nattvasan-17.jpg 800w, https:\/\/kondis.mittmagasin.online\/wp-content\/uploads\/2025\/03\/Blabaersuppe-250228_Nattvasan-17-300x200.jpg 300w, https:\/\/kondis.mittmagasin.online\/wp-content\/uploads\/2025\/03\/Blabaersuppe-250228_Nattvasan-17-768x513.jpg 768w\" sizes=\"auto, (max-width: 500px) 100vw, 500px\" \/><figcaption id=\"caption-attachment-12442\" class=\"wp-caption-text\"><strong>N\u00e6ring:<\/strong> Helt siden 1958 er det blitt servert bl\u00e5b\u00e6rsuppe i Vasaloppet, og ogs\u00e5 deltakerne i Nattvasan kunne fylle p\u00e5 av godsakene. (Foto: Vasaloppet)<\/figcaption><\/figure>\n<p class=\"p1\">Beretningen fra Nattvasan var et personlig \u00f8yeblikksbilde, og dette rennet er kun en liten del av alt som foreg\u00e5r i Vasaloppets vinteruke.<\/p>\n<p class=\"p2\">I \u00e5rets vinteruke (20. februar til 1. mars) kunne du velge mellom mange forskjellige distanser b\u00e5de natt og dag, og du kunne velge parl\u00f8p eller individuelt eller stille et stafettlag. Tjejvasan er et renn for damer, og det er et eget renn for ungdom og et eget for barn.<\/p>\n<p class=\"p2\">Det er med andre ord en allsidig og inkluderende vintersportsuke. Her er noe for alle som liker sn\u00f8 og ski. Det har ikke alltid v\u00e6rt slik.\u00a0 Vasaloppet har en lang historie, og vi m\u00e5 helt tilbake til 1521 for \u00e5 finne den f\u00f8rste som gikk traseen S\u00e4len \u2013 Mora. Det var Gustav Erikssen, som er mer kjent under navnet Gustav Vasa. Gustav Vasa var ikke p\u00e5 en vanlig skitur som sikkert mange vet. Han flyktet fra den danske kongens soldater.<\/p>\n<h3 class=\"p4\"><span class=\"s1\">Det f\u00f8rste Vasaloppet<\/span><\/h3>\n<p class=\"p1\">Den f\u00f8rste Vasalopppstarten var den 19. mars i 1922. Mannen bak det hele var Anders Pers som lanserte ideen om et Vasalopp i en artikkel i V\u00e4stmanlands L\u00e4ns Tidning. Etter litt debatt for eller imot Vasaloppet ble det bestemt at Vasaloppet skulle gjennomf\u00f8res. Antall p\u00e5meldte var 139, og 119 skil\u00f8pere stilte til start. Ernst Alm fra Norsj\u00f8 IF vant p\u00e5 tiden 7 timer, 32 minutter og 49 sekunder, 5 minutter foran Oskar Lindberg fra samme klubb.<\/p>\n<p class=\"p2\">Vasaloppet ble en suksess, og det har blitt arrangert hvert \u00e5r bortsett fra 1932, 1934 og 1990. Antallet p\u00e5meldte har \u00f8kt \u00e5rlig. I \u00e5r var det 15\u00a0800 p\u00e5meldte til selve Vasaloppet og ca. 57\u00a0000 totalt i hele Vasaloppets vinteruke. Det kan med rette kalles en real skifolkefest for alle.\u00a0<\/p>\n<p class=\"p2\">Hvis vi ser bakover i tid, var ikke Vasaloppet for alle. Det var f\u00f8rst i 1981 at kvinner fikk lov til \u00e5 delta \u2013 selv om Margit Nordin faktisk stilte til start i 1923 og gikk p\u00e5 tiden 10.09.42 og ble sist i klassen.\u00a0 Den f\u00f8rste offisielle dameklassen ble f\u00f8rst innf\u00f8rt i 1997, og denne ble vunnet av Sofia Lind p\u00e5 tiden 5.06.35. Det har v\u00e6rt en gledelig \u00f8kning av antall damer som har stilt til start, og det har blitt mer og mer vanlig \u00e5 finne en kvinne blant de 100 beste mennene. Astrid \u00d8yre Slind har fortsatt rekorden for kvinner satt i 2022 med tiden 3.50.06. Rekorden for menn tilh\u00f8rer ogs\u00e5 en nordmann, Tord Asle Gjerdalen p\u00e5 3.28.18 satt i 2021.\u00a0<\/p>\n<h3 class=\"p4\"><span class=\"s1\">Bl\u00e5b\u00e6rsuppe og musikk<\/span><\/h3>\n<p class=\"p1\">Det er mye som kan fortelles om Vasaloppet med dets lange historie, og det kan v\u00e6re vanskelig \u00e5 plukke ut hva som b\u00f8r nevnes. Jeg velger likevel suppe og musikk. Du kan ikke komme utenom den velkjente og velsmakende bl\u00e5b\u00e6rsuppen, Ekstr\u00f6ms\u00a0bl\u00e5b\u00e4r\u00adsoppa<b>\u00a0<\/b>som har blitt servert siden 1958 for alle som deltar. Hver deltaker gjennom hele Vasaloppets vinteruke skal visstnok i gjennomsnitt drikke 0,56 liter bl\u00e5b\u00e6rsuppe. En god slant med antioksidanter per hode der \u2013 og veldig godt.\u00a0<\/p>\n<p class=\"p2\">S\u00e5 til musikken. Vasaloppet har sin egen sang, Vasaloppet hymn. Den varer i kun 44 sekunder, men er vel kjent for alle som har deltatt i Vasaloppet. Den setter stemningen.\u00a0<\/p>\n<p class=\"p2\">Til slutt litt om \u00e5rets Vasalopp som avsluttet den fantastiske vinteruken s\u00f8ndag 3. mars. Det hadde v\u00e6rt mildt i dagene f\u00f8r, og arrang\u00f8rene m\u00e5tte virkelig jobbe for \u00e5 holde spor og sn\u00f8forhold s\u00e5 gode som mulig, noe de klarte. Eliten hadde gode forhold selv om det nok ble noe l\u00f8st for de mange tusen som kom bak i sporet.<\/p>\n<figure id=\"attachment_12444\" aria-describedby=\"caption-attachment-12444\" style=\"width: 500px\" class=\"wp-caption alignright\"><img loading=\"lazy\" decoding=\"async\" class=\"size-full wp-image-12444\" src=\"https:\/\/kondis.mittmagasin.online\/wp-content\/uploads\/2025\/03\/Alvar-Myhlback-og-Stina-Nilsson-5534-foto-Vasaloppet.jpg\" alt=\"\" width=\"500\" height=\"333\" srcset=\"https:\/\/kondis.mittmagasin.online\/wp-content\/uploads\/2025\/03\/Alvar-Myhlback-og-Stina-Nilsson-5534-foto-Vasaloppet.jpg 500w, https:\/\/kondis.mittmagasin.online\/wp-content\/uploads\/2025\/03\/Alvar-Myhlback-og-Stina-Nilsson-5534-foto-Vasaloppet-300x200.jpg 300w\" sizes=\"auto, (max-width: 500px) 100vw, 500px\" \/><figcaption id=\"caption-attachment-12444\" class=\"wp-caption-text\"><strong>Seierskranser:<\/strong> Med sine 18 \u00e5r er Alvar Myhlback den klart yngste som noen gang har vunnet Vasaloppet. Stina Nilsson har en lang karriere bak seg i b\u00e5de skisprint og skiskyting, og n\u00e5 vant hun Vasaloppet i f\u00f8rste fors\u00f8k. (Foto: Vasaloppet)<\/figcaption><\/figure>\n<h3 class=\"p4\"><span class=\"s1\">Svenske seire<\/span><\/h3>\n<p class=\"p1\">I Vasaloppet starter kvinner og menn sammen. Det dannet seg raskt en tetgruppe blant mennene og en blandet med kvinner og menn. Etter hvert ble Stina Nilsson, Team Ragde Charge, alene i teten blant kvinnene,\u00a0en posisjon hun holdt helt til m\u00e5l. Hun vant med den sterke tiden 3.54.00 og var 5 minutter og 11 sekunder foran nummer to Anikken Gjerde Alnes, Team Engcon og med Silje \u00d8yre Slind, Team Aker D\u00e6hlie p\u00e5 en tredjeplass.\u00a0<\/p>\n<p class=\"p2\">P\u00e5 herresiden var ingen ting avgjort f\u00f8r p\u00e5 m\u00e5lstreken. Bare 18 \u00e5r gamle Alvar Myhlback fra Lager 157 Ski team vant p\u00e5 tiden 3.28-45. Han var 1 sekund foran klubbkameraten Emil Persson, mens Max Novak, Team Aker D\u00e6hlie ble nummer tre. Det skilte 12 sekund fra nummer en til nummer ti i herreklassen. Hard konkurranse om pallen som gikk til svenskene med nordmannen Johan Tjelle p\u00e5 fjerdeplass.\u00a0<\/p>\n<p class=\"p2\">Til sist vil jeg bare si gratulerer til alle som har deltatt p\u00e5 Vasaloppets vinteruke og til arrang\u00f8rene som har holdt spor og matstasjoner oppe d\u00f8gnet rundt. Idrett og kultur. Et nydelig bidrag til bedre folkehelse.\u00a0<\/p>\n<p class=\"p6\"><i>Historiske fakta er hentet fra www.vasaloppet.se<\/i><\/p>\n<p class=\"p7\" style=\"text-align: right;\"><b><i>Katrine Rolid<\/i><\/b><\/p>","protected":false},"excerpt":{"rendered":"<p>Det var slutten av september 2024. Gloria min svenske<br \/>\nmaratonvenninne og jeg ventet p\u00e5 tidsvinduet for \u00e5 melde<br \/>\noss p\u00e5 til Chicago Marathon.\u00a0 En kveld tikket det inn en<br \/>\nmelding fra Gloria p\u00e5 mobilen: \u00abSka vi anm\u00e4la oss till Nattvasan i v\u00e4ntan p\u00e5 Chicago?\u00bb <\/p>\n","protected":false},"author":47,"featured_media":12436,"comment_status":"closed","ping_status":"open","sticky":false,"template":"","format":"standard","meta":{"_acf_changed":false,"footnotes":""},"categories":[128,126],"tags":[],"post_flags":[],"class_list":["post-12435","post","type-post","status-publish","format-standard","has-post-thumbnail","hentry","category-kondis-2-2025","category-utgaver-2025"],"acf":[],"_links":{"self":[{"href":"https:\/\/kondis.mittmagasin.online\/index.php?rest_route=\/wp\/v2\/posts\/12435","targetHints":{"allow":["GET"]}}],"collection":[{"href":"https:\/\/kondis.mittmagasin.online\/index.php?rest_route=\/wp\/v2\/posts"}],"about":[{"href":"https:\/\/kondis.mittmagasin.online\/index.php?rest_route=\/wp\/v2\/types\/post"}],"author":[{"embeddable":true,"href":"https:\/\/kondis.mittmagasin.online\/index.php?rest_route=\/wp\/v2\/users\/47"}],"replies":[{"embeddable":true,"href":"https:\/\/kondis.mittmagasin.online\/index.php?rest_route=%2Fwp%2Fv2%2Fcomments&post=12435"}],"version-history":[{"count":3,"href":"https:\/\/kondis.mittmagasin.online\/index.php?rest_route=\/wp\/v2\/posts\/12435\/revisions"}],"predecessor-version":[{"id":12445,"href":"https:\/\/kondis.mittmagasin.online\/index.php?rest_route=\/wp\/v2\/posts\/12435\/revisions\/12445"}],"wp:featuredmedia":[{"embeddable":true,"href":"https:\/\/kondis.mittmagasin.online\/index.php?rest_route=\/wp\/v2\/media\/12436"}],"wp:attachment":[{"href":"https:\/\/kondis.mittmagasin.online\/index.php?rest_route=%2Fwp%2Fv2%2Fmedia&parent=12435"}],"wp:term":[{"taxonomy":"category","embeddable":true,"href":"https:\/\/kondis.mittmagasin.online\/index.php?rest_route=%2Fwp%2Fv2%2Fcategories&post=12435"},{"taxonomy":"post_tag","embeddable":true,"href":"https:\/\/kondis.mittmagasin.online\/index.php?rest_route=%2Fwp%2Fv2%2Ftags&post=12435"},{"taxonomy":"post_flag","embeddable":true,"href":"https:\/\/kondis.mittmagasin.online\/index.php?rest_route=%2Fwp%2Fv2%2Fpost_flags&post=12435"}],"curies":[{"name":"wp","href":"https:\/\/api.w.org\/{rel}","templated":true}]}}