{"id":12351,"date":"2025-01-29T23:48:30","date_gmt":"2025-01-29T23:48:30","guid":{"rendered":"https:\/\/kondis.mittmagasin.online\/?p=12351"},"modified":"2025-01-30T10:27:33","modified_gmt":"2025-01-30T10:27:33","slug":"leder-13","status":"publish","type":"post","link":"https:\/\/kondis.mittmagasin.online\/?p=12351","title":{"rendered":"Leder"},"content":{"rendered":"<h1 class=\"p1\">Se personen midt i prestasjonsjaget<\/h1>\n<p class=\"p1\">2025 er allerede i gang. Jeg sitter og kikker ut av vinduet og lurer p\u00e5 hva jeg skal skrive om. Det har blitt ganske mange ledere siden 2009, og mye har skjedd med l\u00f8pingen b\u00e5de i Norge og internasjonalt siden den gang. Og som med alt annet her i verden \u2013 det er ikke alt som er bare velstand. Ikke mine ledere heller alltid, bare s\u00e5 det er sagt.<\/p>\n<p class=\"p2\">I mine \u00e5r som \u00abl\u00f8per\u00bb har jeg opplevd mye og ikke minst pr\u00f8vd p\u00e5 mye rart. B\u00e5de i forhold til trening, n\u00e6ring og ikke minst utstyr. L\u00f8ping har blitt noe for alle p\u00e5 en helt annen m\u00e5te enn i gamle dager. Det er litt interessant \u00e5 se for meg som har l\u00f8pt l\u00f8p siden 1980-tallet.<\/p>\n<p class=\"p2\">Og kanskje savner jeg litt den enklere tiln\u00e6rmingen til l\u00f8ping fra den tiden. Da handlet det mest om \u00e5 l\u00f8pe. Du l\u00f8p med de skoa du hadde, og det handlet mer om l\u00f8peren enn om utstyret.<\/p>\n<h3 class=\"p4\"><span class=\"s1\">Svar skyldig<\/span><\/h3>\n<p class=\"p1\">Jeg er jo med p\u00e5 samme karusell, s\u00e5 jeg blir jo litt svar skyldig \u2026<\/p>\n<p class=\"p2\">Samtidig sier jeg ikke at ting var bedre f\u00f8r, for det vil jo alltid v\u00e6re en utvikling. Men jeg tenker p\u00e5 at det kan bli vel mye fokus fra ulikt hold p\u00e5 hvordan vi hele tiden skal optimalisere det vi driver med. Det er noe med at alt er mer synlig, og man hiver seg p\u00e5 fordi de som liksom vet best, sier at s\u00e5nn skal ting v\u00e6re.<\/p>\n<p class=\"p2\">Derfor er jeg usikker p\u00e5 om jeg er enig i alt. Tankene rundt disse tingene ble enda tydeligere for meg da jeg var i begravelsen til Marthe Katrine Myhre f\u00f8r jul. Hun d\u00f8de altfor tidlig. L\u00f8pingen i seg selv tok ikke livet hennes, men alt rundt hennes l\u00f8ping \u00f8dela, og en del valg og ikke minst tanker og handlinger spilte en stor rolle.<\/p>\n<p class=\"p2\">Jeg har jo selv hatt mine problemer rundt de samme tingene som Marthe, og jeg b\u00e5de ser og h\u00f8rer at det finnes nok av andre med lignende tanker. Det liker jeg d\u00e5rlig, og synes nok at dagens fokus p\u00e5 \u00e5 prestere, p\u00e5 alle niv\u00e5er, f\u00f8rer til en del utfordringer.<\/p>\n<h3 class=\"p4\"><span class=\"s1\">Den menneskelige siden<\/span><\/h3>\n<p class=\"p1\">S\u00e5 hvis jeg som President \u2013 eller styreleder i Kondis \u2013 skal \u00f8nske noe for 2025, s\u00e5 er det for meg \u00e5 slutte \u00e5 se p\u00e5 skoa, men heller se p\u00e5 personen oppi skoa. Hun og han trenger kanskje \u00e5 bli sett fra den menneskelige siden, f\u00e5 litt oppmerksomhet som person \u2013 og ikke bare som l\u00f8per.<\/p>\n<p class=\"p2\">L\u00f8ping er for alle, og l\u00f8pingen tiltrekker seg bare flere og flere. Det er en del fallgruver i det der. L\u00f8ping skal v\u00e6re samhold i de(t) lange l\u00f8p. Det er der gevinsten ligger. Men litt bak lukkede d\u00f8rer hviskes det om spiseforstyrrelser, noe som fort kan bli en faktor n\u00e5r iveren etter \u00e5 bli bedre blir for stor. Selv p\u00e5 \u00f8verste niv\u00e5 i norsk idrett klarer man ikke \u00e5 takle dette godt nok, s\u00e5 hvordan skal vi da f\u00e5 det til for alle litt lenger ned i systemet?<\/p>\n<p class=\"p2\">Prestasjon m\u00e5 aldri bli viktigere enn person, det er min klare tanke! Det finnes s\u00e5 mange fantastiske folk i l\u00f8psmilj\u00f8et i Norge \u2013 det vet jeg. Jeg ser dem hver dag. Vi kan ikke la en eneste en av dem komme opp i problemer fordi fokuset blir p\u00e5 laktat, p\u00e5 \u00e5 spise geler eller \u00e5 bruke karbonsko med dropp.<\/p>\n","protected":false},"excerpt":{"rendered":"<p>Se personen midt i prestasjonsjaget 2025 er allerede i gang. Jeg sitter og kikker ut av vinduet og lurer p\u00e5 hva jeg skal skrive om. Det har blitt ganske mange ledere siden 2009, og mye har skjedd med l\u00f8pingen b\u00e5de i Norge og internasjonalt siden den gang. Og som med alt annet her i verden [&hellip;]<\/p>\n","protected":false},"author":1,"featured_media":2718,"comment_status":"closed","ping_status":"open","sticky":false,"template":"","format":"standard","meta":{"_acf_changed":false,"footnotes":""},"categories":[127],"tags":[88],"post_flags":[],"class_list":["post-12351","post","type-post","status-publish","format-standard","has-post-thumbnail","hentry","category-kondis-1-2025","tag-leder"],"acf":[],"_links":{"self":[{"href":"https:\/\/kondis.mittmagasin.online\/index.php?rest_route=\/wp\/v2\/posts\/12351","targetHints":{"allow":["GET"]}}],"collection":[{"href":"https:\/\/kondis.mittmagasin.online\/index.php?rest_route=\/wp\/v2\/posts"}],"about":[{"href":"https:\/\/kondis.mittmagasin.online\/index.php?rest_route=\/wp\/v2\/types\/post"}],"author":[{"embeddable":true,"href":"https:\/\/kondis.mittmagasin.online\/index.php?rest_route=\/wp\/v2\/users\/1"}],"replies":[{"embeddable":true,"href":"https:\/\/kondis.mittmagasin.online\/index.php?rest_route=%2Fwp%2Fv2%2Fcomments&post=12351"}],"version-history":[{"count":2,"href":"https:\/\/kondis.mittmagasin.online\/index.php?rest_route=\/wp\/v2\/posts\/12351\/revisions"}],"predecessor-version":[{"id":12399,"href":"https:\/\/kondis.mittmagasin.online\/index.php?rest_route=\/wp\/v2\/posts\/12351\/revisions\/12399"}],"wp:featuredmedia":[{"embeddable":true,"href":"https:\/\/kondis.mittmagasin.online\/index.php?rest_route=\/wp\/v2\/media\/2718"}],"wp:attachment":[{"href":"https:\/\/kondis.mittmagasin.online\/index.php?rest_route=%2Fwp%2Fv2%2Fmedia&parent=12351"}],"wp:term":[{"taxonomy":"category","embeddable":true,"href":"https:\/\/kondis.mittmagasin.online\/index.php?rest_route=%2Fwp%2Fv2%2Fcategories&post=12351"},{"taxonomy":"post_tag","embeddable":true,"href":"https:\/\/kondis.mittmagasin.online\/index.php?rest_route=%2Fwp%2Fv2%2Ftags&post=12351"},{"taxonomy":"post_flag","embeddable":true,"href":"https:\/\/kondis.mittmagasin.online\/index.php?rest_route=%2Fwp%2Fv2%2Fpost_flags&post=12351"}],"curies":[{"name":"wp","href":"https:\/\/api.w.org\/{rel}","templated":true}]}}