{"id":12166,"date":"2025-01-28T22:23:32","date_gmt":"2025-01-28T22:23:32","guid":{"rendered":"https:\/\/kondis.mittmagasin.online\/?p=12166"},"modified":"2025-01-30T10:31:58","modified_gmt":"2025-01-30T10:31:58","slug":"vant-kondistur-til-spania-i-kontingentlotteriet","status":"publish","type":"post","link":"https:\/\/kondis.mittmagasin.online\/?p=12166","title":{"rendered":"Vant Kondistur til Spania i Kontingentlotteriet"},"content":{"rendered":"<figure id=\"attachment_12175\" aria-describedby=\"caption-attachment-12175\" style=\"width: 300px\" class=\"wp-caption alignright\"><img loading=\"lazy\" decoding=\"async\" class=\"size-medium wp-image-12175\" src=\"https:\/\/kondis.mittmagasin.online\/wp-content\/uploads\/2025\/01\/Ved_bassenget_i_Mar_de_Pulpi_pa_Kondistur_i_Spania_KD_100000_Foto_Marianne_Rohme-300x205.jpg\" alt=\"\" width=\"300\" height=\"205\" srcset=\"https:\/\/kondis.mittmagasin.online\/wp-content\/uploads\/2025\/01\/Ved_bassenget_i_Mar_de_Pulpi_pa_Kondistur_i_Spania_KD_100000_Foto_Marianne_Rohme-300x205.jpg 300w, https:\/\/kondis.mittmagasin.online\/wp-content\/uploads\/2025\/01\/Ved_bassenget_i_Mar_de_Pulpi_pa_Kondistur_i_Spania_KD_100000_Foto_Marianne_Rohme.jpg 500w\" sizes=\"auto, (max-width: 300px) 100vw, 300px\" \/><figcaption id=\"caption-attachment-12175\" class=\"wp-caption-text\"><strong>Flotte fellesomr\u00e5der:<\/strong> Leilighetene i Mar de Pulpi ligger rett ved Middelhavet, og har flotte friomr\u00e5der med sv\u00f8mmebasseng. (Foto: Marianne R\u00f8hme)<\/figcaption><\/figure>\n<p class=\"p1\">Totalt var det n\u00e6rmere 6000 medlemmer som hadde betalt kontingenten innen fristen. Hver av dem hadde ett lodd i Kontingentlotteriet. Trygve var den f\u00f8rste som ble trukket ut.<\/p>\n<p class=\"p2\">Tidligere har Trygve v\u00e6rt mest uheldig. Eller det er ikke s\u00e5 ofte han verken er uheldig eller heldig, men n\u00e5r det skjer, er det til gangs.<\/p>\n<h3 class=\"p4\"><span class=\"s1\">Stygg ulykke<\/span><\/h3>\n<p class=\"p1\">I 2021 ble han utsatt for en stygg rulleskiulykke da han ble p\u00e5kj\u00f8rt bakfra av en bil under en treningstur i Tyskland. Han skulle v\u00e6rt d\u00f8d, men slapp unna med ni beinbrudd, armbrudd, og avrevet hovedpuls\u00e5re i den ene foten.<\/p>\n<p class=\"p2\">\u2013 Jeg har n\u00e5 klart \u00e5 trene meg opp igjen etter ulykken. Jeg kjenner fortsatt p\u00e5 vondter her og der og m\u00e5 tilpasse treningen, men er per definisjon bra, sier han.<\/p>\n<p class=\"p2\">I den seinere tid har han ikke bare kommet seg tilbake i l\u00f8peskoene, men har ogs\u00e5 satt pers b\u00e5de p\u00e5 maraton og 10-kilometer.<\/p>\n<p class=\"p2\">\u2013 Det er utrolig hyggelig \u00e5 vinne denne reisen. Det passer sv\u00e6rt godt n\u00e5r jeg skal pr\u00f8ve \u00e5 toppe formen mot Hytteplanmila samme m\u00e5ned, sier Trygve.<\/p>\n<h3 class=\"p4\"><span class=\"s1\">Reisen<\/span><\/h3>\n<figure id=\"attachment_12177\" aria-describedby=\"caption-attachment-12177\" style=\"width: 500px\" class=\"wp-caption alignright\"><img loading=\"lazy\" decoding=\"async\" class=\"size-full wp-image-12177\" src=\"https:\/\/kondis.mittmagasin.online\/wp-content\/uploads\/2025\/01\/Jack_Waitz_og_Connie_Schneider_pa_lopetur_under_Kondistur_til_Mar_de_Pulpi_i_Spania_september_2024_KD_100000_Foto_Marianne_Rohme.jpg\" alt=\"\" width=\"500\" height=\"350\" srcset=\"https:\/\/kondis.mittmagasin.online\/wp-content\/uploads\/2025\/01\/Jack_Waitz_og_Connie_Schneider_pa_lopetur_under_Kondistur_til_Mar_de_Pulpi_i_Spania_september_2024_KD_100000_Foto_Marianne_Rohme.jpg 500w, https:\/\/kondis.mittmagasin.online\/wp-content\/uploads\/2025\/01\/Jack_Waitz_og_Connie_Schneider_pa_lopetur_under_Kondistur_til_Mar_de_Pulpi_i_Spania_september_2024_KD_100000_Foto_Marianne_Rohme-300x210.jpg 300w\" sizes=\"auto, (max-width: 500px) 100vw, 500px\" \/><figcaption id=\"caption-attachment-12177\" class=\"wp-caption-text\"><strong>Mar de Pulpi:<\/strong> Gode kvalitets\u00f8kter og fine l\u00f8peturer i naturskj\u00f8nne omgivelser venter Trygve Haugn\u00e6ss og de andre deltakerne p\u00e5 Kondisturen til Mar de Pulpi i Spania. (Foto: Marianne R\u00f8hme)<\/figcaption><\/figure>\n<p class=\"p1\">Kondis arrangerer to l\u00f8peuker i Mar de Pulpi i oktober. Den ene er 3.-10. oktober, mens den andre er 10.-17. oktober. Her blir det l\u00f8petrening hver dag med mange gode kvalitets\u00f8kter og fine l\u00f8peturer.<\/p>\n<p class=\"p2\">Vi bor i moderne leiligheter med selvhushold og m\u00f8tes til middag p\u00e5 en av de lokale restaurantene p\u00e5 kveldene.<\/p>\n<p class=\"p2\">Vi har med oss Jack Waitz og Syn\u00f8ve Brox som trenere sammen med Kondistrenerne. Det blir niv\u00e5tilpassede l\u00f8pegrupper og mange gode samtaler underveis.<\/p>\n<h3 class=\"p4\"><span class=\"s1\">Andre premier<\/span><\/h3>\n<p class=\"p1\">I tillegg til reisen fikk vi ogs\u00e5 mange andre flotte premier til lotteriet. Vi fikk b\u00e5de treningsutstyr, -kl\u00e6r, l\u00f8pesko og nyttige gavekort.<\/p>\n<p class=\"p2\">To deltakere ble ogs\u00e5 vinnere av startplasser i Holmenkollmarsjen.<\/p>\n\n\n<figure class=\"wp-block-image size-large\"><img loading=\"lazy\" decoding=\"async\" width=\"1024\" height=\"828\" src=\"https:\/\/kondis.mittmagasin.online\/wp-content\/uploads\/2025\/01\/tabell0125-1024x828.jpg\" alt=\"\" class=\"wp-image-12178\" srcset=\"https:\/\/kondis.mittmagasin.online\/wp-content\/uploads\/2025\/01\/tabell0125-1024x828.jpg 1024w, https:\/\/kondis.mittmagasin.online\/wp-content\/uploads\/2025\/01\/tabell0125-300x243.jpg 300w, https:\/\/kondis.mittmagasin.online\/wp-content\/uploads\/2025\/01\/tabell0125-768x621.jpg 768w, https:\/\/kondis.mittmagasin.online\/wp-content\/uploads\/2025\/01\/tabell0125.jpg 1200w\" sizes=\"auto, (max-width: 1024px) 100vw, 1024px\" \/><\/figure>\n\n\n\n<hr class=\"wp-block-separator has-alpha-channel-opacity\"\/>\n\n\n\n<h2 class=\"wp-block-heading\">Mange gode saker p\u00e5 Kondis.no<\/h2>\n\n\n\n<p><strong>P\u00e5 Kondis.no publiserer vi en rekke treningssaker og intervjuer forbeholdt dere medlemmer. Her m\u00e5 du logge inn med ditt medlemsnummer og postnummer for \u00e5 f\u00e5 lese. Nedenfor finner du et lite utvalg av de sakene vi har publisert. Du finner dem igjen ved \u00e5 g\u00e5 inn p\u00e5 menypunktet \u00abLes medlemssaker\u00bb i menyen \u00f8verst p\u00e5 Kondis.no<\/strong><\/p>\n\n\n\n<hr class=\"wp-block-separator has-alpha-channel-opacity\"\/>\n\n\n\n<div class=\"wp-block-media-text has-media-on-the-right is-stacked-on-mobile is-image-fill-element has-background\" style=\"background-color:#f2f2f2;grid-template-columns:auto 46%\"><div class=\"wp-block-media-text__content\">\n<h2 class=\"wp-block-heading\">Mektige opplevelser for deltakerne i Solastranden Halvmaraton<\/h2>\n\n\n\n<p>Sol, vindstille og iskaldt v\u00e6r ga en helt spesiell opplevelse for deltakerne i \u00e5rets l\u00f8p p\u00e5 Solastranden. Se videoen fra den vakre vinterdagen i strandlandskapet p\u00e5 J\u00e6ren.&nbsp;(Fotomontasje: Arne Dag Myking)<\/p>\n<\/div><figure class=\"wp-block-media-text__media\"><img loading=\"lazy\" decoding=\"async\" width=\"500\" height=\"299\" src=\"https:\/\/kondis.mittmagasin.online\/wp-content\/uploads\/2025\/01\/Solastranden.jpg\" alt=\"\" class=\"wp-image-12183 size-full\" style=\"object-position:65% 48%\" srcset=\"https:\/\/kondis.mittmagasin.online\/wp-content\/uploads\/2025\/01\/Solastranden.jpg 500w, https:\/\/kondis.mittmagasin.online\/wp-content\/uploads\/2025\/01\/Solastranden-300x179.jpg 300w\" sizes=\"auto, (max-width: 500px) 100vw, 500px\" \/><\/figure><\/div>\n\n\n\n<hr class=\"wp-block-separator has-alpha-channel-opacity\"\/>\n\n\n\n<div class=\"wp-block-media-text is-stacked-on-mobile is-image-fill-element has-background\" style=\"background-color:#f2f2f2;grid-template-columns:49% auto\"><figure class=\"wp-block-media-text__media\"><img loading=\"lazy\" decoding=\"async\" width=\"500\" height=\"295\" src=\"https:\/\/kondis.mittmagasin.online\/wp-content\/uploads\/2025\/01\/ski-o.jpg\" alt=\"\" class=\"wp-image-12185 size-full\" style=\"object-position:50% 50%\" srcset=\"https:\/\/kondis.mittmagasin.online\/wp-content\/uploads\/2025\/01\/ski-o.jpg 500w, https:\/\/kondis.mittmagasin.online\/wp-content\/uploads\/2025\/01\/ski-o-300x177.jpg 300w\" sizes=\"auto, (max-width: 500px) 100vw, 500px\" \/><\/figure><div class=\"wp-block-media-text__content\">\n<h2 class=\"wp-block-heading\">Anna Ulvens\u00f8en og Styrk Hundseid Kamsv\u00e5g med to ski-o-seire p\u00e5 Sjusj\u00f8en<\/h2>\n\n\n\n<p>Ski-o-treff med Norgescup for junior og senior, Veteranmesterskap over to dager og klasser for alle ble for 26. gang arrangert fra Sjusj\u00f8en Langrennsarena denne helgen. P\u00e5 kondis.no kan du lese reportasjen og se mange flotte bilder fra arrangementet. (Foto: Stein Arne Neg\u00e5rd)<\/p>\n<\/div><\/div>\n\n\n\n<hr class=\"wp-block-separator has-alpha-channel-opacity\"\/>\n\n\n\n<div class=\"wp-block-media-text has-media-on-the-right is-stacked-on-mobile is-image-fill-element has-background\" style=\"background-color:#f2f2f2\"><div class=\"wp-block-media-text__content\">\n<h2 class=\"wp-block-heading\">Harald \u00d8stberg Amundsen NM-vinner med minst<br>mulig margin<\/h2>\n\n\n\n<p>Harald \u00d8stberg Amundsen vant herrenes 20 km med skibytte under NM p\u00e5 G\u00e5sbu etter fotofinish med Mathias Holb\u00e6k. Nok en s\u00f8rlending, Thomas Linnebo Mollestad, fulgte p\u00e5 bronseplass. Kondis fulgte NM i langrenn p\u00e5 G\u00e5sbu med reportasjer og flere store bildeserier fra de ulike rennene. (Foto: Rolf Bakken)<\/p>\n<\/div><figure class=\"wp-block-media-text__media\"><img loading=\"lazy\" decoding=\"async\" width=\"500\" height=\"439\" src=\"https:\/\/kondis.mittmagasin.online\/wp-content\/uploads\/2025\/01\/NM-vinner.jpg\" alt=\"\" class=\"wp-image-12188 size-full\" style=\"object-position:50% 50%\" srcset=\"https:\/\/kondis.mittmagasin.online\/wp-content\/uploads\/2025\/01\/NM-vinner.jpg 500w, https:\/\/kondis.mittmagasin.online\/wp-content\/uploads\/2025\/01\/NM-vinner-300x263.jpg 300w\" sizes=\"auto, (max-width: 500px) 100vw, 500px\" \/><\/figure><\/div>\n\n\n\n<hr class=\"wp-block-separator has-alpha-channel-opacity\"\/>\n\n\n\n<div class=\"wp-block-media-text is-stacked-on-mobile is-image-fill-element has-background\" style=\"background-color:#f2f2f2;grid-template-columns:49% auto\"><figure class=\"wp-block-media-text__media\"><img loading=\"lazy\" decoding=\"async\" width=\"500\" height=\"373\" src=\"https:\/\/kondis.mittmagasin.online\/wp-content\/uploads\/2025\/01\/Aukland.jpg\" alt=\"\" class=\"wp-image-12191 size-full\" style=\"object-position:50% 50%\" srcset=\"https:\/\/kondis.mittmagasin.online\/wp-content\/uploads\/2025\/01\/Aukland.jpg 500w, https:\/\/kondis.mittmagasin.online\/wp-content\/uploads\/2025\/01\/Aukland-300x224.jpg 300w\" sizes=\"auto, (max-width: 500px) 100vw, 500px\" \/><\/figure><div class=\"wp-block-media-text__content\">\n<h2 class=\"wp-block-heading\">Anders Aukland med r\u00e5d om periodisering av treningen<\/h2>\n\n\n\n<p>Anders Aukland mener mosjonister kan ha stor nytte av \u00e5 periodisere treningen, og han f\u00e5r st\u00f8tte av idrettsforsker Magne Lund-Hansen ved Norges idrettsh\u00f8gskole. Her kommer de med tips om ulike former for periodisering.&nbsp;&nbsp;(Foto: Tom-Arild Hansen)<\/p>\n<\/div><\/div>\n\n\n\n<hr class=\"wp-block-separator has-alpha-channel-opacity\"\/>\n\n\n\n<div class=\"wp-block-media-text has-media-on-the-right is-stacked-on-mobile has-background\" style=\"background-color:#f2f2f2;grid-template-columns:auto 59%\"><div class=\"wp-block-media-text__content\">\n<h2 class=\"wp-block-heading\">Disse vant i <br>Bergen\u00a0Vinter-<br>maraton<\/h2>\n\n\n\n<p>Tor-Aanen Kallekleiv, Ingrid Lid, Karl Jonas Tronstad og Tina Emilie Lee Lange tok alle en seier i vinterl\u00f8pet i Maratonkarusellen i Bergen. Les reportasjen fra l\u00f8pet p\u00e5 Kondis.no. (Foto: Arne Dag Myking)<\/p>\n<\/div><figure class=\"wp-block-media-text__media\"><img loading=\"lazy\" decoding=\"async\" width=\"500\" height=\"289\" src=\"https:\/\/kondis.mittmagasin.online\/wp-content\/uploads\/2025\/01\/Bergen.jpg\" alt=\"\" class=\"wp-image-12194 size-full\" srcset=\"https:\/\/kondis.mittmagasin.online\/wp-content\/uploads\/2025\/01\/Bergen.jpg 500w, https:\/\/kondis.mittmagasin.online\/wp-content\/uploads\/2025\/01\/Bergen-300x173.jpg 300w\" sizes=\"auto, (max-width: 500px) 100vw, 500px\" \/><\/figure><\/div>\n","protected":false},"excerpt":{"rendered":"<p>Trygve Haugn\u00e6ss ble b\u00e5de glad og overrasket da han ble oppringt med beskjed om at han hadde vunnet hovedgevinsten i Kontingentlotteriet. Premien skal han bruke til \u00e5 toppe formen mot Hytteplanmila.<\/p>\n","protected":false},"author":4,"featured_media":12171,"comment_status":"closed","ping_status":"open","sticky":false,"template":"","format":"standard","meta":{"_acf_changed":false,"footnotes":""},"categories":[127,126],"tags":[],"post_flags":[],"class_list":["post-12166","post","type-post","status-publish","format-standard","has-post-thumbnail","hentry","category-kondis-1-2025","category-utgaver-2025"],"acf":[],"_links":{"self":[{"href":"https:\/\/kondis.mittmagasin.online\/index.php?rest_route=\/wp\/v2\/posts\/12166","targetHints":{"allow":["GET"]}}],"collection":[{"href":"https:\/\/kondis.mittmagasin.online\/index.php?rest_route=\/wp\/v2\/posts"}],"about":[{"href":"https:\/\/kondis.mittmagasin.online\/index.php?rest_route=\/wp\/v2\/types\/post"}],"author":[{"embeddable":true,"href":"https:\/\/kondis.mittmagasin.online\/index.php?rest_route=\/wp\/v2\/users\/4"}],"replies":[{"embeddable":true,"href":"https:\/\/kondis.mittmagasin.online\/index.php?rest_route=%2Fwp%2Fv2%2Fcomments&post=12166"}],"version-history":[{"count":18,"href":"https:\/\/kondis.mittmagasin.online\/index.php?rest_route=\/wp\/v2\/posts\/12166\/revisions"}],"predecessor-version":[{"id":12408,"href":"https:\/\/kondis.mittmagasin.online\/index.php?rest_route=\/wp\/v2\/posts\/12166\/revisions\/12408"}],"wp:featuredmedia":[{"embeddable":true,"href":"https:\/\/kondis.mittmagasin.online\/index.php?rest_route=\/wp\/v2\/media\/12171"}],"wp:attachment":[{"href":"https:\/\/kondis.mittmagasin.online\/index.php?rest_route=%2Fwp%2Fv2%2Fmedia&parent=12166"}],"wp:term":[{"taxonomy":"category","embeddable":true,"href":"https:\/\/kondis.mittmagasin.online\/index.php?rest_route=%2Fwp%2Fv2%2Fcategories&post=12166"},{"taxonomy":"post_tag","embeddable":true,"href":"https:\/\/kondis.mittmagasin.online\/index.php?rest_route=%2Fwp%2Fv2%2Ftags&post=12166"},{"taxonomy":"post_flag","embeddable":true,"href":"https:\/\/kondis.mittmagasin.online\/index.php?rest_route=%2Fwp%2Fv2%2Fpost_flags&post=12166"}],"curies":[{"name":"wp","href":"https:\/\/api.w.org\/{rel}","templated":true}]}}