{"id":12123,"date":"2025-01-28T21:44:03","date_gmt":"2025-01-28T21:44:03","guid":{"rendered":"https:\/\/kondis.mittmagasin.online\/?p=12123"},"modified":"2025-01-30T08:21:16","modified_gmt":"2025-01-30T08:21:16","slug":"norge-rundt-11","status":"publish","type":"post","link":"https:\/\/kondis.mittmagasin.online\/?p=12123","title":{"rendered":"Norge rundt"},"content":{"rendered":"<p>\n    <a href=\"\">Forrige<\/a>\n<\/p>\n<p>\n    <a href=\"\/index.php?page_id=12096\">Innholdsliste<\/a>\n<\/p>\n<p>\n    <a href=\"\">Neste<\/a>\n<\/p>\n<p><img decoding=\"async\" src=\"\/wp-content\/uploads\/2022\/01\/norge-rundt.jpg\" alt=\"\"><\/p>\n<h2>\n<p class=\"p1\">Alt klaffet for Solastranden Halvmaraton<\/p>\n<\/h2>\n<div>\n<p class=\"p1\">Sol, vindstille og rekordmange deltakere gjorde \u00e5rets utgave av Hoka Solastranden Halvmaraton til en str\u00e5lende opplevelse for deltakerne og en stor suksess for arrang\u00f8rene. Men det var kaldt, da starten p\u00e5 5 km gikk om morgenen, viste termometeret minus 11 grader. Et stort sn\u00f8fall i dagene f\u00f8r hadde ogs\u00e5 gitt arrang\u00f8rene en utfordring med \u00e5 f\u00e5 fjernet sn\u00f8en fra l\u00f8ypene.<\/p>\n<p class=\"p3\">Men \u00e5 ha et l\u00f8p i vindstille v\u00e6r p\u00e5 Solastranden er if\u00f8lge dem som kjenner forholdene her temmelig unikt, for her bl\u00e5ser det omtrent alltid. Ikke minst de som deltok p\u00e5 l\u00f8pet i fjor fikk kjenne p\u00e5 hvor ufyselige forholdene kan v\u00e6re n\u00e5r det bl\u00e5ser her.<\/p>\n<p class=\"p3\">I \u00e5r skinte alts\u00e5 solen p\u00e5 alle deltagerne som stilte til start ved Sola Strand Hotel for \u00e5 delta i et l\u00f8p p\u00e5 5 km, 10 km eller halvmaraton. Eller alle tre: Trippelen var for dem som ville ha med seg alt.<\/p>\n<p class=\"p3\">Det var ogs\u00e5 deltakerrekord for Solastranden Halvmaraton. P\u00e5meldingslistene viser at over 2000 hadde meldt seg p\u00e5. Resultatlisten viser at 1649 gjennomf\u00f8rte og fikk en tid p\u00e5 listen. Dette er en fremgang fra l\u00f8pet i fjor, som hadde 1809 p\u00e5meldte og 1424 fullf\u00f8rende.<\/p>\n<p class=\"p3\">En av dem som smilte aller bredest, var arrang\u00f8rklubben Spirits egen ildsjel, Einar S\u00f8ndeland. Det er han som har v\u00e6rt drivkraften bak dette arrangementet:<\/p>\n<p class=\"p3\">\u2013 Dette er jo helt ufattelig. Vi var jo rundt 100 deltakere i mange \u00e5r, og kom etter hvert opp i 200 deltakere. Men det har jo tatt helt fullstendig av etter covid-pandemien.<\/p>\n<p class=\"p3\">Dette betyr at alt arbeidet de legger ned med arrangementet betaler seg for klubben:<\/p>\n<p class=\"p3\">\u2013 Vi har en fin dugnads\u00e5nd i Spirit, og vi regner med at Solastranden Halvmaraton gir et sekssifret bel\u00f8p i inntekt til klubben i \u00e5r, smiler Einar S\u00f8ndeland.<\/p>\n<p class=\"p4\" style=\"text-align: right;\"><em><strong>Arne Dag Myking<\/strong><\/em><\/p>\n<\/div>\n<p><img decoding=\"async\" src=\"\/wp-content\/uploads\/2025\/01\/Solastranden-10-km-foto-Arne-Dag-Myking-1U9A0104.jpg\" alt=\"\"><\/p>\n<div>\n<p class=\"p1\"><strong>Vinterlig:<\/strong> I fine forhold f\u00f8lger l\u00f8perne etter en av fartsholderne langs Solastranden. Her er det 40 minutter som er m\u00e5let for 10 km-distansen. (Foto:Arne Dag Myking)<\/p>\n<\/div>\n<p><img decoding=\"async\" src=\"\/wp-content\/uploads\/2025\/01\/Einar-Sondeland-foto-Arne-Dag-Myking-1U9A9695.jpg\" alt=\"\"><\/p>\n<div>\n<p class=\"p1\"><strong>Ildsjel:<\/strong> Einar S\u00f8ndeland har alltid v\u00e6rt drivkraften bak Solastranden Halvmaraton. Denne gangen kunne han glede seg over deltakerrekord og gode l\u00f8psforhold, med sol og vindstille v\u00e6r. (Foto: Arne Dag Myking)<\/p>\n<\/div>\n<hr>\n<h1>\n<p class=\"p1\">\u00c5lesund Vinterkarusell p\u00e5 vinterf\u00f8re<\/p>\n<\/h1>\n<div>\n<p class=\"p1\">L\u00f8rdag 11. januar blei det tredje l\u00f8pet i Vinterkarusellen arrangert innover Brusdalen i indre del av \u00c5lesund kommune. L\u00f8pet blir arrangert samme sted andre l\u00f8rdag i m\u00e5nedene november, desember, januar, februar og mars.<\/p>\n<p class=\"p3\">Denne gang hadde kong Vinter meldt sin tilstedev\u00e6relse. Mens de to f\u00f8rste l\u00f8pa gikk p\u00e5 isfrie veger, var underlaget n\u00e5 kompakt sn\u00f8\/is, og de\u00a0fleste hadde valgt \u00e5 ha pigger under l\u00f8peskoene. Temperaturen l\u00e5 og vaket rundt null grader, og vinden var heilt frav\u00e6rende.<\/p>\n<p class=\"p3\">Vinterl\u00f8p p\u00e5 ytre Sunnm\u00f8re har rike tradisjoner. Omr\u00e5det har som regel milde vintrer med lite sn\u00f8fall. \u00c5lesund Vinterkarusell startet opp i 1987, men da i omr\u00e5det Furmyra. F\u00f8r den tid hadde romsdalingene Jakob Kjersem og Alf Hjelvik organisert vinterkarusell som gikk p\u00e5 forskjellige steder i M\u00f8re og Romsdal. Den startet opp i 1971 og var lagt til Sunndal, Bryn, Frei, Tomrefjord, Fj\u00f8rtoft og Dimna. Den holdt det g\u00e5ende til ut p\u00e5 80-tallet.<\/p>\n<p class=\"p3\">P\u00e5 Hareid har de arrangert vinterkarusell siden desember 1981 under navnet Grimstadvatnet Rundt.<\/p>\n<p class=\"p3\">Vinterkarusellene p\u00e5 Sunnm\u00f8re har samlet premiering p\u00e5 det siste l\u00f8pet der man premierer antall deltakelser og ikke etter oppn\u00e5dde tider. Det er det mange trofaste mosjonister som setter pris p\u00e5 da disse endelig f\u00e5r sin velfortjente heder. I \u00c5lesund er det l\u00f8pekrus som er premien der man m\u00e5 delta p\u00e5 tre eller flere l\u00f8p for \u00e5 f\u00e5.<\/p>\n<p class=\"p3\">Vinnere av det tredje l\u00f8pet i \u00c5lesund Vinterkarusell i det nye \u00e5ret blei Janne Elin Vatnaland og Arve Romslo Schistad p\u00e5 5 km og Natalie Maozzezi og Per Inge Bj\u00f8rnestad p\u00e5 10 km.<\/p>\n<p class=\"p5\" style=\"text-align: right;\"><em><strong>Helge Fuglseth<\/strong><\/em><\/p>\n<\/div>\n<p><img decoding=\"async\" src=\"\/wp-content\/uploads\/2025\/01\/Alesund-Vinterkarusell-Ingrid-Granoien-og-Rolf-Solnordal-foto-Sigbjorn-Lerstad.jpg\" alt=\"\"><\/p>\n<div>\n<p class=\"p1\"><strong>L\u00f8peglede:<\/strong> Ingrid Granoien og Rolf Soln\u00f8rdal ser ut til \u00e5 nyte b\u00e5de vinteren og deltakelsen i \u00c5lesund Vinterkarusell. (Foto: Sigbj\u00f8rn Lerstad)<\/p>\n<\/div>\n<p><img decoding=\"async\" src=\"\/wp-content\/uploads\/2025\/01\/Alesund-Vinterkarusell-Janne-Elin-Vatnaland-foto-Sigbjorn-Lerstad.jpg\" alt=\"\"><\/p>\n<div>\n<p class=\"p1\"><strong>Slo gutta:<\/strong> Tidtakerklokka viste 19.31 da Janne Elin Vatnaland kryssa m\u00e5lstreken som f\u00f8rste l\u00f8per p\u00e5 5 kilometeren. (Foto: Sigbj\u00f8rn Lerstad)<\/p>\n<\/div>\n<hr>\n<p><img decoding=\"async\" src=\"\/wp-content\/uploads\/2025\/01\/Budorrennet-Lokalt-lokomotiv-foto-Stein-Arne-Negard.jpg\" alt=\"\"><\/p>\n<div>\n<p class=\"p1\"><strong>Lokalt lokomotiv:<\/strong>\u00a0Henning Lie (136) viser vei fra start i velkjent terreng fulgt av Erik Ola Jorde og side om side med Johan Hoel som f\u00f8lges av Karstein Johaug jr. og Eirik Sverdup Augdal (skjult). (Foto: Stein Arne Neg\u00e5rd)<\/p>\n<\/div>\n<p><img decoding=\"async\" src=\"\/wp-content\/uploads\/2025\/01\/Budorrnnet-Vant-vinner-foto-Stein-Arne-Negard.jpg\" alt=\"\"><\/p>\n<div>\n<p class=\"p1\"><strong>Vant vinner:<\/strong> Spurtsterke Andreas Nygaard var best til slutt igjen. Her med sjettemann, Henrik Vik Tolo, p\u00e5 bakskiene etter 6 km. (Foto: Stein Arne Neg\u00e5rd)<\/p>\n<\/div>\n<p><img decoding=\"async\" src=\"\/wp-content\/uploads\/2025\/01\/Budorrennet-Kvinnelige-stakekraft-foto-Stein-Arne-Negard.jpg\" alt=\"\"><\/p>\n<div>\n<p class=\"p1\"><strong>Kvinnelige stakekraft:<\/strong> Vinner Fanny Marie M\u00f8ller Endresen (194) i kraftfull staking 25 km ut i l\u00f8pet. (Foto: Stein Arne Neg\u00e5rd)\u00a0<\/p>\n<\/div>\n<p><img decoding=\"async\" src=\"\/wp-content\/uploads\/2025\/01\/Budorrennet-Nok-sno-foto-Stein-Arne-Negard.jpg\" alt=\"\"><\/p>\n<div>\n<p class=\"p1\"><strong>Nok sn\u00f8:<\/strong> Det var ikke mye, men nok sn\u00f8 til \u00e5 arrangere skirenn p\u00e5 Hedmarksvidda 4. januar i \u00e5r. (Foto: Stein Arne Neg\u00e5rd)\u00a0<\/p>\n<\/div>\n<h1>\n<p class=\"p1\">Pangstart p\u00e5 turrennsesongen i Budorrennet<\/p>\n<\/h1>\n<div>\n<p class=\"p1\">Etter en sn\u00f8fattig f\u00f8rjulsvinter som tvang arrang\u00f8rene av Romjulsrennet p\u00e5 Sjusj\u00f8en til \u00e5 avlyse det \u00e5rlige \u00e5pningsrennet, tok turrennsesongen virkelig av med Budorrennet den f\u00f8rste l\u00f8rdagen i januar. Etter et kj\u00e6rkomment sn\u00f8fall fem dager f\u00f8r renndagen kunne arrang\u00f8rene i Nordbygda\/L\u00f8ten Ski \u00f8nske velkommen til fullt brukbare forhold i en justert og noe redusert tras\u00e9 p\u00e5 39 km.<\/p>\n<p class=\"p3\">For \u00e5 bevare sitt gode renomm\u00e9 som arrang\u00f8r hadde Nordbygda\/L\u00f8ten Ski satt en grense p\u00e5 600 p\u00e5meldinger, men alle foresp\u00f8rsler de siste dagene tydet p\u00e5 at de kunne solgt mange flere. 603 rakk \u00e5 melde seg p\u00e5, 569 kom til start, og 555 fullf\u00f8rte rennet. Dermed ble det satt rekord i antall fullf\u00f8rende med 60 flere enn i det forrige topp\u00e5ret i 2020.<\/p>\n<p class=\"p3\">Med 20 kuldegrader i lavlandet og fjor\u00e5rets kj\u00f8lige opplevelse i minne, fulgte nok de mange tilreisende deltakerne n\u00f8ye med p\u00e5 temperaturen da de n\u00e6rmet seg startstedet tre kilometer opp i lia nedenfor Budor. Ikke uvanlig for f\u00f8rste del av vinteren ble kulda liggende i lavlandet, og temperaturen var ti grader h\u00f8yere da starten gikk p\u00e5 skistadion 500 moh. Vel oppe p\u00e5 Hedmarksvidda ytterligere 250 h\u00f8ydemeter h\u00f8yere opp kunne l\u00f8perne nyte sola med en liten vindtrekk i ryggen, mens de fleste nok ble litt stive i maska p\u00e5 returen med sola i ryggen og v\u00e6rdraget midt imot.<\/p>\n<p class=\"p3\">Som i fjor var det Andreas Nygaard som sikret seg en halv elg i premie med tiden 1.41.51. Team Ragde Charges spurtkanon var h\u00e5rfint foran lagkamerat og fjor\u00e5rets Ski Classics-vinner, Johan Hoel, og regjerende norgesmester p\u00e5 50 km, Eirik Sverdrup Augdal, Team Eksj\u00f6hus. Fra start var ogs\u00e5 Henning Lie fra Team N\u00e6ringsbanken Stora Enso og Erik Ola Jorde, NTNUI Ski Team med p\u00e5 leken sammen med den meritterte trioen.<\/p>\n<p class=\"p3\">Som i herreklassen var det et bra beite av kvinnelige Ski Classics-l\u00f8pere som stilte til start for \u00e5 holde konkurranseformen ved like f\u00f8r langl\u00f8pssirkuset fortsatte i Italia og Sveits de etterf\u00f8lgende helgene. Fanny Marie M\u00f8ller Endresen som g\u00e5r for Team Kaffebryggeriet Driv viste seg \u00e5 v\u00e6re en Team N\u00e6ringsbanken Stora Enso-trio overlegen og vant p\u00e5 sterke 1.59.17. Karen Amalie Nordseth var best av de tre lag-venninnene fulgt av Marie Renee S\u00f8rum Gangs\u00f8 og Thea Snortheimsmoen.<\/p>\n<p class=\"p3\">P\u00e5 halv-distansen p\u00e5 25 km var svenske Joel Holmg\u00e5rd f\u00f8rst i m\u00e5l, fulgt av vinneren av kvinneklassen, franske Alina Niggli.<\/p>\n<p class=\"p3\">Budorrennet var i likhet med premieren i fjor det f\u00f8rste rennet i Skiplukker\u203an Langl\u00f8pscup Innlandet. Cupen er i \u00e5r utvidet med Valdres Skimaraton p\u00e5 hele 72 km som avslutter \u00e5rets utgave 22. mars. De to \u00f8vrige rennene er som i fjor Stenfjellrunden 1. februar og Trysil Skimaraton 15. februar.<\/p>\n<p class=\"p4\" style=\"text-align: right;\"><em><strong>Rolf Bakken<\/strong><\/em><\/p>\n<\/div>\n<div>\n<div class=\"adunit\" data-adunit=\"mobile\/m_netboard_2\" data-dimensions=\"320x320,320x250,300x300,300x250,320x400\"><\/div>\n<\/div>\n<hr>\n<div>\n<div class=\"adunit\" data-adunit=\"mobile\/m_netboard_2\" data-dimensions=\"320x320,320x250,300x300,300x250,320x400\"><\/div>\n<\/div>\n<hr>\n<div>\n<div class=\"adunit\" data-adunit=\"mobile\/m_netboard_2\" data-dimensions=\"320x320,320x250,300x300,300x250,320x400\"><\/div>\n<\/div>\n<p>\n    <a href=\"\">Forrige<\/a>\n<\/p>\n<p>\n    <a href=\"\/index.php?page_id=12096\">Innholdsliste<\/a>\n<\/p>\n<p>\n    <a href=\"\">Neste<\/a>\n<\/p>\n<p><!--more--><br \/>\n<!-- {\"type\":\"layout\",\"children\":[{\"type\":\"section\",\"props\":{\"image_position\":\"center-center\",\"overlap\":false,\"padding\":\"xsmall\",\"padding_remove_top\":false,\"style\":\"default\",\"title_breakpoint\":\"xl\",\"title_position\":\"top-left\",\"title_rotation\":\"left\",\"vertical_align\":\"\",\"width\":\"default\"},\"children\":[{\"type\":\"row\",\"props\":{\"layout\":\"1-4,1-2,1-4\"},\"children\":[{\"type\":\"column\",\"props\":{\"image_position\":\"center-center\",\"position_sticky_breakpoint\":\"m\",\"width_default\":\"1-3\",\"width_medium\":\"1-4\"},\"children\":[{\"type\":\"button\",\"props\":{\"button_size\":\"small\",\"grid_column_gap\":\"small\",\"grid_row_gap\":\"small\",\"margin\":\"\",\"position\":\"absolute\"},\"children\":[{\"type\":\"button_item\",\"props\":{\"button_style\":\"primary\",\"content\":\"Forrige\",\"icon_align\":\"left\"},\"source\":{\"query\":{\"name\":\"posts.singleNextPost\"},\"props\":{\"link\":{\"filters\":{\"search\":\"\"},\"name\":\"link\"}}}}],\"modified\":\"2022-01-08T13:55:05.502Z\",\"name\":\"Forrige-knapp\"}]},{\"type\":\"column\",\"props\":{\"image_position\":\"center-center\",\"position_sticky_breakpoint\":\"m\",\"width_default\":\"1-3\",\"width_medium\":\"1-2\"},\"children\":[{\"type\":\"button\",\"props\":{\"button_size\":\"small\",\"fullwidth\":false,\"grid_column_gap\":\"small\",\"grid_row_gap\":\"small\",\"margin\":\"default\",\"position\":\"absolute\",\"text_align\":\"center\"},\"children\":[{\"type\":\"button_item\",\"props\":{\"button_style\":\"danger\",\"content\":\"Innholdsliste\",\"icon_align\":\"left\",\"link\":\"index.php?page_id=12096\"}}],\"modified\":\"2022-01-08T13:55:15.706Z\",\"name\":\"Innhold-knapp\"}]},{\"type\":\"column\",\"props\":{\"image_position\":\"center-center\",\"position_sticky_breakpoint\":\"m\",\"width_default\":\"1-3\",\"width_medium\":\"1-4\"},\"children\":[{\"type\":\"button\",\"props\":{\"button_size\":\"small\",\"grid_column_gap\":\"small\",\"grid_row_gap\":\"small\",\"margin\":\"remove-vertical\",\"text_align\":\"right\"},\"children\":[{\"type\":\"button_item\",\"props\":{\"button_style\":\"primary\",\"content\":\"Neste\",\"icon_align\":\"left\"},\"source\":{\"query\":{\"name\":\"posts.singlePreviousPost\"},\"props\":{\"link\":{\"filters\":{\"search\":\"\"},\"name\":\"link\"}}}}],\"modified\":\"2022-01-08T13:54:21.007Z\",\"name\":\"Neste-knapp\"}]}]}]},{\"type\":\"section\",\"props\":{\"image_position\":\"center-center\",\"padding\":\"xsmall\",\"padding_remove_top\":false,\"style\":\"default\",\"title_breakpoint\":\"xl\",\"title_position\":\"top-left\",\"title_rotation\":\"left\",\"vertical_align\":\"\",\"width\":\"default\"},\"children\":[{\"type\":\"row\",\"props\":{\"column_gap\":\"small\",\"divider\":true,\"layout\":\"3-4,1-4\"},\"children\":[{\"type\":\"column\",\"props\":{\"image_position\":\"center-center\",\"position_sticky_breakpoint\":\"m\",\"width_medium\":\"3-4\"},\"children\":[{\"type\":\"image\",\"props\":{\"image\":\"wp-content\\\/uploads\\\/2022\\\/01\\\/norge-rundt.jpg\",\"image_svg_color\":\"emphasis\",\"margin\":\"default\"}},{\"type\":\"fragment\",\"props\":{\"margin\":\"default\"},\"children\":[{\"type\":\"row\",\"props\":{\"layout\":\"3-5,2-5\"},\"children\":[{\"type\":\"column\",\"props\":{\"image_position\":\"center-center\",\"position_sticky_breakpoint\":\"m\",\"width_medium\":\"3-5\"},\"children\":[{\"type\":\"headline\",\"props\":{\"content\":\"\n\n<p class=\\\"p1\\\">Alt klaffet for Solastranden Halvmaraton<\\\/p>\",\"title_element\":\"h2\",\"title_style\":\"h2\"}},{\"type\":\"text\",\"props\":{\"column_breakpoint\":\"m\",\"content\":\"\n\n<p class=\\\"p1\\\">Sol, vindstille og rekordmange deltakere gjorde \\u00e5rets utgave av Hoka Solastranden Halvmaraton til en str\\u00e5lende opplevelse for deltakerne og en stor suksess for arrang\\u00f8rene. Men det var kaldt, da starten p\\u00e5 5 km gikk om morgenen, viste termometeret minus 11 grader. Et stort sn\\u00f8fall i dagene f\\u00f8r hadde ogs\\u00e5 gitt arrang\\u00f8rene en utfordring med \\u00e5 f\\u00e5 fjernet sn\\u00f8en fra l\\u00f8ypene.<\\\/p>\\n\n\n<p class=\\\"p3\\\">Men \\u00e5 ha et l\\u00f8p i vindstille v\\u00e6r p\\u00e5 Solastranden er if\\u00f8lge dem som kjenner forholdene her temmelig unikt, for her bl\\u00e5ser det omtrent alltid. Ikke minst de som deltok p\\u00e5 l\\u00f8pet i fjor fikk kjenne p\\u00e5 hvor ufyselige forholdene kan v\\u00e6re n\\u00e5r det bl\\u00e5ser her.<\\\/p>\\n\n\n<p class=\\\"p3\\\">I \\u00e5r skinte alts\\u00e5 solen p\\u00e5 alle deltagerne som stilte til start ved Sola Strand Hotel for \\u00e5 delta i et l\\u00f8p p\\u00e5 5 km, 10 km eller halvmaraton. Eller alle tre: Trippelen var for dem som ville ha med seg alt.<\\\/p>\\n\n\n<p class=\\\"p3\\\">Det var ogs\\u00e5 deltakerrekord for Solastranden Halvmaraton. P\\u00e5meldingslistene viser at over 2000 hadde meldt seg p\\u00e5. Resultatlisten viser at 1649 gjennomf\\u00f8rte og fikk en tid p\\u00e5 listen. Dette er en fremgang fra l\\u00f8pet i fjor, som hadde 1809 p\\u00e5meldte og 1424 fullf\\u00f8rende.<\\\/p>\\n\n\n<p class=\\\"p3\\\">En av dem som smilte aller bredest, var arrang\\u00f8rklubben Spirits egen ildsjel, Einar S\\u00f8ndeland. Det er han som har v\\u00e6rt drivkraften bak dette arrangementet:<\\\/p>\\n\n\n<p class=\\\"p3\\\">\\u2013 Dette er jo helt ufattelig. Vi var jo rundt 100 deltakere i mange \\u00e5r, og kom etter hvert opp i 200 deltakere. Men det har jo tatt helt fullstendig av etter covid-pandemien.<\\\/p>\\n\n\n<p class=\\\"p3\\\">Dette betyr at alt arbeidet de legger ned med arrangementet betaler seg for klubben:<\\\/p>\\n\n\n<p class=\\\"p3\\\">\\u2013 Vi har en fin dugnads\\u00e5nd i Spirit, og vi regner med at Solastranden Halvmaraton gir et sekssifret bel\\u00f8p i inntekt til klubben i \\u00e5r, smiler Einar S\\u00f8ndeland.<\\\/p>\\n\n\n<p class=\\\"p4\\\" style=\\\"text-align: right;\\\"><em><strong>Arne Dag Myking<\\\/strong><\\\/em><\\\/p>\",\"margin\":\"default\"}}]},{\"type\":\"column\",\"props\":{\"image_position\":\"center-center\",\"position_sticky_breakpoint\":\"m\",\"width_medium\":\"2-5\"},\"children\":[{\"type\":\"image\",\"props\":{\"image\":\"wp-content\\\/uploads\\\/2025\\\/01\\\/Solastranden-10-km-foto-Arne-Dag-Myking-1U9A0104.jpg\",\"image_svg_color\":\"emphasis\",\"margin\":\"small\"}},{\"type\":\"text\",\"props\":{\"column_breakpoint\":\"m\",\"content\":\"\n\n<p class=\\\"p1\\\"><strong>Vinterlig:<\\\/strong> I fine forhold f\\u00f8lger l\\u00f8perne etter en av fartsholderne langs Solastranden. Her er det 40 minutter som er m\\u00e5let for 10 km-distansen. (Foto:Arne Dag Myking)<\\\/p>\",\"margin\":\"default\",\"margin_remove_top\":true}},{\"type\":\"image\",\"props\":{\"image\":\"wp-content\\\/uploads\\\/2025\\\/01\\\/Einar-Sondeland-foto-Arne-Dag-Myking-1U9A9695.jpg\",\"image_svg_color\":\"emphasis\",\"margin\":\"small\"}},{\"type\":\"text\",\"props\":{\"column_breakpoint\":\"m\",\"content\":\"\n\n<p class=\\\"p1\\\"><strong>Ildsjel:<\\\/strong> Einar S\\u00f8ndeland har alltid v\\u00e6rt drivkraften bak Solastranden Halvmaraton. Denne gangen kunne han glede seg over deltakerrekord og gode l\\u00f8psforhold, med sol og vindstille v\\u00e6r. (Foto: Arne Dag Myking)<\\\/p>\",\"margin\":\"default\",\"margin_remove_top\":true}}]}]}]},{\"type\":\"divider\",\"props\":{\"divider_element\":\"hr\"}},{\"type\":\"fragment\",\"props\":{\"margin\":\"default\"},\"children\":[{\"type\":\"row\",\"props\":{\"layout\":\"3-5,2-5\"},\"children\":[{\"type\":\"column\",\"props\":{\"image_position\":\"center-center\",\"position_sticky_breakpoint\":\"m\",\"width_medium\":\"3-5\"},\"children\":[{\"type\":\"headline\",\"props\":{\"content\":\"\n\n<p class=\\\"p1\\\">\\u00c5lesund Vinterkarusell p\\u00e5 vinterf\\u00f8re<\\\/p>\",\"title_element\":\"h1\",\"title_style\":\"h2\"}},{\"type\":\"text\",\"props\":{\"column_breakpoint\":\"m\",\"content\":\"\n\n<p class=\\\"p1\\\">L\\u00f8rdag 11. januar blei det tredje l\\u00f8pet i Vinterkarusellen arrangert innover Brusdalen i indre del av \\u00c5lesund kommune. L\\u00f8pet blir arrangert samme sted andre l\\u00f8rdag i m\\u00e5nedene november, desember, januar, februar og mars.<\\\/p>\\n\n\n<p class=\\\"p3\\\">Denne gang hadde kong Vinter meldt sin tilstedev\\u00e6relse. Mens de to f\\u00f8rste l\\u00f8pa gikk p\\u00e5 isfrie veger, var underlaget n\\u00e5 kompakt sn\\u00f8\\\/is, og de\\u00a0fleste hadde valgt \\u00e5 ha pigger under l\\u00f8peskoene. Temperaturen l\\u00e5 og vaket rundt null grader, og vinden var heilt frav\\u00e6rende.<\\\/p>\\n\n\n<p class=\\\"p3\\\">Vinterl\\u00f8p p\\u00e5 ytre Sunnm\\u00f8re har rike tradisjoner. Omr\\u00e5det har som regel milde vintrer med lite sn\\u00f8fall. \\u00c5lesund Vinterkarusell startet opp i 1987, men da i omr\\u00e5det Furmyra. F\\u00f8r den tid hadde romsdalingene Jakob Kjersem og Alf Hjelvik organisert vinterkarusell som gikk p\\u00e5 forskjellige steder i M\\u00f8re og Romsdal. Den startet opp i 1971 og var lagt til Sunndal, Bryn, Frei, Tomrefjord, Fj\\u00f8rtoft og Dimna. Den holdt det g\\u00e5ende til ut p\\u00e5 80-tallet.<\\\/p>\\n\n\n<p class=\\\"p3\\\">P\\u00e5 Hareid har de arrangert vinterkarusell siden desember 1981 under navnet Grimstadvatnet Rundt.<\\\/p>\\n\n\n<p class=\\\"p3\\\">Vinterkarusellene p\\u00e5 Sunnm\\u00f8re har samlet premiering p\\u00e5 det siste l\\u00f8pet der man premierer antall deltakelser og ikke etter oppn\\u00e5dde tider. Det er det mange trofaste mosjonister som setter pris p\\u00e5 da disse endelig f\\u00e5r sin velfortjente heder. I \\u00c5lesund er det l\\u00f8pekrus som er premien der man m\\u00e5 delta p\\u00e5 tre eller flere l\\u00f8p for \\u00e5 f\\u00e5.<\\\/p>\\n\n\n<p class=\\\"p3\\\">Vinnere av det tredje l\\u00f8pet i \\u00c5lesund Vinterkarusell i det nye \\u00e5ret blei Janne Elin Vatnaland og Arve Romslo Schistad p\\u00e5 5 km og Natalie Maozzezi og Per Inge Bj\\u00f8rnestad p\\u00e5 10 km.<\\\/p>\\n\n\n<p class=\\\"p5\\\" style=\\\"text-align: right;\\\"><em><strong>Helge Fuglseth<\\\/strong><\\\/em><\\\/p>\",\"margin\":\"default\"}}]},{\"type\":\"column\",\"props\":{\"image_position\":\"center-center\",\"position_sticky_breakpoint\":\"m\",\"width_medium\":\"2-5\"},\"children\":[{\"type\":\"image\",\"props\":{\"image\":\"wp-content\\\/uploads\\\/2025\\\/01\\\/Alesund-Vinterkarusell-Ingrid-Granoien-og-Rolf-Solnordal-foto-Sigbjorn-Lerstad.jpg\",\"image_svg_color\":\"emphasis\",\"margin\":\"small\"}},{\"type\":\"text\",\"props\":{\"column_breakpoint\":\"m\",\"content\":\"\n\n<p class=\\\"p1\\\"><strong>L\\u00f8peglede:<\\\/strong> Ingrid Granoien og Rolf Soln\\u00f8rdal ser ut til \\u00e5 nyte b\\u00e5de vinteren og deltakelsen i \\u00c5lesund Vinterkarusell. (Foto: Sigbj\\u00f8rn Lerstad)<\\\/p>\",\"margin\":\"default\",\"margin_remove_top\":true}},{\"type\":\"image\",\"props\":{\"image\":\"wp-content\\\/uploads\\\/2025\\\/01\\\/Alesund-Vinterkarusell-Janne-Elin-Vatnaland-foto-Sigbjorn-Lerstad.jpg\",\"image_svg_color\":\"emphasis\",\"margin\":\"small\"}},{\"type\":\"text\",\"props\":{\"column_breakpoint\":\"m\",\"content\":\"\n\n<p class=\\\"p1\\\"><strong>Slo gutta:<\\\/strong> Tidtakerklokka viste 19.31 da Janne Elin Vatnaland kryssa m\\u00e5lstreken som f\\u00f8rste l\\u00f8per p\\u00e5 5 kilometeren. (Foto: Sigbj\\u00f8rn Lerstad)<\\\/p>\",\"margin\":\"default\",\"margin_remove_top\":true}}]}]}]},{\"type\":\"divider\",\"props\":{\"divider_element\":\"hr\"}},{\"type\":\"fragment\",\"props\":{\"margin\":\"default\"},\"children\":[{\"type\":\"row\",\"props\":{\"layout\":\"2-5,3-5\"},\"children\":[{\"type\":\"column\",\"props\":{\"image_position\":\"center-center\",\"position_sticky_breakpoint\":\"m\",\"width_medium\":\"2-5\"},\"children\":[{\"type\":\"image\",\"props\":{\"image\":\"wp-content\\\/uploads\\\/2025\\\/01\\\/Budorrennet-Lokalt-lokomotiv-foto-Stein-Arne-Negard.jpg\",\"image_svg_color\":\"emphasis\",\"margin\":\"small\"}},{\"type\":\"text\",\"props\":{\"column_breakpoint\":\"m\",\"content\":\"\n\n<p class=\\\"p1\\\"><strong>Lokalt lokomotiv:<\\\/strong>\\u00a0Henning Lie (136) viser vei fra start i velkjent terreng fulgt av Erik Ola Jorde og side om side med Johan Hoel som f\\u00f8lges av Karstein Johaug jr. og Eirik Sverdup Augdal (skjult). (Foto: Stein Arne Neg\\u00e5rd)<\\\/p>\",\"margin\":\"default\",\"margin_remove_top\":true}},{\"type\":\"image\",\"props\":{\"image\":\"wp-content\\\/uploads\\\/2025\\\/01\\\/Budorrnnet-Vant-vinner-foto-Stein-Arne-Negard.jpg\",\"image_svg_color\":\"emphasis\",\"margin\":\"small\"}},{\"type\":\"text\",\"props\":{\"column_breakpoint\":\"m\",\"content\":\"\n\n<p class=\\\"p1\\\"><strong>Vant vinner:<\\\/strong> Spurtsterke Andreas Nygaard var best til slutt igjen. Her med sjettemann, Henrik Vik Tolo, p\\u00e5 bakskiene etter 6 km. (Foto: Stein Arne Neg\\u00e5rd)<\\\/p>\",\"margin\":\"default\",\"margin_remove_top\":true}},{\"type\":\"image\",\"props\":{\"image\":\"wp-content\\\/uploads\\\/2025\\\/01\\\/Budorrennet-Kvinnelige-stakekraft-foto-Stein-Arne-Negard.jpg\",\"image_svg_color\":\"emphasis\",\"margin\":\"small\"}},{\"type\":\"text\",\"props\":{\"column_breakpoint\":\"m\",\"content\":\"\n\n<p class=\\\"p1\\\"><strong>Kvinnelige stakekraft:<\\\/strong> Vinner Fanny Marie M\\u00f8ller Endresen (194) i kraftfull staking 25 km ut i l\\u00f8pet. (Foto: Stein Arne Neg\\u00e5rd)\\u00a0<\\\/p>\",\"margin\":\"default\",\"margin_remove_top\":true}},{\"type\":\"image\",\"props\":{\"image\":\"wp-content\\\/uploads\\\/2025\\\/01\\\/Budorrennet-Nok-sno-foto-Stein-Arne-Negard.jpg\",\"image_svg_color\":\"emphasis\",\"margin\":\"small\"}},{\"type\":\"text\",\"props\":{\"column_breakpoint\":\"m\",\"content\":\"\n\n<p class=\\\"p1\\\"><strong>Nok sn\\u00f8:<\\\/strong> Det var ikke mye, men nok sn\\u00f8 til \\u00e5 arrangere skirenn p\\u00e5 Hedmarksvidda 4. januar i \\u00e5r. (Foto: Stein Arne Neg\\u00e5rd)\\u00a0<\\\/p>\",\"margin\":\"default\",\"margin_remove_top\":true}}]},{\"type\":\"column\",\"props\":{\"image_position\":\"center-center\",\"position_sticky_breakpoint\":\"m\",\"width_medium\":\"3-5\"},\"children\":[{\"type\":\"headline\",\"props\":{\"content\":\"\n\n<p class=\\\"p1\\\">Pangstart p\\u00e5 turrennsesongen i Budorrennet<\\\/p>\",\"title_element\":\"h1\",\"title_style\":\"h2\"}},{\"type\":\"text\",\"props\":{\"column_breakpoint\":\"m\",\"content\":\"\n\n<p class=\\\"p1\\\">Etter en sn\\u00f8fattig f\\u00f8rjulsvinter som tvang arrang\\u00f8rene av Romjulsrennet p\\u00e5 Sjusj\\u00f8en til \\u00e5 avlyse det \\u00e5rlige \\u00e5pningsrennet, tok turrennsesongen virkelig av med Budorrennet den f\\u00f8rste l\\u00f8rdagen i januar. Etter et kj\\u00e6rkomment sn\\u00f8fall fem dager f\\u00f8r renndagen kunne arrang\\u00f8rene i Nordbygda\\\/L\\u00f8ten Ski \\u00f8nske velkommen til fullt brukbare forhold i en justert og noe redusert tras\\u00e9 p\\u00e5 39 km.<\\\/p>\\n\n\n<p class=\\\"p3\\\">For \\u00e5 bevare sitt gode renomm\\u00e9 som arrang\\u00f8r hadde Nordbygda\\\/L\\u00f8ten Ski satt en grense p\\u00e5 600 p\\u00e5meldinger, men alle foresp\\u00f8rsler de siste dagene tydet p\\u00e5 at de kunne solgt mange flere. 603 rakk \\u00e5 melde seg p\\u00e5, 569 kom til start, og 555 fullf\\u00f8rte rennet. Dermed ble det satt rekord i antall fullf\\u00f8rende med 60 flere enn i det forrige topp\\u00e5ret i 2020.<\\\/p>\\n\n\n<p class=\\\"p3\\\">Med 20 kuldegrader i lavlandet og fjor\\u00e5rets kj\\u00f8lige opplevelse i minne, fulgte nok de mange tilreisende deltakerne n\\u00f8ye med p\\u00e5 temperaturen da de n\\u00e6rmet seg startstedet tre kilometer opp i lia nedenfor Budor. Ikke uvanlig for f\\u00f8rste del av vinteren ble kulda liggende i lavlandet, og temperaturen var ti grader h\\u00f8yere da starten gikk p\\u00e5 skistadion 500 moh. Vel oppe p\\u00e5 Hedmarksvidda ytterligere 250 h\\u00f8ydemeter h\\u00f8yere opp kunne l\\u00f8perne nyte sola med en liten vindtrekk i ryggen, mens de fleste nok ble litt stive i maska p\\u00e5 returen med sola i ryggen og v\\u00e6rdraget midt imot.<\\\/p>\\n\n\n<p class=\\\"p3\\\">Som i fjor var det Andreas Nygaard som sikret seg en halv elg i premie med tiden 1.41.51. Team Ragde Charges spurtkanon var h\\u00e5rfint foran lagkamerat og fjor\\u00e5rets Ski Classics-vinner, Johan Hoel, og regjerende norgesmester p\\u00e5 50 km, Eirik Sverdrup Augdal, Team Eksj\\u00f6hus. Fra start var ogs\\u00e5 Henning Lie fra Team N\\u00e6ringsbanken Stora Enso og Erik Ola Jorde, NTNUI Ski Team med p\\u00e5 leken sammen med den meritterte trioen.<\\\/p>\\n\n\n<p class=\\\"p3\\\">Som i herreklassen var det et bra beite av kvinnelige Ski Classics-l\\u00f8pere som stilte til start for \\u00e5 holde konkurranseformen ved like f\\u00f8r langl\\u00f8pssirkuset fortsatte i Italia og Sveits de etterf\\u00f8lgende helgene. Fanny Marie M\\u00f8ller Endresen som g\\u00e5r for Team Kaffebryggeriet Driv viste seg \\u00e5 v\\u00e6re en Team N\\u00e6ringsbanken Stora Enso-trio overlegen og vant p\\u00e5 sterke 1.59.17. Karen Amalie Nordseth var best av de tre lag-venninnene fulgt av Marie Renee S\\u00f8rum Gangs\\u00f8 og Thea Snortheimsmoen.<\\\/p>\\n\n\n<p class=\\\"p3\\\">P\\u00e5 halv-distansen p\\u00e5 25 km var svenske Joel Holmg\\u00e5rd f\\u00f8rst i m\\u00e5l, fulgt av vinneren av kvinneklassen, franske Alina Niggli.<\\\/p>\\n\n\n<p class=\\\"p3\\\">Budorrennet var i likhet med premieren i fjor det f\\u00f8rste rennet i Skiplukker\\u203an Langl\\u00f8pscup Innlandet. Cupen er i \\u00e5r utvidet med Valdres Skimaraton p\\u00e5 hele 72 km som avslutter \\u00e5rets utgave 22. mars. De to \\u00f8vrige rennene er som i fjor Stenfjellrunden 1. februar og Trysil Skimaraton 15. februar.<\\\/p>\\n\n\n<p class=\\\"p4\\\" style=\\\"text-align: right;\\\"><em><strong>Rolf Bakken<\\\/strong><\\\/em><\\\/p>\",\"margin\":\"default\"}}]}]}]}]},{\"type\":\"column\",\"props\":{\"image_position\":\"center-center\",\"position_sticky\":\"column\",\"position_sticky_breakpoint\":\"m\",\"position_sticky_offset\":\"80\",\"width_medium\":\"1-4\"},\"children\":[{\"type\":\"html\",\"props\":{\"content\":\"\n\n<div class=\\\"adunit\\\" data-adunit=\\\"mobile\\\/m_netboard_2\\\" data-dimensions=\\\"320x320,320x250,300x300,300x250,320x400\\\"><\\\/div>\\n\"}},{\"type\":\"divider\",\"props\":{\"divider_element\":\"hr\"}},{\"type\":\"html\",\"props\":{\"content\":\"\n\n<div class=\\\"adunit\\\" data-adunit=\\\"mobile\\\/m_netboard_2\\\" data-dimensions=\\\"320x320,320x250,300x300,300x250,320x400\\\"><\\\/div>\\n\"}},{\"type\":\"divider\",\"props\":{\"divider_element\":\"hr\"}},{\"type\":\"html\",\"props\":{\"content\":\"\n\n<div class=\\\"adunit\\\" data-adunit=\\\"mobile\\\/m_netboard_2\\\" data-dimensions=\\\"320x320,320x250,300x300,300x250,320x400\\\"><\\\/div>\\n\"}}]}]}]},{\"type\":\"section\",\"props\":{\"image_position\":\"center-center\",\"overlap\":false,\"padding\":\"xsmall\",\"padding_remove_top\":false,\"style\":\"muted\",\"title_breakpoint\":\"xl\",\"title_position\":\"top-left\",\"title_rotation\":\"left\",\"vertical_align\":\"\",\"width\":\"default\"},\"children\":[{\"type\":\"row\",\"props\":{\"layout\":\"1-4,1-2,1-4\"},\"children\":[{\"type\":\"column\",\"props\":{\"image_position\":\"center-center\",\"position_sticky_breakpoint\":\"m\",\"width_default\":\"1-3\",\"width_medium\":\"1-4\"},\"children\":[{\"type\":\"button\",\"props\":{\"button_size\":\"small\",\"grid_column_gap\":\"small\",\"grid_row_gap\":\"small\",\"margin\":\"\",\"position\":\"absolute\"},\"children\":[{\"type\":\"button_item\",\"props\":{\"button_style\":\"primary\",\"content\":\"Forrige\",\"icon_align\":\"left\"},\"source\":{\"query\":{\"name\":\"posts.singleNextPost\"},\"props\":{\"link\":{\"filters\":{\"search\":\"\"},\"name\":\"link\"}}}}],\"modified\":\"2022-01-08T13:55:05.502Z\",\"name\":\"Forrige-knapp\"}]},{\"type\":\"column\",\"props\":{\"image_position\":\"center-center\",\"position_sticky_breakpoint\":\"m\",\"width_default\":\"1-3\",\"width_medium\":\"1-2\"},\"children\":[{\"type\":\"button\",\"props\":{\"button_size\":\"small\",\"fullwidth\":false,\"grid_column_gap\":\"small\",\"grid_row_gap\":\"small\",\"margin\":\"default\",\"position\":\"absolute\",\"text_align\":\"center\"},\"children\":[{\"type\":\"button_item\",\"props\":{\"button_style\":\"danger\",\"content\":\"Innholdsliste\",\"icon_align\":\"left\",\"link\":\"index.php?page_id=12096\"}}],\"modified\":\"2022-01-08T13:55:15.706Z\",\"name\":\"Innhold-knapp\"}]},{\"type\":\"column\",\"props\":{\"image_position\":\"center-center\",\"position_sticky_breakpoint\":\"m\",\"width_default\":\"1-3\",\"width_medium\":\"1-4\"},\"children\":[{\"type\":\"button\",\"props\":{\"button_size\":\"small\",\"grid_column_gap\":\"small\",\"grid_row_gap\":\"small\",\"margin\":\"remove-vertical\",\"text_align\":\"right\"},\"children\":[{\"type\":\"button_item\",\"props\":{\"button_style\":\"primary\",\"content\":\"Neste\",\"icon_align\":\"left\"},\"source\":{\"query\":{\"name\":\"posts.singlePreviousPost\"},\"props\":{\"link\":{\"filters\":{\"search\":\"\"},\"name\":\"link\"}}}}],\"modified\":\"2022-01-08T13:54:21.007Z\",\"name\":\"Neste-knapp\"}]}]}]}],\"version\":\"4.4.10\"} --><\/p>\n","protected":false},"excerpt":{"rendered":"<p>Forrige Innholdsliste Neste Alt klaffet for Solastranden Halvmaraton Sol, vindstille og rekordmange deltakere gjorde \u00e5rets utgave av Hoka Solastranden Halvmaraton til en str\u00e5lende opplevelse for deltakerne og en stor suksess for arrang\u00f8rene. Men det var kaldt, da starten p\u00e5 5 km gikk om morgenen, viste termometeret minus 11 grader. Et stort sn\u00f8fall i dagene f\u00f8r [&hellip;]<\/p>\n","protected":false},"author":1,"featured_media":12128,"comment_status":"closed","ping_status":"open","sticky":false,"template":"","format":"standard","meta":{"_acf_changed":false,"footnotes":""},"categories":[127],"tags":[87],"post_flags":[],"class_list":["post-12123","post","type-post","status-publish","format-standard","has-post-thumbnail","hentry","category-kondis-1-2025","tag-norge-rundt"],"acf":[],"_links":{"self":[{"href":"https:\/\/kondis.mittmagasin.online\/index.php?rest_route=\/wp\/v2\/posts\/12123","targetHints":{"allow":["GET"]}}],"collection":[{"href":"https:\/\/kondis.mittmagasin.online\/index.php?rest_route=\/wp\/v2\/posts"}],"about":[{"href":"https:\/\/kondis.mittmagasin.online\/index.php?rest_route=\/wp\/v2\/types\/post"}],"author":[{"embeddable":true,"href":"https:\/\/kondis.mittmagasin.online\/index.php?rest_route=\/wp\/v2\/users\/1"}],"replies":[{"embeddable":true,"href":"https:\/\/kondis.mittmagasin.online\/index.php?rest_route=%2Fwp%2Fv2%2Fcomments&post=12123"}],"version-history":[{"count":29,"href":"https:\/\/kondis.mittmagasin.online\/index.php?rest_route=\/wp\/v2\/posts\/12123\/revisions"}],"predecessor-version":[{"id":12385,"href":"https:\/\/kondis.mittmagasin.online\/index.php?rest_route=\/wp\/v2\/posts\/12123\/revisions\/12385"}],"wp:featuredmedia":[{"embeddable":true,"href":"https:\/\/kondis.mittmagasin.online\/index.php?rest_route=\/wp\/v2\/media\/12128"}],"wp:attachment":[{"href":"https:\/\/kondis.mittmagasin.online\/index.php?rest_route=%2Fwp%2Fv2%2Fmedia&parent=12123"}],"wp:term":[{"taxonomy":"category","embeddable":true,"href":"https:\/\/kondis.mittmagasin.online\/index.php?rest_route=%2Fwp%2Fv2%2Fcategories&post=12123"},{"taxonomy":"post_tag","embeddable":true,"href":"https:\/\/kondis.mittmagasin.online\/index.php?rest_route=%2Fwp%2Fv2%2Ftags&post=12123"},{"taxonomy":"post_flag","embeddable":true,"href":"https:\/\/kondis.mittmagasin.online\/index.php?rest_route=%2Fwp%2Fv2%2Fpost_flags&post=12123"}],"curies":[{"name":"wp","href":"https:\/\/api.w.org\/{rel}","templated":true}]}}