{"id":12041,"date":"2024-12-12T00:25:27","date_gmt":"2024-12-12T00:25:27","guid":{"rendered":"https:\/\/kondis.mittmagasin.online\/?p=12041"},"modified":"2024-12-12T00:25:39","modified_gmt":"2024-12-12T00:25:39","slug":"leder-12","status":"publish","type":"post","link":"https:\/\/kondis.mittmagasin.online\/?p=12041","title":{"rendered":"Leder"},"content":{"rendered":"<h1 class=\"p1\">Fellesskap i urolige tider<\/h1>\n<p class=\"p1\">\u00c5rets siste leder faktisk, og da skal man jo kanskje oppsummere litt \u2013 Kondis-\u00e5ret 2024.<\/p>\n<p class=\"p2\">Kondis lever fortsatt ganske bra, men likevel kan jo alt bli bedre. Ogs\u00e5 medlemstallet \u2013 s\u00e5 den beste julegaven jeg som president kan f\u00e5, er at dere alle fortsetter som medlemmer i 2025. Hvis man ser p\u00e5 hvor mange som per i dag har l\u00f8ping\/jogging som en hobby, s\u00e5 burde det v\u00e6re muligheter for at medlemstallet kan vokse litt.<\/p>\n<h3 class=\"p4\"><span class=\"s1\">Fantastisk jobb<\/span><\/h3>\n<p class=\"p1\">Det er veldig mange som gj\u00f8r sitt for at Kondis skal v\u00e6re synlig p\u00e5 en eller annen m\u00e5te, s\u00e5 tusen takk til alle som bidrar for Kondis! I den sammenhengen har jeg lyst til \u00e5 trekke frem alle dere som s\u00f8rger for at Kondistreninga lever mange steder i Norge. S\u00e5 til alle trenere der ute: Dere gj\u00f8r en fantastisk jobb!<\/p>\n<p class=\"p2\">Jeg ser jo at treningene lever veldig bra, og at dere stiller opp hver eneste uke for at folk i alle aldre og all slags form skal f\u00e5 oppleve treningsglede og sosialt fellesskap. Kondistreninga ble startet i 2018, og det er veldig fint \u00e5 se at den lever.<\/p>\n<p class=\"p2\">Og har du som medlem ikke h\u00f8rt om Kondistreninga, da er det bare \u00e5 finne info p\u00e5 nettsiden v\u00e5r Kondistreninga.no. Kondistreninga kj\u00f8res \u00e5ret rundt, i alt slags v\u00e6r, og er selvsagt for de som ikke er medlem ogs\u00e5. Vi hadde juleavslutning for Kondistreninga Oslo her om dagen, og som en av trenerne der var det fint \u00e5 se at felleskapet fungerer ogs\u00e5 uten l\u00f8pesko.<\/p>\n<h3 class=\"p4\"><span class=\"s1\">Behov for \u00e5 koble av<\/span><\/h3>\n<p class=\"p1\">2025 er straks rundt hj\u00f8rnet. Verden er kanskje ikke helt som f\u00f8r \u2013 det skjer veldig mye rundt omkring som p\u00e5virker oss p\u00e5 en eller annen m\u00e5te. Jeg kjenner p\u00e5 det selv og tenker p\u00e5 den trygge verden vi hadde f\u00f8r covid. Mye har forandret seg, noe som kanskje gj\u00f8r at enda flere trenger noe \u00e5 koble av med? L\u00f8peb\u00f8lgen er i hvert fall st\u00f8rre enn p\u00e5 veldig mange \u00e5r. Det ser man jo p\u00e5 de store l\u00f8pene der ute som n\u00e5 blir fulltegnet omtrent med en gang.<\/p>\n<p class=\"p2\">Jeg tror jo l\u00f8peb\u00f8lgen vil fortsette, for l\u00f8ping \u2013 eller det \u00e5 v\u00e6re i bevegelse \u2013 er nok viktigere enn noen gang. Ikke at det \u00e5 holde seg i bevegelse vil redde verden p\u00e5 noen som helst m\u00e5te, ei heller gj\u00f8re slutt p\u00e5 all elendighet som faktisk foreg\u00e5r, men allikevel. For vi trenger noe \u00e5 koble av med, som ogs\u00e5 kan bidra til fellesskap, og jeg tenker at noen av disse lederne rundt omkrig burde nok tatt seg en \u2013 eller flere \u2013 l\u00f8peturer, bare s\u00e5nn for \u00e5 se lyset litt bedre \u2026<\/p>\n<p class=\"p2\">Vel, nok om det. Det er snart jul \u2013 selv om det per 29. november er helt bart utenfor mitt vindu. Jeg trenger ikke sn\u00f8 alts\u00e5, men skj\u00f8nner at det ofte gj\u00f8r julen enda koseligere. Jeg h\u00e5per at du, kj\u00e6re medlem, f\u00e5r en fin juletid. Kanskje har du ogs\u00e5 \u00f8nsket deg l\u00f8pesko til jul?<\/p>\n<p class=\"p2\">Og s\u00e5 hopper vi inn i 2025, med nye blanke ark og massevis av muligheter, med eller uten l\u00f8pesko. M\u00e5tte 2025 la dine dr\u00f8mmer g\u00e5 i oppfyllelse, p\u00e5 alle mulige m\u00e5ter. Min dr\u00f8m \u2013 g\u00e5r kanskje i oppfyllelse i London i april.<\/p>\n<p class=\"p2\">Og s\u00e5 lenge dr\u00f8mmen lever, er alt bra, og det \u00e5 g\u00e5 ut og l\u00f8pe p\u00e5 sn\u00f8 og is i storm blir bare en bagatell!<\/p>\n","protected":false},"excerpt":{"rendered":"<p>Fellesskap i urolige tider \u00c5rets siste leder faktisk, og da skal man jo kanskje oppsummere litt \u2013 Kondis-\u00e5ret 2024. Kondis lever fortsatt ganske bra, men likevel kan jo alt bli bedre. Ogs\u00e5 medlemstallet \u2013 s\u00e5 den beste julegaven jeg som president kan f\u00e5, er at dere alle fortsetter som medlemmer i 2025. Hvis man ser [&hellip;]<\/p>\n","protected":false},"author":1,"featured_media":2718,"comment_status":"closed","ping_status":"open","sticky":false,"template":"","format":"standard","meta":{"_acf_changed":false,"footnotes":""},"categories":[125],"tags":[88],"post_flags":[],"class_list":["post-12041","post","type-post","status-publish","format-standard","has-post-thumbnail","hentry","category-kondis-8-2024","tag-leder"],"acf":[],"_links":{"self":[{"href":"https:\/\/kondis.mittmagasin.online\/index.php?rest_route=\/wp\/v2\/posts\/12041","targetHints":{"allow":["GET"]}}],"collection":[{"href":"https:\/\/kondis.mittmagasin.online\/index.php?rest_route=\/wp\/v2\/posts"}],"about":[{"href":"https:\/\/kondis.mittmagasin.online\/index.php?rest_route=\/wp\/v2\/types\/post"}],"author":[{"embeddable":true,"href":"https:\/\/kondis.mittmagasin.online\/index.php?rest_route=\/wp\/v2\/users\/1"}],"replies":[{"embeddable":true,"href":"https:\/\/kondis.mittmagasin.online\/index.php?rest_route=%2Fwp%2Fv2%2Fcomments&post=12041"}],"version-history":[{"count":1,"href":"https:\/\/kondis.mittmagasin.online\/index.php?rest_route=\/wp\/v2\/posts\/12041\/revisions"}],"predecessor-version":[{"id":12042,"href":"https:\/\/kondis.mittmagasin.online\/index.php?rest_route=\/wp\/v2\/posts\/12041\/revisions\/12042"}],"wp:featuredmedia":[{"embeddable":true,"href":"https:\/\/kondis.mittmagasin.online\/index.php?rest_route=\/wp\/v2\/media\/2718"}],"wp:attachment":[{"href":"https:\/\/kondis.mittmagasin.online\/index.php?rest_route=%2Fwp%2Fv2%2Fmedia&parent=12041"}],"wp:term":[{"taxonomy":"category","embeddable":true,"href":"https:\/\/kondis.mittmagasin.online\/index.php?rest_route=%2Fwp%2Fv2%2Fcategories&post=12041"},{"taxonomy":"post_tag","embeddable":true,"href":"https:\/\/kondis.mittmagasin.online\/index.php?rest_route=%2Fwp%2Fv2%2Ftags&post=12041"},{"taxonomy":"post_flag","embeddable":true,"href":"https:\/\/kondis.mittmagasin.online\/index.php?rest_route=%2Fwp%2Fv2%2Fpost_flags&post=12041"}],"curies":[{"name":"wp","href":"https:\/\/api.w.org\/{rel}","templated":true}]}}