{"id":11902,"date":"2024-12-11T21:59:52","date_gmt":"2024-12-11T21:59:52","guid":{"rendered":"https:\/\/kondis.mittmagasin.online\/?p=11902"},"modified":"2024-12-12T00:36:50","modified_gmt":"2024-12-12T00:36:50","slug":"inspirerende-erfaringsdeling-fra-cato-zahl-pedersen","status":"publish","type":"post","link":"https:\/\/kondis.mittmagasin.online\/?p=11902","title":{"rendered":"Inspirerende erfaringsdeling fra Cato Zahl Pedersen"},"content":{"rendered":"<p class=\"p1\"><img loading=\"lazy\" decoding=\"async\" class=\"alignright wp-image-11904 size-full\" src=\"https:\/\/kondis.mittmagasin.online\/wp-content\/uploads\/2024\/12\/Vaerekraft.jpg\" alt=\"\" width=\"500\" height=\"778\" srcset=\"https:\/\/kondis.mittmagasin.online\/wp-content\/uploads\/2024\/12\/Vaerekraft.jpg 500w, https:\/\/kondis.mittmagasin.online\/wp-content\/uploads\/2024\/12\/Vaerekraft-193x300.jpg 193w\" sizes=\"auto, (max-width: 500px) 100vw, 500px\" \/>Cato Zahl Pedersen er viden kjent som idrettsut\u00f8ver, ekspedisjonsfarer, eventyrer og foredragsholder. N\u00e5 har han ogs\u00e5 blitt forfatter og i boka \u00abV\u00e6rekraft\u00bb, som er skrevet i samarbeid med Nils Harald S\u00f8dal som har en doktorgrad i prestasjonspsykologi, deler Cato sine tanker om hva livets opp- og nedturer har l\u00e6rt ham.<\/p>\n<h3 class=\"p3\"><span class=\"s1\">Femti \u00e5r med livshistorier<\/span><\/h3>\n<p class=\"p1\">Boka starter med ulykken. Ulykken der Cato Zahl Pedersen som 14-\u00e5ring klatret opp i en h\u00f8yspentmast, fikk 17 000 volt gjennom kroppen, falt i bakken og mistet begge armene. Etter eget utsagn ble han da \u00abladet for livet\u00bb.<\/p>\n<p class=\"p4\">Deretter fortsetter Cato \u00e5 fortelle sine livshistorier og komme med sine erfaringer knyttet til opplevelsene. Dette er erfaringer gjort gjennom utfordringer han har blitt satt overfor, blitt gitt av andre eller har gitt seg selv gjennom de femti \u00e5rene som har g\u00e5tt etter den livsendrende ulykken og helt fram til han i \u00e5r ble tildelt Idrettsgallaens hederspris og vi ogs\u00e5 kunne se ham i realityserien \u00abFarmen kjendis\u00bb.<\/p>\n<p class=\"p4\">\u00abEt fall kan utl\u00f8se et potensial som f\u00f8r var skjult for en\u00bb, mener Cato Zahl Pedersen.<\/p>\n<h3 class=\"p3\"><span class=\"s1\">Opplevelser og refleksjoner<\/span><\/h3>\n<p class=\"p1\">Boka best\u00e5r av ni hovedkapitler som hvert omhandler en viktig begivenhet eller epoke i Cato Zahl Pedersens liv. Hvert kapittel avsluttes med et underkapittel med tittelen \u00abInvitasjon til refleksjon\u00bb. Her reflekterer Cato over hendelsene, sine egne holdninger og hvilke erfaringer han sitter igjen med. Dette er livserfaringer og kunnskap som leseren i mange tilfeller ogs\u00e5 kan dra nytte av. Det blir en vellykket veksling mellom opplevelser og refleksjoner.<\/p>\n<p class=\"p4\">Cato forteller om viktigheten av \u00e5 ha de rette menneskene, som kommer med de rette sp\u00f8rsm\u00e5lene og utfordringene, rundt seg i utfordrende situasjoner. Gode hjelpere som hjalp han til \u00e5 n\u00e5 sitt potensiale og finne fram det som virkelig bodde i han. Det handler om \u00e5 fokusere p\u00e5 det som er bra her i livet, ikke det man skulle \u00f8nske var annerledes. Ta eierskap til eget liv, ta kontroll p\u00e5 det man kan ta kontroll p\u00e5 og slippe det man ikke kan gj\u00f8re noe med. Catos to armer kom ikke til \u00e5 vokse ut igjen etter ulykken, s\u00e5 han m\u00e5tte konsentrere seg om det han kunne gj\u00f8re noe med.<\/p>\n<p class=\"p4\">Historiene, opplevelsene og erfaringene som Cato Zahl Pedersen forteller om, spenner over et vidt spekter og langt tidsrom. Helt fra ulykken som 14-\u00e5ring via 13 gullmedaljer i Paralympics, ekspedisjoner til Sydpolen og Mount Everest og fram til de siste \u00e5rs deltakelse i tre ulike realityserier. Blant sistnevnte finner vi \u00abSkal vi danse\u00bb.<\/p>\n<p class=\"p4\">\u00abSom s\u00e5 mye annet her i livet s\u00e5 handler dans hovedsakelig om ikke \u00e5 ta seg selv altfor h\u00f8ytidelig\u00bb, skriver Cato Zahl Pedersen. Gjennom boka kan man snappe opp en rekke tilsvarende sitat som kan v\u00e6re verdt \u00e5 legge seg p\u00e5 minnet.<\/p>\n<h3 class=\"p3\"><span class=\"s1\">Historiefortelleren<\/span><\/h3>\n<p class=\"p1\">Cato Zahl Pedersen har opplevd sv\u00e6rt mye og er en god historieforteller. Han har holdt en rekke foredrag om sine opplevelser og erfaringer. N\u00e5r han n\u00e5 har utgitt bokversjonen av dette, s\u00e5 er det en vellykket overgang fra muntlig til skriftlig historiefortelling.<\/p>\n<p class=\"p4\">Spesielt beretningene om ekspedisjonene til Sydpolen og Mount Everest, som utgj\u00f8r de lengste kapitlene i boka, er spennende lesning og minner meg om opplevelsene som eventyrer Stein P. Aasheim har utgitt i bokform. Aasheim er for \u00f8vrig omtalt i boka som mannen som fikk Cato Zahl Pedersen inn i klatresporten gjennom en felles klatretur til Romsdalshornet (som sammen med Store Skagast\u00f8lstind og Stetind g\u00e5r for \u00e5 v\u00e6re en av \u00abde tre store\u00bb klatrefjellene i Norge).<\/p>\n<p class=\"p4\">\u00c5 v\u00e6re \u00abden beste versjonen av seg selv\u00bb har de seneste \u00e5rene n\u00e6rmest blitt et slags moteuttrykk. I sin bok hiver ogs\u00e5 Cato Zahl Pedersen seg p\u00e5 denne trenden, men i tillegg skriver han om det \u00e5 v\u00e6re den <i>verste<\/i> versjonen av seg selv. I kapittelet \u00abUtroskap\u00bb forteller han \u00e5penhjertelig om da han var utro og hvilke konsekvenser dette fikk. Dette er formidlet p\u00e5 en s\u00e5 sterk m\u00e5te at jeg vil tro det kan virke preventivt mot det \u00e5 v\u00e6re utro.<\/p>\n<h3 class=\"p3\"><span class=\"s1\">Muligheter<\/span><\/h3>\n<p class=\"p1\">Boka er lettlest og relativt kortfattet p\u00e5 dr\u00f8ye 200 sider. Tekst er prioritert framfor bilder. Det eneste som finnes av bilder er et lite svart-hvitt-bilde i innledningen til hvert av de ni kapitlene. Og hvert refleksjonskapittel innledes med et sitat fra mer eller mindre kjente personer.<\/p>\n<p class=\"p4\">Cato Zahl Pedersen kan v\u00e6re, og er, et stort forbilde for noen hver. Ekstra inspirerende vil jeg tro det m\u00e5 v\u00e6re for personer som, i likhet med Cato, har funksjonsbegrensninger. Selv om man f\u00e5r en d\u00e5rlig start p\u00e5 livet, s\u00e5 finnes det alltid muligheter. Begrensningene sitter kun i eget hode.<\/p>\n<p class=\"p4\">\u00abHver gang vi mennesker stilles overfor en ny, uventet utfordring har vi en iboende tendens til \u00e5 se problemer fremfor muligheter, farene fremfor gleden over \u00e5 utforske et mulighetsrom\u00bb, skriver Cato Zahl Pedersen.<\/p>\n<p class=\"p4\">Selv har han b\u00e5de tatt utfordringer, utforsket nye ting og opplevd gleder. Dette er godt formidlet i boka \u00abV\u00e6rekraft\u00bb.<\/p>\n\n\n<hr class=\"wp-block-separator has-alpha-channel-opacity\"\/>\n\n\n<h2 class=\"p1\">V\u00e6rekraft \u2013 Om \u00e5 ta eierskap til eget liv<\/h2>\n<p class=\"p3\"><b>Forfatter:<\/b> Cato Zahl Pedersen og Nils Harald S\u00f8dal<br \/><b>Forlag:<\/b> Cappelen Damm<br \/><span class=\"s1\"><b>Utgivelses\u00e5r:<\/b> 2024<br \/><\/span><b>Spr\u00e5k:<\/b> Bokm\u00e5l<br \/><span class=\"s1\"><b>Antall sider:<\/b> 224<br \/><\/span><b>Pris:<\/b> 399 kr (innbundet), 299 kr (e-bok)<\/p>","protected":false},"excerpt":{"rendered":"<p>I boka \u00abV\u00e6rekraft\u00bb \u00f8nsker Cato Zahl Pedersen \u00e5 dele sine livserfaringer i h\u00e5p om at noe av det ogs\u00e5 kan v\u00e6re nyttig for andre. Det har blitt en spennende og inspirerende bok. <\/p>\n","protected":false},"author":5,"featured_media":11903,"comment_status":"closed","ping_status":"open","sticky":false,"template":"","format":"standard","meta":{"_acf_changed":false,"footnotes":""},"categories":[125,117],"tags":[],"post_flags":[],"class_list":["post-11902","post","type-post","status-publish","format-standard","has-post-thumbnail","hentry","category-kondis-8-2024","category-utgaver-2024"],"acf":[],"_links":{"self":[{"href":"https:\/\/kondis.mittmagasin.online\/index.php?rest_route=\/wp\/v2\/posts\/11902","targetHints":{"allow":["GET"]}}],"collection":[{"href":"https:\/\/kondis.mittmagasin.online\/index.php?rest_route=\/wp\/v2\/posts"}],"about":[{"href":"https:\/\/kondis.mittmagasin.online\/index.php?rest_route=\/wp\/v2\/types\/post"}],"author":[{"embeddable":true,"href":"https:\/\/kondis.mittmagasin.online\/index.php?rest_route=\/wp\/v2\/users\/5"}],"replies":[{"embeddable":true,"href":"https:\/\/kondis.mittmagasin.online\/index.php?rest_route=%2Fwp%2Fv2%2Fcomments&post=11902"}],"version-history":[{"count":2,"href":"https:\/\/kondis.mittmagasin.online\/index.php?rest_route=\/wp\/v2\/posts\/11902\/revisions"}],"predecessor-version":[{"id":12058,"href":"https:\/\/kondis.mittmagasin.online\/index.php?rest_route=\/wp\/v2\/posts\/11902\/revisions\/12058"}],"wp:featuredmedia":[{"embeddable":true,"href":"https:\/\/kondis.mittmagasin.online\/index.php?rest_route=\/wp\/v2\/media\/11903"}],"wp:attachment":[{"href":"https:\/\/kondis.mittmagasin.online\/index.php?rest_route=%2Fwp%2Fv2%2Fmedia&parent=11902"}],"wp:term":[{"taxonomy":"category","embeddable":true,"href":"https:\/\/kondis.mittmagasin.online\/index.php?rest_route=%2Fwp%2Fv2%2Fcategories&post=11902"},{"taxonomy":"post_tag","embeddable":true,"href":"https:\/\/kondis.mittmagasin.online\/index.php?rest_route=%2Fwp%2Fv2%2Ftags&post=11902"},{"taxonomy":"post_flag","embeddable":true,"href":"https:\/\/kondis.mittmagasin.online\/index.php?rest_route=%2Fwp%2Fv2%2Fpost_flags&post=11902"}],"curies":[{"name":"wp","href":"https:\/\/api.w.org\/{rel}","templated":true}]}}