{"id":11622,"date":"2024-10-23T12:34:51","date_gmt":"2024-10-23T12:34:51","guid":{"rendered":"https:\/\/kondis.mittmagasin.online\/?p=11622"},"modified":"2024-10-23T21:02:41","modified_gmt":"2024-10-23T21:02:41","slug":"nytt-og-nyttig-14","status":"publish","type":"post","link":"https:\/\/kondis.mittmagasin.online\/?p=11622","title":{"rendered":"Nytt og nyttig"},"content":{"rendered":"\n<div class=\"wp-block-media-text is-stacked-on-mobile\" style=\"grid-template-columns:46% auto\"><figure class=\"wp-block-media-text__media\"><img loading=\"lazy\" decoding=\"async\" width=\"500\" height=\"293\" src=\"https:\/\/kondis.mittmagasin.online\/wp-content\/uploads\/2024\/10\/W075.Blue-Blue_00.jpg\" alt=\"\" class=\"wp-image-11623 size-full\" srcset=\"https:\/\/kondis.mittmagasin.online\/wp-content\/uploads\/2024\/10\/W075.Blue-Blue_00.jpg 500w, https:\/\/kondis.mittmagasin.online\/wp-content\/uploads\/2024\/10\/W075.Blue-Blue_00-300x176.jpg 300w\" sizes=\"auto, (max-width: 500px) 100vw, 500px\" \/><\/figure><div class=\"wp-block-media-text__content\">\n<h2 class=\"wp-block-heading\">Allround l\u00f8pesko med god demping og respons\u00a0<\/h2>\n\n\n\n<p><strong>Topo Specter 2<\/strong> en allround l\u00f8pesko for deg som liker \u00e5 sette opp farten! Et helt nytt Pebax-skum i melloms\u00e5len som har blitt et par mm tykkere, gir enda mer st\u00f8tdemping og komfort, samtidig som den gode responsen og s\u00f8ml\u00f8se stegavviklingen videref\u00f8res fra f\u00f8rste versjon. T\u00e5boksen er bred med en tettere passform i mellomfoten og h\u00e6len. Skoen f\u00e5rs kj\u00f8pt hos L\u00f6plabbet.&nbsp;<\/p>\n\n\n\n<p><strong>Pris:<\/strong> 2400 kroner<br><strong>Pris med Kondisrabatt: <\/strong>2040 kroner<\/p>\n<\/div><\/div>\n\n\n\n<hr class=\"wp-block-separator has-alpha-channel-opacity\"\/>\n\n\n\n<div class=\"wp-block-media-text has-media-on-the-right is-stacked-on-mobile\" style=\"grid-template-columns:auto 46%\"><div class=\"wp-block-media-text__content\">\n<h2 class=\"wp-block-heading\">Superlett hodelykt<\/h2>\n\n\n\n<p><strong>Silva Smini<\/strong> er en superlett lykt p\u00e5 kun 53 gram som passer like fint til l\u00f8peturen som til fjellturen. Med 250 lumen og et baklys gir den b\u00e5de godt l\u00f8pelys og sikkerhet p\u00e5 m\u00f8rke h\u00f8stdager. Den tar minimalt med plass i lomme, l\u00f8pevest eller sekk. Lykta har oppladbart batteri og et bredt og behagelig hodeb\u00e5nd med enkel justering, og f\u00e5s kj\u00f8pt hos L\u00f6plabbet.<\/p>\n\n\n\n<p><strong>Pris: <\/strong>650 kroner<br><strong>Pris med Kondisrabatt:<\/strong> 553 kroner<\/p>\n<\/div><figure class=\"wp-block-media-text__media\"><img loading=\"lazy\" decoding=\"async\" width=\"530\" height=\"266\" src=\"https:\/\/kondis.mittmagasin.online\/wp-content\/uploads\/2024\/10\/Smini-black.jpg\" alt=\"\" class=\"wp-image-11626 size-full\" srcset=\"https:\/\/kondis.mittmagasin.online\/wp-content\/uploads\/2024\/10\/Smini-black.jpg 530w, https:\/\/kondis.mittmagasin.online\/wp-content\/uploads\/2024\/10\/Smini-black-300x151.jpg 300w\" sizes=\"auto, (max-width: 530px) 100vw, 530px\" \/><\/figure><\/div>\n\n\n\n<hr class=\"wp-block-separator has-alpha-channel-opacity\"\/>\n\n\n\n<div class=\"wp-block-media-text is-stacked-on-mobile\" style=\"grid-template-columns:37% auto\"><figure class=\"wp-block-media-text__media\"><img loading=\"lazy\" decoding=\"async\" width=\"447\" height=\"533\" src=\"https:\/\/kondis.mittmagasin.online\/wp-content\/uploads\/2024\/10\/RefleksseleMedTrykk2Bak-800x533-1.jpg\" alt=\"\" class=\"wp-image-11629 size-full\" srcset=\"https:\/\/kondis.mittmagasin.online\/wp-content\/uploads\/2024\/10\/RefleksseleMedTrykk2Bak-800x533-1.jpg 447w, https:\/\/kondis.mittmagasin.online\/wp-content\/uploads\/2024\/10\/RefleksseleMedTrykk2Bak-800x533-1-252x300.jpg 252w\" sizes=\"auto, (max-width: 447px) 100vw, 447px\" \/><\/figure><div class=\"wp-block-media-text__content\">\n<h2 class=\"wp-block-heading\">Rimelig og enkel reflekssele<\/h2>\n\n\n\n<p>I Kondis sin profilbutikk kan du f\u00e5 kj\u00f8pt denne rimelige og enkle refleksselen. Den er fleksibel og kan tilpasses ulike st\u00f8rrelser, og den egner seg utenp\u00e5 b\u00e5de treningskl\u00e6r og vinterjakke.&nbsp;<\/p>\n\n\n\n<p><strong>Pris for Kondismedlemmer:<\/strong>\u00a0105 kroner<\/p>\n\n\n\n<p><\/p>\n<\/div><\/div>\n\n\n\n<hr class=\"wp-block-separator has-alpha-channel-opacity\"\/>\n\n\n\n<div class=\"wp-block-media-text has-media-on-the-right is-stacked-on-mobile\" style=\"grid-template-columns:auto 53%\"><div class=\"wp-block-media-text__content\">\n<h2 class=\"wp-block-heading\">Ny tredem\u00f8lle fra Sportsmaster<\/h2>\n\n\n\n<p>P\u00e5 <strong>Sportsmaster tredem\u00f8lle T48 BT<\/strong> er displayet l\u00f8ftet for \u00e5 f\u00e5 en mer ergonomisk riktig l\u00f8pestilling. Den inkluderer Bluetooth-funksjon som gj\u00f8r at man kan koble seg opp mot apper som Zwift og Kinomap. Tredem\u00f8lla er oppslagbar.<\/p>\n\n\n\n<p><strong>Pris: <\/strong>22\u00a0500 kroner<br><strong>Pris med Kondisrabatt: <\/strong>19\u00a0125 kroner<\/p>\n<\/div><figure class=\"wp-block-media-text__media\"><img loading=\"lazy\" decoding=\"async\" width=\"600\" height=\"513\" src=\"https:\/\/kondis.mittmagasin.online\/wp-content\/uploads\/2024\/10\/sportsmaster_tredem_lle_t48.jpg\" alt=\"\" class=\"wp-image-11632 size-full\" srcset=\"https:\/\/kondis.mittmagasin.online\/wp-content\/uploads\/2024\/10\/sportsmaster_tredem_lle_t48.jpg 600w, https:\/\/kondis.mittmagasin.online\/wp-content\/uploads\/2024\/10\/sportsmaster_tredem_lle_t48-300x257.jpg 300w\" sizes=\"auto, (max-width: 600px) 100vw, 600px\" \/><\/figure><\/div>\n\n\n\n<hr class=\"wp-block-separator has-alpha-channel-opacity\"\/>\n\n\n\n<div class=\"wp-block-media-text is-stacked-on-mobile\" style=\"grid-template-columns:30% auto\"><figure class=\"wp-block-media-text__media\"><img loading=\"lazy\" decoding=\"async\" width=\"500\" height=\"848\" src=\"https:\/\/kondis.mittmagasin.online\/wp-content\/uploads\/2024\/10\/PRESSIO-Thermal-Insulated-Vest_foran.jpg\" alt=\"\" class=\"wp-image-11633 size-full\" srcset=\"https:\/\/kondis.mittmagasin.online\/wp-content\/uploads\/2024\/10\/PRESSIO-Thermal-Insulated-Vest_foran.jpg 500w, https:\/\/kondis.mittmagasin.online\/wp-content\/uploads\/2024\/10\/PRESSIO-Thermal-Insulated-Vest_foran-177x300.jpg 177w\" sizes=\"auto, (max-width: 500px) 100vw, 500px\" \/><\/figure><div class=\"wp-block-media-text__content\">\n<h2 class=\"wp-block-heading\">Varmeisolerende vest&nbsp;<\/h2>\n\n\n\n<p><strong>PRESSIO Thermal Insulated Vest <\/strong>er en varmeisolasjonsvest designet for \u00e5 brukes om h\u00f8sten og vinteren, eller for \u00e5 ha p\u00e5 til og fra trenings\u00f8kter. Stoffet blokkerer for vinden og beskytter mot lett regn. Den skaper et godt mikroklima for vintertreningene dine. Vesten kan kj\u00f8pes hos Smart4u.no.<\/p>\n\n\n\n<p><strong>Pris: <\/strong>1799 kroner<br><strong>Pris med Kondisrabatt:<\/strong> 1529 kroner<\/p>\n<\/div><\/div>\n","protected":false},"excerpt":{"rendered":"<p>Allround l\u00f8pesko med god demping og respons\u00a0 Topo Specter 2 en allround l\u00f8pesko for deg som liker \u00e5 sette opp farten! Et helt nytt Pebax-skum i melloms\u00e5len som har blitt et par mm tykkere, gir enda mer st\u00f8tdemping og komfort, samtidig som den gode responsen og s\u00f8ml\u00f8se stegavviklingen videref\u00f8res fra f\u00f8rste versjon. T\u00e5boksen er bred [&hellip;]<\/p>\n","protected":false},"author":4,"featured_media":11623,"comment_status":"closed","ping_status":"open","sticky":false,"template":"","format":"standard","meta":{"_acf_changed":false,"footnotes":""},"categories":[124],"tags":[101],"post_flags":[],"class_list":["post-11622","post","type-post","status-publish","format-standard","has-post-thumbnail","hentry","category-kondis-7-2024","tag-nytt-og-nyttig"],"acf":[],"_links":{"self":[{"href":"https:\/\/kondis.mittmagasin.online\/index.php?rest_route=\/wp\/v2\/posts\/11622","targetHints":{"allow":["GET"]}}],"collection":[{"href":"https:\/\/kondis.mittmagasin.online\/index.php?rest_route=\/wp\/v2\/posts"}],"about":[{"href":"https:\/\/kondis.mittmagasin.online\/index.php?rest_route=\/wp\/v2\/types\/post"}],"author":[{"embeddable":true,"href":"https:\/\/kondis.mittmagasin.online\/index.php?rest_route=\/wp\/v2\/users\/4"}],"replies":[{"embeddable":true,"href":"https:\/\/kondis.mittmagasin.online\/index.php?rest_route=%2Fwp%2Fv2%2Fcomments&post=11622"}],"version-history":[{"count":5,"href":"https:\/\/kondis.mittmagasin.online\/index.php?rest_route=\/wp\/v2\/posts\/11622\/revisions"}],"predecessor-version":[{"id":11711,"href":"https:\/\/kondis.mittmagasin.online\/index.php?rest_route=\/wp\/v2\/posts\/11622\/revisions\/11711"}],"wp:featuredmedia":[{"embeddable":true,"href":"https:\/\/kondis.mittmagasin.online\/index.php?rest_route=\/wp\/v2\/media\/11623"}],"wp:attachment":[{"href":"https:\/\/kondis.mittmagasin.online\/index.php?rest_route=%2Fwp%2Fv2%2Fmedia&parent=11622"}],"wp:term":[{"taxonomy":"category","embeddable":true,"href":"https:\/\/kondis.mittmagasin.online\/index.php?rest_route=%2Fwp%2Fv2%2Fcategories&post=11622"},{"taxonomy":"post_tag","embeddable":true,"href":"https:\/\/kondis.mittmagasin.online\/index.php?rest_route=%2Fwp%2Fv2%2Ftags&post=11622"},{"taxonomy":"post_flag","embeddable":true,"href":"https:\/\/kondis.mittmagasin.online\/index.php?rest_route=%2Fwp%2Fv2%2Fpost_flags&post=11622"}],"curies":[{"name":"wp","href":"https:\/\/api.w.org\/{rel}","templated":true}]}}