{"id":11401,"date":"2024-10-21T09:00:19","date_gmt":"2024-10-21T09:00:19","guid":{"rendered":"https:\/\/kondis.mittmagasin.online\/?p=11401"},"modified":"2024-10-23T22:10:24","modified_gmt":"2024-10-23T22:10:24","slug":"norge-rundt-9","status":"publish","type":"post","link":"https:\/\/kondis.mittmagasin.online\/?p=11401","title":{"rendered":"Norge rundt"},"content":{"rendered":"<p>\n    <a href=\"\">Forrige<\/a>\n<\/p>\n<p>\n    <a href=\"\/index.php?page_id=11376\">Innholdsliste<\/a>\n<\/p>\n<p>\n    <a href=\"\">Neste<\/a>\n<\/p>\n<p><img decoding=\"async\" src=\"\/wp-content\/uploads\/2022\/01\/norge-rundt.jpg\" alt=\"\"><\/p>\n<h2>\n<p class=\"p1\">S\u00f8rfjorden Halvmaraton \u00f8kte oppslutningen med 60 prosent<\/p>\n<\/h2>\n<div>\n<p class=\"p1\">Halvmaratonl\u00f8pet langs S\u00f8rfjorden har blitt et popul\u00e6rt l\u00f8p de siste \u00e5rene, og i \u00e5r var det fulltegnet for f\u00f8rste gang. Det var satt et tak p\u00e5 600 deltakere som kunne f\u00e5 konkurrere p\u00e5 gamleveien fra Garnes og innover S\u00f8rfjorden, som g\u00e5r mellom Bergen og Oster\u00f8y kommuner.<\/p>\n<p class=\"p3\">Det er Fri IL som har tatt initiativet til \u00e5 arrangere l\u00f8pet som ble startet opp i 2020. Men l\u00f8ypen har tidligere blitt brukt som NM-l\u00f8ype i b\u00e5de 1989 og 1992.<\/p>\n<p class=\"p3\">Denne gamleveien langs fjorden egner seg veldig godt til l\u00f8pstras\u00e9. Her er lite trafikk siden denne veistrekningen er erstattet av Europavei 16, som er hovedveien mot Voss. Utsikten mot fjorden har l\u00f8perne hele veien, og alle svingene gir bare en fin variasjon i l\u00f8pet. L\u00f8ypen er ogs\u00e5 ganske flat og rask.<\/p>\n<p class=\"p3\">P\u00e5 andre siden av fjorden ligger Oster\u00f8y, som er kjent for \u00e5 ha et godt idrettsmilj\u00f8 og gode l\u00f8pere. Det var da ogs\u00e5 tre Oster\u00f8y-l\u00f8pere blant de fire beste mennene, og blant dem vinneren Trygve Feidje Mjelde. For ham var dette n\u00e6rmest hjemmebane kunne han fortelle etter l\u00f8pet:<\/p>\n<p class=\"p3\">\u2013 Jeg er oppvokst i det hvite huset du ser p\u00e5 neset der, forteller han og peker over til Oster\u00f8y, p\u00e5 den andre siden av S\u00f8rfjorden.<\/p>\n<p class=\"p3\">\u2013 Jeg har trent mye her, og jeg kjenner gjengen i Fri idrettslag. Det er utrolig kjekt \u00e5 v\u00e6re med p\u00e5 s\u00e5nne ting ogs\u00e5, sier Trygve Feidje Mjelde som tidligere var mest kjent som en god 800-meterl\u00f8per.<\/p>\n<p class=\"p3\">Lina Rivedal fra Varegg ble beste kvinne. Hun klarte akkurat \u00e5 holde unna en jagende Renate Galleberg, som til slutt l\u00f8p i m\u00e5l 6 sekunder bak henne.<\/p>\n<p class=\"p4\"><strong>Arne Dag Myking<\/strong><\/p>\n<\/div>\n<p><img decoding=\"async\" src=\"\/wp-content\/uploads\/2024\/10\/Sorfjorden-Halvmaraton-foto-1U9A1616.jpg\" alt=\"\"><\/p>\n<div>\n<p class=\"p1\"><strong>Fargerikt:<\/strong> Start og m\u00e5l var ved Museet gamle Vossabanen p\u00e5 Garnes. Her skimter man de gamle jernbanevognene i bakgrunnen. I forgrunnen ser man Markus Loft\u00e5s (455) ta teten, foran Tage Morken Augustson (421), Karl Jonas Tronstad (229) og Trygve Feidje Mjelde (105). Oster\u00f8y-l\u00f8perne har r\u00f8d tr\u00f8ye, Vareggl\u00f8perne bl\u00e5. (Foto: Arne Dag Myking)<\/p>\n<\/div>\n<p><img decoding=\"async\" src=\"\/wp-content\/uploads\/2024\/10\/Tonje-Lien-Sletten-foto-Arne-Dag-Myking-1U9A1716.jpg\" alt=\"\"><\/p>\n<div>\n<p class=\"p1\"><strong>Fjordalangs:<\/strong> Tonje Lien Sletten steger godt ut p\u00e5 sin vei innover langs S\u00f8rfjorden. (Foto: Arne Dag Myking)\u00a0<\/p>\n<\/div>\n<hr>\n<h1>\n<p class=\"p1\">Norgesl\u00f8pet med tidenes f\u00f8rste NM 5 km gatel\u00f8p<\/p>\n<\/h1>\n<div>\n<p class=\"p1\">Det kan helt klart diskuteres hvor stort behovet er for et eget NM p\u00e5 5 og 10 km gatel\u00f8p siden vi allerede har NM p\u00e5 5000 og 10\u00a0000 m banel\u00f8p. Men jeg tror de fleste som var til stede under Norgesl\u00f8pet, syntes at NM-statusen gav arrangementet et l\u00f8ft.<\/p>\n<p class=\"p3\">F\u00f8rst og fremst var de som deltok i NM positive, men ogs\u00e5 tilskuere, funksjon\u00e6rer og media s\u00e5 ut til \u00e5 sette pris p\u00e5 nyvinningen.<\/p>\n<p class=\"p3\">Uten NM-status ville ganske sikkert f\u00e6rre av de norske l\u00f8pestjernene stilt til start. Det er for eksempel ikke hverdagskost at Filip Ingebrigtsen stiller opp i et norsk gatel\u00f8p. Det gjorde han, og forsterket av at han vant, ble det mange selfier \u00e5 ta, ikke minst med telefonene til unge tilskuere og deltakere. Vinnertida hans var det ogs\u00e5 godt niv\u00e5 p\u00e5 \u2013 13.47 i gatel\u00f8p lar seg absolutt h\u00f8re.<\/p>\n<p class=\"p3\">P\u00e5 kvinnesida stod seieren mellom to l\u00f8pere fra arrang\u00f8rklubben Ull\/Kisa, erfarne Amalie S\u00e6ten og bare 17 \u00e5r gamle Wilma Anna Bekkemoen Torbi\u00f6rnsson. Kanskje var det like greit at S\u00e6ten kom f\u00f8rst til m\u00e5l slik at den beste ogs\u00e5 ble norsk mester. Hadde Torbi\u00f6rnsson vunnet, m\u00e5tte hun slik reglene til Friidrettsforbundet er, uansett n\u00f8yd seg med \u00e5 bli juniormester. Tidene til de to ble 16.13 og 16.18 med Madel\u00e8ne Wanvik Holum p\u00e5 tredjeplass med 16.20.<\/p>\n<p class=\"p3\">NM-l\u00f8pet var innlagt i Ida Eides Minnel\u00f8p, og i tillegg stod 10 km, 1,9 km og barnel\u00f8p p\u00e5 programmet. Til sammen fullf\u00f8rte 1588 l\u00f8pere en av de tre distansene med tidtaking, noe som var klar deltakerrekord for Norgesl\u00f8pet p\u00e5 Jessheim.<\/p>\n<p class=\"p4\"><strong>Runar Gilberg<\/strong><\/p>\n<\/div>\n<p><img decoding=\"async\" src=\"\/wp-content\/uploads\/2024\/10\/Wilma-Anna-Bekkemoen-Torbiornsson-Amalie-Saeten-og-Madelene-Wanvik-Holum-foto-Samuel-Hafsahl-DSC_9340.jpg\" alt=\"\"><\/p>\n<div>\n<p class=\"p1\"><strong>Tettrio:<\/strong> Amalie S\u00e6ten (midten) vant 5 kilometeren i Norgesl\u00f8pet foran Wilma Anna Bekkemoen Torbi\u00f6rnsson (til venstre) og Madel\u00e8ne Wanvik Holum. (Foto: Samuel Hafsahl)<\/p>\n<\/div>\n<p><img decoding=\"async\" src=\"\/wp-content\/uploads\/2024\/10\/Filip-Ingebrigtsen-foto-Samuel-Hafsahl-DSC_9696-2.jpg\" alt=\"\"><\/p>\n<div>\n<p class=\"p1\"><strong>NM-gull:<\/strong> Filip Ingebrigtsen l\u00f8p fra konkurrentene med ca. halvannen kilometer igjen og ble tidenes f\u00f8rste norske mester p\u00e5 5 km gatel\u00f8p. (Foto: Samuel Hafsahl)<\/p>\n<\/div>\n<hr>\n<p><img decoding=\"async\" src=\"\/wp-content\/uploads\/2024\/10\/Cornelia-Ringvold-nr-2-Skjervoy-20-1000-foto-arrangoren.jpg\" alt=\"\"><\/p>\n<div>\n<p class=\"p1\"><strong>Sol og smil:<\/strong> Cornelia Ringvold l\u00f8p inn til andreplass i den lange l\u00f8ypa p\u00e5 20 km med ca. 1000 h\u00f8ydemetre. (Foto: arrang\u00f8ren)<\/p>\n<\/div>\n<p><img decoding=\"async\" src=\"\/wp-content\/uploads\/2024\/10\/Skjervoy-felt-sentrum-20-1000-foto-arrangoren.jpg\" alt=\"\"><\/p>\n<div>\n<p class=\"p1\"><strong>Herlig h\u00f8stdag:<\/strong> Det var lite \u00e5 utsette p\u00e5 fargene og omgivelsene da feltet la Skjerv\u00f8y sentrum bak seg. (Foto: arrang\u00f8ren)<\/p>\n<\/div>\n<h1>\n<p class=\"p1\">Solfylt og naturskj\u00f8nt i Skjerv\u00f8y 20:1000<\/p>\n<\/h1>\n<div>\n<p class=\"p1\">L\u00f8pet med start og m\u00e5l i Skjerv\u00f8y i Troms har to l\u00f8yper \u2013 ei p\u00e5 20 km med 1000 h\u00f8ydemeter (20:1000) og ei p\u00e5 10 km med 500 h\u00f8ydemeter (10:500). I tillegg blir det arrangert et barnel\u00f8p med mange ivrige unge.<\/p>\n<p class=\"p3\">\u00c5rets l\u00f8p gikk 14. september, som var en nydelig h\u00f8stdag med sol og gryende h\u00f8stfarger. 277 fullf\u00f8rte enten 10 eller 20 km, og flest \u2013 171 \u2013 l\u00f8p konkurranseklassen p\u00e5 den lengste distansen.<\/p>\n<p class=\"p3\">Herreklassen p\u00e5 langdistansen ble vunnet av Eirik Solvang som brukte 1.35.19 og var 43 sekunder foran veteranen Eirik Dagas\u00f8nn Haugsnes p\u00e5 andreplass. Junioren Sigve Eirik Benonisen ble nummer tre, dr\u00f8ye 3 minutter bak vinneren.<\/p>\n<p class=\"p3\">P\u00e5 kvinnesida ble det nederlandsk triumf ved Aniek Lith som l\u00f8p p\u00e5 1.55.05. Cornelia Ringvold var halvannet minutt bak, mens Silje Hansen ble nummer tre med 1.56.53.<\/p>\n<p class=\"p3\">10 kilometeren ble vunnet av bare 14 \u00e5r gamle Nils Even Eriksen og 18 \u00e5r gamle Julie Johansen Trosten. De l\u00f8p p\u00e5 henholdsvis 57.23 og 1.03.47. Julie Trosten hadde bare to gutter foran seg i m\u00e5l.<\/p>\n<p class=\"p3\">49 av deltakerne valgte \u00e5 delta i trimklassen uten tidtaking. Det gav dem nok enda bedre tid til \u00e5 nyte den fine h\u00f8stdagen i fjellet.<\/p>\n<p class=\"p4\"><strong>Runar Gilberg<\/strong><\/p>\n<\/div>\n<hr>\n<h1>\n<p class=\"p1\">Magnus \u00d8ien med l\u00f8ype-rekord i Lina Roindt<\/p>\n<\/h1>\n<div>\n<p class=\"p1\">Berre 17 \u00e5r gamle Magnus \u00d8yen har vori i knallform denne hausten. Siste helga i september tok han gull i juniorklassen i NM 5 km gatel\u00f8p med sterke 14.04.<\/p>\n<p class=\"p3\">To veker f\u00f8r NM-l\u00f8pet hadde han sett l\u00f8yperekord i det tradisjonsrike landevegsl\u00f8pet Lina Roindt. Det 10,8 km lange l\u00f8pet g\u00e5r i Rindal som er heimbygda til Magnus \u00d8yen, og det vart i \u00e5r arrangert for 41. gong. Mange sterke l\u00f8parar har opp gjennom \u00e5ra pr\u00f8vd seg i den noks\u00e5 kuperte asfaltl\u00f8ypa, men ingen har sprungi like fort som det unge \u00d8yen gjorde i \u00e5r.<\/p>\n<p class=\"p3\">Med 32.56 vart Magnus f\u00f8rstemann til \u00e5 bryte 33-minuttsgrensa. Den gamle rekorden hadde Trond \u00d8rjan Eide som sprang p\u00e5 33.07 i 2020. Berre to l\u00f8parar til har sprungi under 34 minutt \u2013 Dag \u00d8xnevad med 33.41 i 1989 og Ebrahim Abdulaziz med 33.49 i 2013.<\/p>\n<p class=\"p3\">Det var godt haustv\u00ear med sol, ca. 20 grader og knapt nokon vind under \u00e5rets Lina Roindt. Mange nytta godv\u00earet til \u00e5 f\u00e5 seg ein trimtur, og til saman var det 262 deltakarar denne sundagen. 26 stilte i konkurranseklassen og 236 i trimklassen. Det var totalt sett 42 fleire enn i fjor og det h\u00f8gste deltakartalet sia 2010.<\/p>\n<p class=\"p3\">\u00d2g i kvinneklassa vart det heimesiger \u2013 til Maren Hoston som debuterte i dette l\u00f8pet og vann p\u00e5 48.58.\u00a0<\/p>\n<p class=\"p4\"><strong>Runar Gilberg<\/strong><\/p>\n<\/div>\n<p><img decoding=\"async\" src=\"\/wp-content\/uploads\/2024\/10\/Maren-Hoston-Lina-Roindt-foto-Gunnar-Bureid.jpg\" alt=\"\"><\/p>\n<div>\n<p class=\"p1\"><strong>Heimesiger:<\/strong> Maren Hoston fr\u00e5 Rindal spurta inn til siger i debuten sin i Lina Roindt. (Foto: Gunnar Bureid)<\/p>\n<\/div>\n<p><img decoding=\"async\" src=\"\/wp-content\/uploads\/2024\/10\/Magnus-Oyen-Lina-Roindt-foto-Morten-Moller.jpg\" alt=\"\"><\/p>\n<div>\n<p class=\"p1\"><strong>I rekordform:<\/strong> Magnus \u00d8yen kunne gi seg sj\u00f8lv tommel opp etter \u00e5 ha forbetra l\u00f8yperekorden i Lina Roindt med 11 sekund. (Foto: Morten M\u00f8ller)<\/p>\n<\/div>\n<div>\n<div class=\"adunit\" data-adunit=\"mobile\/m_netboard_2\" data-dimensions=\"320x320,320x250,300x300,300x250,320x400\"><\/div>\n<\/div>\n<hr>\n<div>\n<div class=\"adunit\" data-adunit=\"mobile\/m_netboard_2\" data-dimensions=\"320x320,320x250,300x300,300x250,320x400\"><\/div>\n<\/div>\n<hr>\n<div>\n<div class=\"adunit\" data-adunit=\"mobile\/m_netboard_2\" data-dimensions=\"320x320,320x250,300x300,300x250,320x400\"><\/div>\n<\/div>\n<p>\n    <a href=\"\">Forrige<\/a>\n<\/p>\n<p>\n    <a href=\"\/index.php?page_id=11376\">Innholdsliste<\/a>\n<\/p>\n<p>\n    <a href=\"\">Neste<\/a>\n<\/p>\n<p><!--more--><br \/>\n<!-- {\"type\":\"layout\",\"children\":[{\"type\":\"section\",\"props\":{\"image_position\":\"center-center\",\"overlap\":false,\"padding\":\"xsmall\",\"padding_remove_top\":false,\"style\":\"default\",\"title_breakpoint\":\"xl\",\"title_position\":\"top-left\",\"title_rotation\":\"left\",\"vertical_align\":\"middle\",\"width\":\"default\"},\"children\":[{\"type\":\"row\",\"props\":{\"layout\":\"1-4,1-2,1-4\"},\"children\":[{\"type\":\"column\",\"props\":{\"image_position\":\"center-center\",\"position_sticky_breakpoint\":\"m\",\"width_default\":\"1-3\",\"width_medium\":\"1-4\"},\"children\":[{\"type\":\"button\",\"props\":{\"button_size\":\"small\",\"grid_column_gap\":\"small\",\"grid_row_gap\":\"small\",\"margin\":\"\",\"position\":\"absolute\"},\"children\":[{\"type\":\"button_item\",\"props\":{\"button_style\":\"primary\",\"content\":\"Forrige\",\"icon_align\":\"left\"},\"source\":{\"query\":{\"name\":\"posts.singleNextPost\"},\"props\":{\"link\":{\"filters\":{\"search\":\"\"},\"name\":\"link\"}}}}],\"modified\":\"2022-01-08T13:55:05.502Z\",\"name\":\"Forrige-knapp\"}]},{\"type\":\"column\",\"props\":{\"image_position\":\"center-center\",\"position_sticky_breakpoint\":\"m\",\"width_default\":\"1-3\",\"width_medium\":\"1-2\"},\"children\":[{\"type\":\"button\",\"props\":{\"button_size\":\"small\",\"fullwidth\":false,\"grid_column_gap\":\"small\",\"grid_row_gap\":\"small\",\"margin\":\"default\",\"position\":\"absolute\",\"text_align\":\"center\"},\"children\":[{\"type\":\"button_item\",\"props\":{\"button_style\":\"danger\",\"content\":\"Innholdsliste\",\"icon_align\":\"left\",\"link\":\"index.php?page_id=11376\"}}],\"modified\":\"2022-01-08T13:55:15.706Z\",\"name\":\"Innhold-knapp\"}]},{\"type\":\"column\",\"props\":{\"image_position\":\"center-center\",\"position_sticky_breakpoint\":\"m\",\"width_default\":\"1-3\",\"width_medium\":\"1-4\"},\"children\":[{\"type\":\"button\",\"props\":{\"button_size\":\"small\",\"grid_column_gap\":\"small\",\"grid_row_gap\":\"small\",\"margin\":\"remove-vertical\",\"text_align\":\"right\"},\"children\":[{\"type\":\"button_item\",\"props\":{\"button_style\":\"primary\",\"content\":\"Neste\",\"icon_align\":\"left\"},\"source\":{\"query\":{\"name\":\"posts.singlePreviousPost\"},\"props\":{\"link\":{\"filters\":{\"search\":\"\"},\"name\":\"link\"}}}}],\"modified\":\"2022-01-08T13:54:21.007Z\",\"name\":\"Neste-knapp\"}]}]}]},{\"type\":\"section\",\"props\":{\"image_position\":\"center-center\",\"padding\":\"xsmall\",\"padding_remove_top\":false,\"style\":\"default\",\"title_breakpoint\":\"xl\",\"title_position\":\"top-left\",\"title_rotation\":\"left\",\"vertical_align\":\"middle\",\"width\":\"default\"},\"children\":[{\"type\":\"row\",\"props\":{\"column_gap\":\"small\",\"divider\":true,\"layout\":\"3-4,1-4\"},\"children\":[{\"type\":\"column\",\"props\":{\"image_position\":\"center-center\",\"position_sticky_breakpoint\":\"m\",\"width_medium\":\"3-4\"},\"children\":[{\"type\":\"image\",\"props\":{\"image\":\"wp-content\\\/uploads\\\/2022\\\/01\\\/norge-rundt.jpg\",\"image_svg_color\":\"emphasis\",\"margin\":\"default\"}},{\"type\":\"fragment\",\"props\":{\"margin\":\"default\"},\"children\":[{\"type\":\"row\",\"props\":{\"layout\":\"3-5,2-5\"},\"children\":[{\"type\":\"column\",\"props\":{\"image_position\":\"center-center\",\"position_sticky_breakpoint\":\"m\",\"width_medium\":\"3-5\"},\"children\":[{\"type\":\"headline\",\"props\":{\"content\":\"\n\n<p class=\\\"p1\\\">S\\u00f8rfjorden Halvmaraton \\u00f8kte oppslutningen med 60 prosent<\\\/p>\",\"title_element\":\"h2\",\"title_style\":\"h2\"}},{\"type\":\"text\",\"props\":{\"column_breakpoint\":\"m\",\"content\":\"\n\n<p class=\\\"p1\\\">Halvmaratonl\\u00f8pet langs S\\u00f8rfjorden har blitt et popul\\u00e6rt l\\u00f8p de siste \\u00e5rene, og i \\u00e5r var det fulltegnet for f\\u00f8rste gang. Det var satt et tak p\\u00e5 600 deltakere som kunne f\\u00e5 konkurrere p\\u00e5 gamleveien fra Garnes og innover S\\u00f8rfjorden, som g\\u00e5r mellom Bergen og Oster\\u00f8y kommuner.<\\\/p>\\n\n\n<p class=\\\"p3\\\">Det er Fri IL som har tatt initiativet til \\u00e5 arrangere l\\u00f8pet som ble startet opp i 2020. Men l\\u00f8ypen har tidligere blitt brukt som NM-l\\u00f8ype i b\\u00e5de 1989 og 1992.<\\\/p>\\n\n\n<p class=\\\"p3\\\">Denne gamleveien langs fjorden egner seg veldig godt til l\\u00f8pstras\\u00e9. Her er lite trafikk siden denne veistrekningen er erstattet av Europavei 16, som er hovedveien mot Voss. Utsikten mot fjorden har l\\u00f8perne hele veien, og alle svingene gir bare en fin variasjon i l\\u00f8pet. L\\u00f8ypen er ogs\\u00e5 ganske flat og rask.<\\\/p>\\n\n\n<p class=\\\"p3\\\">P\\u00e5 andre siden av fjorden ligger Oster\\u00f8y, som er kjent for \\u00e5 ha et godt idrettsmilj\\u00f8 og gode l\\u00f8pere. Det var da ogs\\u00e5 tre Oster\\u00f8y-l\\u00f8pere blant de fire beste mennene, og blant dem vinneren Trygve Feidje Mjelde. For ham var dette n\\u00e6rmest hjemmebane kunne han fortelle etter l\\u00f8pet:<\\\/p>\\n\n\n<p class=\\\"p3\\\">\\u2013 Jeg er oppvokst i det hvite huset du ser p\\u00e5 neset der, forteller han og peker over til Oster\\u00f8y, p\\u00e5 den andre siden av S\\u00f8rfjorden.<\\\/p>\\n\n\n<p class=\\\"p3\\\">\\u2013 Jeg har trent mye her, og jeg kjenner gjengen i Fri idrettslag. Det er utrolig kjekt \\u00e5 v\\u00e6re med p\\u00e5 s\\u00e5nne ting ogs\\u00e5, sier Trygve Feidje Mjelde som tidligere var mest kjent som en god 800-meterl\\u00f8per.<\\\/p>\\n\n\n<p class=\\\"p3\\\">Lina Rivedal fra Varegg ble beste kvinne. Hun klarte akkurat \\u00e5 holde unna en jagende Renate Galleberg, som til slutt l\\u00f8p i m\\u00e5l 6 sekunder bak henne.<\\\/p>\\n\n\n<p class=\\\"p4\\\"><strong>Arne Dag Myking<\\\/strong><\\\/p>\",\"margin\":\"default\"}}]},{\"type\":\"column\",\"props\":{\"image_position\":\"center-center\",\"position_sticky_breakpoint\":\"m\",\"width_medium\":\"2-5\"},\"children\":[{\"type\":\"image\",\"props\":{\"image\":\"wp-content\\\/uploads\\\/2024\\\/10\\\/Sorfjorden-Halvmaraton-foto-1U9A1616.jpg\",\"image_svg_color\":\"emphasis\",\"margin\":\"small\"}},{\"type\":\"text\",\"props\":{\"column_breakpoint\":\"m\",\"content\":\"\n\n<p class=\\\"p1\\\"><strong>Fargerikt:<\\\/strong> Start og m\\u00e5l var ved Museet gamle Vossabanen p\\u00e5 Garnes. Her skimter man de gamle jernbanevognene i bakgrunnen. I forgrunnen ser man Markus Loft\\u00e5s (455) ta teten, foran Tage Morken Augustson (421), Karl Jonas Tronstad (229) og Trygve Feidje Mjelde (105). Oster\\u00f8y-l\\u00f8perne har r\\u00f8d tr\\u00f8ye, Vareggl\\u00f8perne bl\\u00e5. (Foto: Arne Dag Myking)<\\\/p>\",\"margin\":\"default\",\"margin_remove_top\":true}},{\"type\":\"image\",\"props\":{\"image\":\"wp-content\\\/uploads\\\/2024\\\/10\\\/Tonje-Lien-Sletten-foto-Arne-Dag-Myking-1U9A1716.jpg\",\"image_svg_color\":\"emphasis\",\"margin\":\"small\"}},{\"type\":\"text\",\"props\":{\"column_breakpoint\":\"m\",\"content\":\"\n\n<p class=\\\"p1\\\"><strong>Fjordalangs:<\\\/strong> Tonje Lien Sletten steger godt ut p\\u00e5 sin vei innover langs S\\u00f8rfjorden. (Foto: Arne Dag Myking)\\u00a0<\\\/p>\",\"margin\":\"default\",\"margin_remove_top\":true}}]}]}]},{\"type\":\"divider\",\"props\":{\"divider_element\":\"hr\"}},{\"type\":\"fragment\",\"props\":{\"margin\":\"default\"},\"children\":[{\"type\":\"row\",\"props\":{\"layout\":\"3-5,2-5\"},\"children\":[{\"type\":\"column\",\"props\":{\"image_position\":\"center-center\",\"position_sticky_breakpoint\":\"m\",\"width_medium\":\"3-5\"},\"children\":[{\"type\":\"headline\",\"props\":{\"content\":\"\n\n<p class=\\\"p1\\\">Norgesl\\u00f8pet med tidenes f\\u00f8rste NM 5 km gatel\\u00f8p<\\\/p>\",\"title_element\":\"h1\",\"title_style\":\"h2\"}},{\"type\":\"text\",\"props\":{\"column_breakpoint\":\"m\",\"content\":\"\n\n<p class=\\\"p1\\\">Det kan helt klart diskuteres hvor stort behovet er for et eget NM p\\u00e5 5 og 10 km gatel\\u00f8p siden vi allerede har NM p\\u00e5 5000 og 10\\u00a0000 m banel\\u00f8p. Men jeg tror de fleste som var til stede under Norgesl\\u00f8pet, syntes at NM-statusen gav arrangementet et l\\u00f8ft.<\\\/p>\\n\n\n<p class=\\\"p3\\\">F\\u00f8rst og fremst var de som deltok i NM positive, men ogs\\u00e5 tilskuere, funksjon\\u00e6rer og media s\\u00e5 ut til \\u00e5 sette pris p\\u00e5 nyvinningen.<\\\/p>\\n\n\n<p class=\\\"p3\\\">Uten NM-status ville ganske sikkert f\\u00e6rre av de norske l\\u00f8pestjernene stilt til start. Det er for eksempel ikke hverdagskost at Filip Ingebrigtsen stiller opp i et norsk gatel\\u00f8p. Det gjorde han, og forsterket av at han vant, ble det mange selfier \\u00e5 ta, ikke minst med telefonene til unge tilskuere og deltakere. Vinnertida hans var det ogs\\u00e5 godt niv\\u00e5 p\\u00e5 \\u2013 13.47 i gatel\\u00f8p lar seg absolutt h\\u00f8re.<\\\/p>\\n\n\n<p class=\\\"p3\\\">P\\u00e5 kvinnesida stod seieren mellom to l\\u00f8pere fra arrang\\u00f8rklubben Ull\\\/Kisa, erfarne Amalie S\\u00e6ten og bare 17 \\u00e5r gamle Wilma Anna Bekkemoen Torbi\\u00f6rnsson. Kanskje var det like greit at S\\u00e6ten kom f\\u00f8rst til m\\u00e5l slik at den beste ogs\\u00e5 ble norsk mester. Hadde Torbi\\u00f6rnsson vunnet, m\\u00e5tte hun slik reglene til Friidrettsforbundet er, uansett n\\u00f8yd seg med \\u00e5 bli juniormester. Tidene til de to ble 16.13 og 16.18 med Madel\\u00e8ne Wanvik Holum p\\u00e5 tredjeplass med 16.20.<\\\/p>\\n\n\n<p class=\\\"p3\\\">NM-l\\u00f8pet var innlagt i Ida Eides Minnel\\u00f8p, og i tillegg stod 10 km, 1,9 km og barnel\\u00f8p p\\u00e5 programmet. Til sammen fullf\\u00f8rte 1588 l\\u00f8pere en av de tre distansene med tidtaking, noe som var klar deltakerrekord for Norgesl\\u00f8pet p\\u00e5 Jessheim.<\\\/p>\\n\n\n<p class=\\\"p4\\\"><strong>Runar Gilberg<\\\/strong><\\\/p>\",\"margin\":\"default\"}}]},{\"type\":\"column\",\"props\":{\"image_position\":\"center-center\",\"position_sticky_breakpoint\":\"m\",\"width_medium\":\"2-5\"},\"children\":[{\"type\":\"image\",\"props\":{\"image\":\"wp-content\\\/uploads\\\/2024\\\/10\\\/Wilma-Anna-Bekkemoen-Torbiornsson-Amalie-Saeten-og-Madelene-Wanvik-Holum-foto-Samuel-Hafsahl-DSC_9340.jpg\",\"image_svg_color\":\"emphasis\",\"margin\":\"small\"}},{\"type\":\"text\",\"props\":{\"column_breakpoint\":\"m\",\"content\":\"\n\n<p class=\\\"p1\\\"><strong>Tettrio:<\\\/strong> Amalie S\\u00e6ten (midten) vant 5 kilometeren i Norgesl\\u00f8pet foran Wilma Anna Bekkemoen Torbi\\u00f6rnsson (til venstre) og Madel\\u00e8ne Wanvik Holum. (Foto: Samuel Hafsahl)<\\\/p>\",\"margin\":\"default\",\"margin_remove_top\":true}},{\"type\":\"image\",\"props\":{\"image\":\"wp-content\\\/uploads\\\/2024\\\/10\\\/Filip-Ingebrigtsen-foto-Samuel-Hafsahl-DSC_9696-2.jpg\",\"image_svg_color\":\"emphasis\",\"margin\":\"small\"}},{\"type\":\"text\",\"props\":{\"column_breakpoint\":\"m\",\"content\":\"\n\n<p class=\\\"p1\\\"><strong>NM-gull:<\\\/strong> Filip Ingebrigtsen l\\u00f8p fra konkurrentene med ca. halvannen kilometer igjen og ble tidenes f\\u00f8rste norske mester p\\u00e5 5 km gatel\\u00f8p. (Foto: Samuel Hafsahl)<\\\/p>\",\"margin\":\"default\",\"margin_remove_top\":true}}]}]}]},{\"type\":\"divider\",\"props\":{\"divider_element\":\"hr\"}},{\"type\":\"fragment\",\"props\":{\"margin\":\"default\"},\"children\":[{\"type\":\"row\",\"props\":{\"layout\":\"2-5,3-5\"},\"children\":[{\"type\":\"column\",\"props\":{\"image_position\":\"center-center\",\"position_sticky_breakpoint\":\"m\",\"width_medium\":\"2-5\"},\"children\":[{\"type\":\"image\",\"props\":{\"image\":\"wp-content\\\/uploads\\\/2024\\\/10\\\/Cornelia-Ringvold-nr-2-Skjervoy-20-1000-foto-arrangoren.jpg\",\"image_svg_color\":\"emphasis\",\"margin\":\"small\"}},{\"type\":\"text\",\"props\":{\"column_breakpoint\":\"m\",\"content\":\"\n\n<p class=\\\"p1\\\"><strong>Sol og smil:<\\\/strong> Cornelia Ringvold l\\u00f8p inn til andreplass i den lange l\\u00f8ypa p\\u00e5 20 km med ca. 1000 h\\u00f8ydemetre. (Foto: arrang\\u00f8ren)<\\\/p>\",\"margin\":\"default\",\"margin_remove_top\":true}},{\"type\":\"image\",\"props\":{\"image\":\"wp-content\\\/uploads\\\/2024\\\/10\\\/Skjervoy-felt-sentrum-20-1000-foto-arrangoren.jpg\",\"image_svg_color\":\"emphasis\",\"margin\":\"small\"}},{\"type\":\"text\",\"props\":{\"column_breakpoint\":\"m\",\"content\":\"\n\n<p class=\\\"p1\\\"><strong>Herlig h\\u00f8stdag:<\\\/strong> Det var lite \\u00e5 utsette p\\u00e5 fargene og omgivelsene da feltet la Skjerv\\u00f8y sentrum bak seg. (Foto: arrang\\u00f8ren)<\\\/p>\",\"margin\":\"default\",\"margin_remove_top\":true}}]},{\"type\":\"column\",\"props\":{\"image_position\":\"center-center\",\"position_sticky_breakpoint\":\"m\",\"width_medium\":\"3-5\"},\"children\":[{\"type\":\"headline\",\"props\":{\"content\":\"\n\n<p class=\\\"p1\\\">Solfylt og naturskj\\u00f8nt i Skjerv\\u00f8y 20:1000<\\\/p>\",\"title_element\":\"h1\",\"title_style\":\"h2\"}},{\"type\":\"text\",\"props\":{\"column_breakpoint\":\"m\",\"content\":\"\n\n<p class=\\\"p1\\\">L\\u00f8pet med start og m\\u00e5l i Skjerv\\u00f8y i Troms har to l\\u00f8yper \\u2013 ei p\\u00e5 20 km med 1000 h\\u00f8ydemeter (20:1000) og ei p\\u00e5 10 km med 500 h\\u00f8ydemeter (10:500). I tillegg blir det arrangert et barnel\\u00f8p med mange ivrige unge.<\\\/p>\\n\n\n<p class=\\\"p3\\\">\\u00c5rets l\\u00f8p gikk 14. september, som var en nydelig h\\u00f8stdag med sol og gryende h\\u00f8stfarger. 277 fullf\\u00f8rte enten 10 eller 20 km, og flest \\u2013 171 \\u2013 l\\u00f8p konkurranseklassen p\\u00e5 den lengste distansen.<\\\/p>\\n\n\n<p class=\\\"p3\\\">Herreklassen p\\u00e5 langdistansen ble vunnet av Eirik Solvang som brukte 1.35.19 og var 43 sekunder foran veteranen Eirik Dagas\\u00f8nn Haugsnes p\\u00e5 andreplass. Junioren Sigve Eirik Benonisen ble nummer tre, dr\\u00f8ye 3 minutter bak vinneren.<\\\/p>\\n\n\n<p class=\\\"p3\\\">P\\u00e5 kvinnesida ble det nederlandsk triumf ved Aniek Lith som l\\u00f8p p\\u00e5 1.55.05. Cornelia Ringvold var halvannet minutt bak, mens Silje Hansen ble nummer tre med 1.56.53.<\\\/p>\\n\n\n<p class=\\\"p3\\\">10 kilometeren ble vunnet av bare 14 \\u00e5r gamle Nils Even Eriksen og 18 \\u00e5r gamle Julie Johansen Trosten. De l\\u00f8p p\\u00e5 henholdsvis 57.23 og 1.03.47. Julie Trosten hadde bare to gutter foran seg i m\\u00e5l.<\\\/p>\\n\n\n<p class=\\\"p3\\\">49 av deltakerne valgte \\u00e5 delta i trimklassen uten tidtaking. Det gav dem nok enda bedre tid til \\u00e5 nyte den fine h\\u00f8stdagen i fjellet.<\\\/p>\\n\n\n<p class=\\\"p4\\\"><strong>Runar Gilberg<\\\/strong><\\\/p>\",\"margin\":\"default\"}}]}]}]},{\"type\":\"divider\",\"props\":{\"divider_element\":\"hr\"}},{\"type\":\"fragment\",\"props\":{\"margin\":\"default\"},\"children\":[{\"type\":\"row\",\"props\":{\"layout\":\"3-5,2-5\"},\"children\":[{\"type\":\"column\",\"props\":{\"image_position\":\"center-center\",\"position_sticky_breakpoint\":\"m\",\"width_medium\":\"3-5\"},\"children\":[{\"type\":\"headline\",\"props\":{\"content\":\"\n\n<p class=\\\"p1\\\">Magnus \\u00d8ien med l\\u00f8ype-rekord i Lina Roindt<\\\/p>\",\"title_element\":\"h1\",\"title_style\":\"h2\"}},{\"type\":\"text\",\"props\":{\"column_breakpoint\":\"m\",\"content\":\"\n\n<p class=\\\"p1\\\">Berre 17 \\u00e5r gamle Magnus \\u00d8yen har vori i knallform denne hausten. Siste helga i september tok han gull i juniorklassen i NM 5 km gatel\\u00f8p med sterke 14.04.<\\\/p>\\n\n\n<p class=\\\"p3\\\">To veker f\\u00f8r NM-l\\u00f8pet hadde han sett l\\u00f8yperekord i det tradisjonsrike landevegsl\\u00f8pet Lina Roindt. Det 10,8 km lange l\\u00f8pet g\\u00e5r i Rindal som er heimbygda til Magnus \\u00d8yen, og det vart i \\u00e5r arrangert for 41. gong. Mange sterke l\\u00f8parar har opp gjennom \\u00e5ra pr\\u00f8vd seg i den noks\\u00e5 kuperte asfaltl\\u00f8ypa, men ingen har sprungi like fort som det unge \\u00d8yen gjorde i \\u00e5r.<\\\/p>\\n\n\n<p class=\\\"p3\\\">Med 32.56 vart Magnus f\\u00f8rstemann til \\u00e5 bryte 33-minuttsgrensa. Den gamle rekorden hadde Trond \\u00d8rjan Eide som sprang p\\u00e5 33.07 i 2020. Berre to l\\u00f8parar til har sprungi under 34 minutt \\u2013 Dag \\u00d8xnevad med 33.41 i 1989 og Ebrahim Abdulaziz med 33.49 i 2013.<\\\/p>\\n\n\n<p class=\\\"p3\\\">Det var godt haustv\\u00ear med sol, ca. 20 grader og knapt nokon vind under \\u00e5rets Lina Roindt. Mange nytta godv\\u00earet til \\u00e5 f\\u00e5 seg ein trimtur, og til saman var det 262 deltakarar denne sundagen. 26 stilte i konkurranseklassen og 236 i trimklassen. Det var totalt sett 42 fleire enn i fjor og det h\\u00f8gste deltakartalet sia 2010.<\\\/p>\\n\n\n<p class=\\\"p3\\\">\\u00d2g i kvinneklassa vart det heimesiger \\u2013 til Maren Hoston som debuterte i dette l\\u00f8pet og vann p\\u00e5 48.58.\\u00a0<\\\/p>\\n\n\n<p class=\\\"p4\\\"><strong>Runar Gilberg<\\\/strong><\\\/p>\",\"margin\":\"default\"}}]},{\"type\":\"column\",\"props\":{\"image_position\":\"center-center\",\"position_sticky_breakpoint\":\"m\",\"width_medium\":\"2-5\"},\"children\":[{\"type\":\"image\",\"props\":{\"image\":\"wp-content\\\/uploads\\\/2024\\\/10\\\/Maren-Hoston-Lina-Roindt-foto-Gunnar-Bureid.jpg\",\"image_svg_color\":\"emphasis\",\"margin\":\"small\"}},{\"type\":\"text\",\"props\":{\"column_breakpoint\":\"m\",\"content\":\"\n\n<p class=\\\"p1\\\"><strong>Heimesiger:<\\\/strong> Maren Hoston fr\\u00e5 Rindal spurta inn til siger i debuten sin i Lina Roindt. (Foto: Gunnar Bureid)<\\\/p>\",\"margin\":\"default\",\"margin_remove_top\":true}},{\"type\":\"image\",\"props\":{\"image\":\"wp-content\\\/uploads\\\/2024\\\/10\\\/Magnus-Oyen-Lina-Roindt-foto-Morten-Moller.jpg\",\"image_svg_color\":\"emphasis\",\"margin\":\"small\"}},{\"type\":\"text\",\"props\":{\"column_breakpoint\":\"m\",\"content\":\"\n\n<p class=\\\"p1\\\"><strong>I rekordform:<\\\/strong> Magnus \\u00d8yen kunne gi seg sj\\u00f8lv tommel opp etter \\u00e5 ha forbetra l\\u00f8yperekorden i Lina Roindt med 11 sekund. (Foto: Morten M\\u00f8ller)<\\\/p>\",\"margin\":\"default\",\"margin_remove_top\":true}}]}]}]}]},{\"type\":\"column\",\"props\":{\"image_position\":\"center-center\",\"position_sticky\":\"column\",\"position_sticky_breakpoint\":\"m\",\"position_sticky_offset\":\"80\",\"width_medium\":\"1-4\"},\"children\":[{\"type\":\"html\",\"props\":{\"content\":\"\n\n<div class=\\\"adunit\\\" data-adunit=\\\"mobile\\\/m_netboard_2\\\" data-dimensions=\\\"320x320,320x250,300x300,300x250,320x400\\\"><\\\/div>\\n\"}},{\"type\":\"divider\",\"props\":{\"divider_element\":\"hr\"}},{\"type\":\"html\",\"props\":{\"content\":\"\n\n<div class=\\\"adunit\\\" data-adunit=\\\"mobile\\\/m_netboard_2\\\" data-dimensions=\\\"320x320,320x250,300x300,300x250,320x400\\\"><\\\/div>\\n\"}},{\"type\":\"divider\",\"props\":{\"divider_element\":\"hr\"}},{\"type\":\"html\",\"props\":{\"content\":\"\n\n<div class=\\\"adunit\\\" data-adunit=\\\"mobile\\\/m_netboard_2\\\" data-dimensions=\\\"320x320,320x250,300x300,300x250,320x400\\\"><\\\/div>\\n\"}}]}]}]},{\"type\":\"section\",\"props\":{\"image_position\":\"center-center\",\"overlap\":false,\"padding\":\"xsmall\",\"padding_remove_top\":false,\"style\":\"muted\",\"title_breakpoint\":\"xl\",\"title_position\":\"top-left\",\"title_rotation\":\"left\",\"vertical_align\":\"middle\",\"width\":\"default\"},\"children\":[{\"type\":\"row\",\"props\":{\"layout\":\"1-4,1-2,1-4\"},\"children\":[{\"type\":\"column\",\"props\":{\"image_position\":\"center-center\",\"position_sticky_breakpoint\":\"m\",\"width_default\":\"1-3\",\"width_medium\":\"1-4\"},\"children\":[{\"type\":\"button\",\"props\":{\"button_size\":\"small\",\"grid_column_gap\":\"small\",\"grid_row_gap\":\"small\",\"margin\":\"\",\"position\":\"absolute\"},\"children\":[{\"type\":\"button_item\",\"props\":{\"button_style\":\"primary\",\"content\":\"Forrige\",\"icon_align\":\"left\"},\"source\":{\"query\":{\"name\":\"posts.singleNextPost\"},\"props\":{\"link\":{\"filters\":{\"search\":\"\"},\"name\":\"link\"}}}}],\"modified\":\"2022-01-08T13:55:05.502Z\",\"name\":\"Forrige-knapp\"}]},{\"type\":\"column\",\"props\":{\"image_position\":\"center-center\",\"position_sticky_breakpoint\":\"m\",\"width_default\":\"1-3\",\"width_medium\":\"1-2\"},\"children\":[{\"type\":\"button\",\"props\":{\"button_size\":\"small\",\"fullwidth\":false,\"grid_column_gap\":\"small\",\"grid_row_gap\":\"small\",\"margin\":\"default\",\"position\":\"absolute\",\"text_align\":\"center\"},\"children\":[{\"type\":\"button_item\",\"props\":{\"button_style\":\"danger\",\"content\":\"Innholdsliste\",\"icon_align\":\"left\",\"link\":\"index.php?page_id=11376\"}}],\"modified\":\"2022-01-08T13:55:15.706Z\",\"name\":\"Innhold-knapp\"}]},{\"type\":\"column\",\"props\":{\"image_position\":\"center-center\",\"position_sticky_breakpoint\":\"m\",\"width_default\":\"1-3\",\"width_medium\":\"1-4\"},\"children\":[{\"type\":\"button\",\"props\":{\"button_size\":\"small\",\"grid_column_gap\":\"small\",\"grid_row_gap\":\"small\",\"margin\":\"remove-vertical\",\"text_align\":\"right\"},\"children\":[{\"type\":\"button_item\",\"props\":{\"button_style\":\"primary\",\"content\":\"Neste\",\"icon_align\":\"left\"},\"source\":{\"query\":{\"name\":\"posts.singlePreviousPost\"},\"props\":{\"link\":{\"filters\":{\"search\":\"\"},\"name\":\"link\"}}}}],\"modified\":\"2022-01-08T13:54:21.007Z\",\"name\":\"Neste-knapp\"}]}]}]}],\"version\":\"4.3.13\"} --><\/p>\n","protected":false},"excerpt":{"rendered":"<p>Forrige Innholdsliste Neste S\u00f8rfjorden Halvmaraton \u00f8kte oppslutningen med 60 prosent Halvmaratonl\u00f8pet langs S\u00f8rfjorden har blitt et popul\u00e6rt l\u00f8p de siste \u00e5rene, og i \u00e5r var det fulltegnet for f\u00f8rste gang. Det var satt et tak p\u00e5 600 deltakere som kunne f\u00e5 konkurrere p\u00e5 gamleveien fra Garnes og innover S\u00f8rfjorden, som g\u00e5r mellom Bergen og Oster\u00f8y [&hellip;]<\/p>\n","protected":false},"author":1,"featured_media":11402,"comment_status":"closed","ping_status":"open","sticky":false,"template":"","format":"standard","meta":{"_acf_changed":false,"footnotes":""},"categories":[124],"tags":[87],"post_flags":[],"class_list":["post-11401","post","type-post","status-publish","format-standard","has-post-thumbnail","hentry","category-kondis-7-2024","tag-norge-rundt"],"acf":[],"_links":{"self":[{"href":"https:\/\/kondis.mittmagasin.online\/index.php?rest_route=\/wp\/v2\/posts\/11401","targetHints":{"allow":["GET"]}}],"collection":[{"href":"https:\/\/kondis.mittmagasin.online\/index.php?rest_route=\/wp\/v2\/posts"}],"about":[{"href":"https:\/\/kondis.mittmagasin.online\/index.php?rest_route=\/wp\/v2\/types\/post"}],"author":[{"embeddable":true,"href":"https:\/\/kondis.mittmagasin.online\/index.php?rest_route=\/wp\/v2\/users\/1"}],"replies":[{"embeddable":true,"href":"https:\/\/kondis.mittmagasin.online\/index.php?rest_route=%2Fwp%2Fv2%2Fcomments&post=11401"}],"version-history":[{"count":28,"href":"https:\/\/kondis.mittmagasin.online\/index.php?rest_route=\/wp\/v2\/posts\/11401\/revisions"}],"predecessor-version":[{"id":11709,"href":"https:\/\/kondis.mittmagasin.online\/index.php?rest_route=\/wp\/v2\/posts\/11401\/revisions\/11709"}],"wp:featuredmedia":[{"embeddable":true,"href":"https:\/\/kondis.mittmagasin.online\/index.php?rest_route=\/wp\/v2\/media\/11402"}],"wp:attachment":[{"href":"https:\/\/kondis.mittmagasin.online\/index.php?rest_route=%2Fwp%2Fv2%2Fmedia&parent=11401"}],"wp:term":[{"taxonomy":"category","embeddable":true,"href":"https:\/\/kondis.mittmagasin.online\/index.php?rest_route=%2Fwp%2Fv2%2Fcategories&post=11401"},{"taxonomy":"post_tag","embeddable":true,"href":"https:\/\/kondis.mittmagasin.online\/index.php?rest_route=%2Fwp%2Fv2%2Ftags&post=11401"},{"taxonomy":"post_flag","embeddable":true,"href":"https:\/\/kondis.mittmagasin.online\/index.php?rest_route=%2Fwp%2Fv2%2Fpost_flags&post=11401"}],"curies":[{"name":"wp","href":"https:\/\/api.w.org\/{rel}","templated":true}]}}