{"id":11323,"date":"2024-09-11T10:32:47","date_gmt":"2024-09-11T10:32:47","guid":{"rendered":"https:\/\/kondis.mittmagasin.online\/?p=11323"},"modified":"2024-09-11T11:01:10","modified_gmt":"2024-09-11T11:01:10","slug":"leder-10","status":"publish","type":"post","link":"https:\/\/kondis.mittmagasin.online\/?p=11323","title":{"rendered":"Leder"},"content":{"rendered":"<h1 class=\"p1\">Det store l\u00f8pe\u00e5ret<\/h1>\n<p class=\"p1\">Sitter i sofaen \u2013 ute skinner sola, datoen er 1. september, og sommeren er fortsatt til stede. Jeg har akkurat l\u00f8pt gjennom Oslos gater med sikkert rundt 400 mer eller mindre l\u00f8peglade personer, noe som viser at l\u00f8peb\u00f8lgen lever.<\/p>\n<p class=\"p2\">Alle de store l\u00f8pene er utsolgte b\u00e5de i og utenfor Norge. Ja, h\u00f8sten den blir travel for oss med l\u00f8pesko. Det kan godt v\u00e6re at l\u00f8peb\u00f8lgen er p\u00e5 sitt h\u00f8yeste p\u00e5 veldig lang tid.<\/p>\n<h3 class=\"p4\"><span class=\"s1\">Olympisk maraton<\/span><\/h3>\n<p class=\"p1\">Jeg har ogs\u00e5 i sommer f\u00e5tt oppleve de olympiske leker p\u00e5 n\u00e6rt hold \u2013 og ogs\u00e5 l\u00f8pt i den samme traseen som de aktive gjorde. Det var en fantastisk opplevelse p\u00e5 kvelds- og nattestid i Paris. Der var ogs\u00e5 l\u00f8pegleden relativt h\u00f8y, og sjelden har jeg sett s\u00e5 mange blide og forn\u00f8yde l\u00f8pere etter m\u00e5lgang.<\/p>\n<p class=\"p2\">Sikkert i stor grad fordi l\u00f8pet handlet mye mer om inntrykk enn det \u00e5 l\u00f8pe p\u00e5 en bra tid.<\/p>\n<p class=\"p2\">Inntrykkene stod faktisk i k\u00f8, hele tiden med Eiffelt\u00e5rnet blinkende b\u00e5de p\u00e5 n\u00e6rt og langt hold. Og som sikkert noen har sett p\u00e5 TV \u2013 det var noen bakker der, litt utenfor normalen av bakker, slike som f\u00e5r selveste St. Hanshaugen i Oslo til \u00e5 bli lett.<\/p>\n<p class=\"p2\">Kanskje er s\u00e5nne l\u00f8p enda bedre for l\u00f8peglede, treningsglede og generell folkehelse? Litt lavterskel, litt mindre farlig og enda mere g\u00f8y. Samtidig ser jeg jo at mange drives av konkurranse og tider, noe som p\u00e5 sin m\u00e5te ogs\u00e5 er bra. Alle m\u00e5 p\u00e5 en eller annen m\u00e5te f\u00e5 sitt, tenker jeg.<\/p>\n<h3 class=\"p4\"><span class=\"s1\">Ikke ud\u00f8delige<\/span><\/h3>\n<p class=\"p1\">L\u00f8pingen har, med Paris-opplevelsen i sommer som et h\u00f8ydepunkt, gitt meg mye gjennom 40 \u00e5r. L\u00f8pingen har ogs\u00e5 gitt meg mange gode venner. Dessverre er det jo s\u00e5nn at vi blir eldre og ting skjer. Kanskje skjedde de samme tingene i yngre alder ogs\u00e5, men jo mer voksen man blir, jo mer kjenner man jo p\u00e5 det. Det \u00e5 trene betyr ikke at vi n\u00f8dvendigvis blir ud\u00f8delige heller \u2013 selv om vi kanskje tror det.<\/p>\n<p class=\"p2\">Jeg tror mest p\u00e5 at jeg som l\u00f8per lever bedre de \u00e5rene jeg har, men ikke at jeg n\u00f8dvendigvis lever lenger. Her er det nok ogs\u00e5 mye snakk om flaks\/uflaks.<\/p>\n<p class=\"p2\">Dette nevnes fordi to l\u00f8pere p\u00e5 min alder som jeg kjenner, nylig d\u00f8de av kreft. Anbj\u00f8rg og Morten. Jeg har alltid blitt m\u00f8tt med \u00e5penhet og positivitet av de to. Morten og jeg har ogs\u00e5 \u00absloss\u00bb i samme aldersklasse og s\u00e5nn sett v\u00e6rt konkurrenter. Morten vil bli husket godt i Haugesund for sin alltid oppofrende og blide tilstedev\u00e6relse p\u00e5 treninger for oss mosjonister. S\u00e5 mine tanker g\u00e5r til respektive familier.<\/p>\n<h3 class=\"p4\"><span class=\"s1\">For alle<\/span><\/h3>\n<p class=\"p1\">Dette minner meg igjen p\u00e5 at l\u00f8pemilj\u00f8et er for alle, og at l\u00f8pemilj\u00f8et kanskje er det mest inkluderende som finnes? Jeg tror det! Og jeg vil fortsette \u00e5 jobbe for det s\u00e5 lenge jeg bare kan \u2013 og med litt flaks i minst 20 \u00e5r til.<\/p>\n<p class=\"p2\">Ha en bra h\u00f8st, kj\u00e6re medlem, og husk at den gamle parolen til Den norske maratonklubb, \u00abFor idrett og vennskap i de(t) lange l\u00f8p\u00bb, fortsatt er veldig viktig.<\/p>\n","protected":false},"excerpt":{"rendered":"<p>Det store l\u00f8pe\u00e5ret Sitter i sofaen \u2013 ute skinner sola, datoen er 1. september, og sommeren er fortsatt til stede. Jeg har akkurat l\u00f8pt gjennom Oslos gater med sikkert rundt 400 mer eller mindre l\u00f8peglade personer, noe som viser at l\u00f8peb\u00f8lgen lever. Alle de store l\u00f8pene er utsolgte b\u00e5de i og utenfor Norge. Ja, h\u00f8sten [&hellip;]<\/p>\n","protected":false},"author":1,"featured_media":2718,"comment_status":"closed","ping_status":"open","sticky":false,"template":"","format":"standard","meta":{"_acf_changed":false,"footnotes":""},"categories":[123],"tags":[88],"post_flags":[],"class_list":["post-11323","post","type-post","status-publish","format-standard","has-post-thumbnail","hentry","category-kondis-6-2024","tag-leder"],"acf":[],"_links":{"self":[{"href":"https:\/\/kondis.mittmagasin.online\/index.php?rest_route=\/wp\/v2\/posts\/11323","targetHints":{"allow":["GET"]}}],"collection":[{"href":"https:\/\/kondis.mittmagasin.online\/index.php?rest_route=\/wp\/v2\/posts"}],"about":[{"href":"https:\/\/kondis.mittmagasin.online\/index.php?rest_route=\/wp\/v2\/types\/post"}],"author":[{"embeddable":true,"href":"https:\/\/kondis.mittmagasin.online\/index.php?rest_route=\/wp\/v2\/users\/1"}],"replies":[{"embeddable":true,"href":"https:\/\/kondis.mittmagasin.online\/index.php?rest_route=%2Fwp%2Fv2%2Fcomments&post=11323"}],"version-history":[{"count":2,"href":"https:\/\/kondis.mittmagasin.online\/index.php?rest_route=\/wp\/v2\/posts\/11323\/revisions"}],"predecessor-version":[{"id":11350,"href":"https:\/\/kondis.mittmagasin.online\/index.php?rest_route=\/wp\/v2\/posts\/11323\/revisions\/11350"}],"wp:featuredmedia":[{"embeddable":true,"href":"https:\/\/kondis.mittmagasin.online\/index.php?rest_route=\/wp\/v2\/media\/2718"}],"wp:attachment":[{"href":"https:\/\/kondis.mittmagasin.online\/index.php?rest_route=%2Fwp%2Fv2%2Fmedia&parent=11323"}],"wp:term":[{"taxonomy":"category","embeddable":true,"href":"https:\/\/kondis.mittmagasin.online\/index.php?rest_route=%2Fwp%2Fv2%2Fcategories&post=11323"},{"taxonomy":"post_tag","embeddable":true,"href":"https:\/\/kondis.mittmagasin.online\/index.php?rest_route=%2Fwp%2Fv2%2Ftags&post=11323"},{"taxonomy":"post_flag","embeddable":true,"href":"https:\/\/kondis.mittmagasin.online\/index.php?rest_route=%2Fwp%2Fv2%2Fpost_flags&post=11323"}],"curies":[{"name":"wp","href":"https:\/\/api.w.org\/{rel}","templated":true}]}}