{"id":11228,"date":"2024-09-11T07:30:56","date_gmt":"2024-09-11T07:30:56","guid":{"rendered":"https:\/\/kondis.mittmagasin.online\/?p=11228"},"modified":"2024-09-11T07:40:24","modified_gmt":"2024-09-11T07:40:24","slug":"en-10-arig-kjaerlighetshistorie-ispedd-litt-hat-og-mye-galskap","status":"publish","type":"post","link":"https:\/\/kondis.mittmagasin.online\/?p=11228","title":{"rendered":"En 10-\u00e5rig kj\u00e6rlighetshistorie ispedd litt hat og mye galskap"},"content":{"rendered":"<p class=\"p1\">Jeg har lyst til \u00e5 dele noen minner, betraktninger og refleksjoner fra dette turprosjektet, men jeg skal allerede n\u00e5 r\u00f8pe at setningen i karakterboken fra barneskolen fortsatt har gyldighet: \u00abAnne kan, n\u00e5r hun vil.\u00bb<\/p>\n<p class=\"p2\">Som lita tr\u00f8nderpi i en s\u00f8skenflokk p\u00e5 tre jenter var familien p\u00e5 tur (dette var Trondheim p\u00e5 70-tallet, \u00aballe\u00bb var p\u00e5 s\u00f8ndagstur!) b\u00e5de sommer som vinter. Og jeg hatet hver eneste tur.<\/p>\n<p class=\"p2\">\u00c5 v\u00e6re fysisk minst i s\u00f8skenflokken bet\u00f8d at jeg arvet alt av turkl\u00e6r, sko og utstyr. Ikke s\u00e5 moro n\u00e5r jakka ikke holder kulden ute, eller skoene klemmer, eller skiene er for lange.<\/p>\n<p class=\"p2\">Det var ogs\u00e5 mye krangling og kjekling, og en Kvikk-lunsj p\u00e5 deling og kakao som ble gjenglemt p\u00e5 kj\u00f8kkenbenken hjemme. Mange jeg kjenner simpelthen elsker hele Norges tursjokolade, men for meg bringer den frem turminner jeg kan v\u00e6re foruten (dessuten smaker den ikke spesielt godt!).<\/p>\n<h3 class=\"p4\"><span class=\"s1\">N\u00e6rmarka<\/span><\/h3>\n<figure id=\"attachment_11234\" aria-describedby=\"caption-attachment-11234\" style=\"width: 500px\" class=\"wp-caption alignright\"><img loading=\"lazy\" decoding=\"async\" class=\"size-full wp-image-11234\" src=\"https:\/\/kondis.mittmagasin.online\/wp-content\/uploads\/2024\/09\/Jiekkivarri.jpg\" alt=\"\" width=\"500\" height=\"321\" srcset=\"https:\/\/kondis.mittmagasin.online\/wp-content\/uploads\/2024\/09\/Jiekkivarri.jpg 500w, https:\/\/kondis.mittmagasin.online\/wp-content\/uploads\/2024\/09\/Jiekkivarri-300x193.jpg 300w\" sizes=\"auto, (max-width: 500px) 100vw, 500px\" \/><figcaption id=\"caption-attachment-11234\" class=\"wp-caption-text\"><strong>H\u00f8yest i Troms:<\/strong> B\u00e5de selskapet, trugeg\u00e5ingen og soloppgangen gjorde turen opp til Jiehkkev\u00e1rri helt spesiell. (Foto: privat)<\/figcaption><\/figure>\n<p class=\"p1\">Derimot har jeg alltid v\u00e6rt glad i \u00e5 g\u00e5 tur p\u00e5 egenh\u00e5nd med familiens hund, og etter hvert mine egne hunder. Jeg har ikke tall p\u00e5 hvor mange kilometer jeg har tilbakelagt med ulike hunder over \u00e5renes l\u00f8p, men en god del har det blitt. Jeg har stort sett g\u00e5tt i n\u00e6rmarka der hvor jeg har bodd, og hatt mange gode naturopplevelser.<\/p>\n<p class=\"p2\">I 2014 var jeg \u2013 som alltid hadde v\u00e6rt slank \u2013 \u00abplutselig\u00bb blitt noe overvektig etter f\u00f8dsel og deretter et relativt bedagelig liv med mye kos og lite fysisk aktivitet. Jeg kom frem til at dette kunne ikke fortsette. Jeg la om kostholdet og begynte \u00e5 g\u00e5 lengre og mer krevende turer med en kamerat som var veldig fjellvant (og veldig t\u00e5lmodig).<\/p>\n<p class=\"p2\">13. juli 2014 gikk vi opp til Fjellsj\u00f8kampen (812 moh.) i Akershus fylke. Jeg hadde allerede g\u00e5tt ned i vekt, og det kjentes godt \u00e5 kunne bevege meg med letthet opp til toppen. Finn fortalte meg at dette var det h\u00f8yeste fjellet i Akershus fylke, og vi begynte \u00e5 fable om hvor g\u00f8y det hadde v\u00e6rt \u00e5 g\u00e5 p\u00e5 det h\u00f8yeste fjellet i alle fylkene (den gangen var det 19 fylker).<\/p>\n<p class=\"p2\">Jeg ser av turrapporten min at det for min del nok var mer enn fabling, for turrapporten min best\u00e5r kun av f\u00f8lgende setning: <i>\u00abAkershus h\u00f8yeste fjell er n\u00e5 besteget \u2013 fylkestoppsamlingen har begynt!\u00bb <\/i><\/p>\n<p class=\"p2\">I ettertid m\u00e5tte jeg ogs\u00e5 opp p\u00e5 Lushaugen (812 moh.) som ligger som en grensetopp, delvis i Akershus. Derfor er det 19 fylker, og 20 topper p\u00e5 listen p\u00e5 Peakbook (et nettsted for fjellentusiaster).<\/p>\n<h3 class=\"p4\"><span class=\"s1\">Norges h\u00f8yeste<\/span><\/h3>\n<figure id=\"attachment_11236\" aria-describedby=\"caption-attachment-11236\" style=\"width: 500px\" class=\"wp-caption alignright\"><img loading=\"lazy\" decoding=\"async\" class=\"size-full wp-image-11236\" src=\"https:\/\/kondis.mittmagasin.online\/wp-content\/uploads\/2024\/09\/Gaustatoppen22.jpg\" alt=\"\" width=\"500\" height=\"618\" srcset=\"https:\/\/kondis.mittmagasin.online\/wp-content\/uploads\/2024\/09\/Gaustatoppen22.jpg 500w, https:\/\/kondis.mittmagasin.online\/wp-content\/uploads\/2024\/09\/Gaustatoppen22-243x300.jpg 243w\" sizes=\"auto, (max-width: 500px) 100vw, 500px\" \/><figcaption id=\"caption-attachment-11236\" class=\"wp-caption-text\"><strong>Gjenstridig:<\/strong> Gaustatoppen krevde hele fem fors\u00f8k, men jubelen ble desto st\u00f8rre da den endelig ble n\u00e5dd. (Foto: privat)<\/figcaption><\/figure>\n<p class=\"p1\">Den neste fylkestoppturen gikk til Galdh\u00f8piggen (2469 moh.) som er Norges h\u00f8yeste fjell og ligger i Oppland fylke. Det ble en voldsom opptur \u00e5 st\u00e5 der p\u00e5 taket av Norge og strekke arma i v\u00e6ret og tenke: Anne kan, n\u00e5r hun vil!<\/p>\n<p class=\"p2\">At jeg skulle st\u00e5 p\u00e5 Norges h\u00f8yeste fjell, var ganske fjernt bare f\u00e5 \u00e5r i forveien. Det var ogs\u00e5 f\u00f8rste gang jeg gikk p\u00e5 bre \u2013 spennende syntes jeg!<\/p>\n<p class=\"p2\">I dag ser jeg at mine turrapporter nok ikke er av det mest informative slaget. Faktisk er de sv\u00e6rt kortfattet: <i>\u00abH\u00f8yeste topp i Oppland, Norge, og Nord-Europa! Brukte ca. 3 timer opp fra Juvasshytta, fint v\u00e6r, men tidvis noe overskyet. Fantastisk tur!\u00bb <\/i><\/p>\n<p class=\"p2\">Selv om dette ikke er informativt for andre, s\u00e5 kjenner jeg fortsatt den dag i dag den gode f\u00f8lelsen jeg hadde inni meg da jeg stod der p\u00e5 toppen. S\u00e5 mye glede og mestring; det boblet nesten inni meg (men jeg glemmer heller aldri, til tross for at det ikke st\u00e5r et ord om det i turrapporten, den stive prisen for en kaffe og vaffel p\u00e5 Galdh\u00f8pigghytta!)<\/p>\n<p class=\"p2\">Vi reiste ned fra Juvasshytta og inn til Spiterstulen for \u00e5 bestige Glittertind \u2013 riktignok ikke fylkestopp, men Norges nest h\u00f8yeste fjell (2452 moh.) og et fjell jeg var veldig spent p\u00e5 etter \u00e5 ha lest om denne vakre tinden med sin brekappe over toppen. Det ble en fantastisk tur med en sv\u00e6rt t\u00e5lmodig turkamerat, som delte med meg av sin fjell- og turkunnskap. Og som smittet meg med sin glede over \u00e5 v\u00e6re ute i naturen og rett og slett bare v\u00e6re i frisk luft og kunne bruke kroppen aktivt.<\/p>\n<h3 class=\"p4\"><span class=\"s1\">Nemesis<\/span><\/h3>\n<figure id=\"attachment_11237\" aria-describedby=\"caption-attachment-11237\" style=\"width: 500px\" class=\"wp-caption alignright\"><img loading=\"lazy\" decoding=\"async\" class=\"size-full wp-image-11237\" src=\"https:\/\/kondis.mittmagasin.online\/wp-content\/uploads\/2024\/09\/Fjellsjoekampen.jpg\" alt=\"\" width=\"500\" height=\"667\" srcset=\"https:\/\/kondis.mittmagasin.online\/wp-content\/uploads\/2024\/09\/Fjellsjoekampen.jpg 500w, https:\/\/kondis.mittmagasin.online\/wp-content\/uploads\/2024\/09\/Fjellsjoekampen-225x300.jpg 225w\" sizes=\"auto, (max-width: 500px) 100vw, 500px\" \/><figcaption id=\"caption-attachment-11237\" class=\"wp-caption-text\"><strong>Starten:<\/strong> Fjellsj\u00f8kampen i Akershus var den f\u00f8rste fylkestoppen som ble besteget, i 2014. (Foto: privat)<\/figcaption><\/figure>\n<p class=\"p1\">Da vi stod der p\u00e5 toppen av Glittertind, kom det en kar tuslende oppover. Dog kom han seg ikke helt opp fordi det var jo is og glatt (n\u00e5 er alt smeltet bort). Men vi kom i prat, og han fortalte at han samlet p\u00e5 fylkestopper, og jeg var jo rask med \u00e5 si at det gj\u00f8r jeg ogs\u00e5. Han hadde v\u00e6rt p\u00e5 dem alle, unntatt \u00e9n. Han fikk et s\u00f8rgmodig drag over ansiktet og forsvant nesten litt inn i seg selv der han stod. S\u00e5 rettet han seg opp og sa at Store Skagast\u00f8lstinden (ogs\u00e5 kjent som Storen) var og ble hans nemesis. Denne fylkestoppen i Sogn og Fjordane krever klatring, og han mestret ikke det fordi han var s\u00e5 h\u00f8yderedd.<\/p>\n<p class=\"p2\">Der og da bestemte jeg meg for at jeg ikke skulle n\u00f8le \u2013 jeg skulle opp p\u00e5 Storen koste hva det koste vil. Jeg skal ikke utsette det vanskelige, jeg skal stupe ut i det. Den h\u00f8sten begynte jeg f\u00f8rst p\u00e5 klatrekurs, deretter klatret jeg sammen en kamerat p\u00e5 Klatreverket i Oslo. Det var g\u00f8y \u00e5 gj\u00f8re noe nytt, men samtidig ikke s\u00e5 g\u00f8y n\u00e5r jeg ikke fikk det til.<\/p>\n<p class=\"p2\">I juli 2015 var jeg klar for Store Skaga-st\u00f8lstinden (2405 moh.) som er Norges tredje h\u00f8yeste fjell og den eneste av fylkestoppene som krever klatring. Jeg datt faktisk ned p\u00e5 vei opp, men motivasjonen for prosjektet mitt var s\u00e5 sterk at jeg krafset meg opp igjen, og fortsatte videre oppover. Igjen; Anne kan, n\u00e5r hun vil.<\/p>\n<p class=\"p2\">P\u00e5 Storen ble jeg kjent med Ragnar fra \u00d8stfold, og vi har beholdt kontakten siden da. Vi har v\u00e6rt p\u00e5 flere turer og Peakbook-fjellsamlinger sammen, og det var Ragnar som hjalp meg med \u00e5 n\u00e5 toppen av Slavassh\u00f8gda (336 moh.) som ligger i \u00d8stfold. Det er den laveste av alle fylkestoppene \u2013 og for min del en av de mer vanskelige toppene \u00e5 bestige. Det m\u00e5tte flere fors\u00f8k til, men s\u00e5 ble Ragnar med og ledet meg til toppen. B\u00e5de jeg og hjortlusfluene danset av glede oppe p\u00e5 denne lille rare bortgjemte fylkestoppen.<\/p>\n<h3 class=\"p4\"><span class=\"s1\">I femte fors\u00f8k<\/span><\/h3>\n<p class=\"p1\">En annen fylkestopp som har krevd flere fors\u00f8k f\u00f8r jeg endelig kunne st\u00e5 p\u00e5 toppen, er Gaustatoppen (1883 moh.). Jeg var der f\u00f8rste gangen tidlig sommeren i 2014, men da hadde jeg med meg Pi og fant det ikke tilr\u00e5delig \u00e5 dure av g\u00e5rde opp mot toppen med bikkja p\u00e5 slep.<\/p>\n<p class=\"p2\">Siden har jeg hatt mange flotte fotturer opp til hytta og plat\u00e5et, men det ble aldri noen toppbestigning av ulike \u00e5rsaker. I 2022 bestemte jeg meg for at n\u00e5 m\u00e5 denne toppen bestiges; jeg ville jo ikke at Gaustatoppen skulle bli min nemesis.<\/p>\n<p class=\"p2\">Men nok en gang m\u00e5tte jeg innse nederlaget, jeg m\u00e5tte snu rett f\u00f8r toppunktet. Fra turrapporten kan jeg lese f\u00f8lgende: <i>\u00abVinden (vindstyrke p\u00e5 ca. 11 m\/s, s\u00e5kalt liten kuling) var ikke spesielt sjenerende selv om det tok litt tak enkelte plasser. Gikk greit \u00e5 tusle bortetter p\u00e5 stegjerna og staver, men \u2026 M\u00e5tte snu rett f\u00f8r toppen. M\u00f8tte p\u00e5 en stor sn\u00f8dekt stein, klarte ikke \u00e5 klatre opp p\u00e5 den (is\u00f8ksa l\u00e5 hjemme). Stupbratt p\u00e5 h\u00f8yre side, og venstre side var ogs\u00e5 om ikke stupbratt s\u00e5 ikke verdt \u00e5 risikere \u00e5 skli nedover p\u00e5 en potensiell skavl som kunne l\u00f8sne (og potensielt daue). Jeg visste ikke om venstre flanke var fast grunn eller kun skavl, og jeg snudde meg fortvila rundt og rundt, finnes det ikke noen muligheter her?? Det var venstre side som s\u00e5 mest lovende ut, men det ble full stopp i hodet mitt! Dette tar jeg ikke sjansen p\u00e5, vil alltid hjem til Ida \u2013 og ikke ende opp som en notis i avisa om kvinnelig turg\u00e5er omkom p\u00e5 Gaustatoppen \u2026 Etter litt\/mye banning m\u00e5tte jeg bare innse nederlaget. Jeg snudde med gr\u00e5ten i halsen og tuslet sluk\u00f8ret tilbake til kabelbanen.\u00bb<\/i><\/p>\n<p class=\"p2\">Noen uker senere besteg jeg (endelig!) Gaustatoppen, i str\u00e5lende sol og vindstille, min nemesis var beseiret p\u00e5 det femte fors\u00f8ket!<\/p>\n<h3 class=\"p4\"><span class=\"s1\">Dobbel glede<\/span><\/h3>\n<p class=\"p1\">De aller fineste turene er likevel de to siste turene da jeg reiste til Jiehkkev\u00e1rri i april og deretter <i>le Grand finale <\/i>p\u00e5 \u00d8ksfjordj\u00f8kulen i juni. Utp\u00e5 sensommeren\/h\u00f8sten 2022 ble jeg kj\u00e6reste med Morten, som ogs\u00e5 elsker (foruten meg) \u00e5 g\u00e5 p\u00e5 fjellturer. \u00c5 ha en partner som deler mine interesser, dr\u00f8mmer og verdier er for meg det beste i livet mitt. Jeg kjenner at det er dobbel glede n\u00e5r den deles. \u00c5 st\u00e5 der p\u00e5 toppen med kj\u00e6resten min var en helt spesiell opplevelse, og det var en lykkef\u00f8lelse \u00e5 f\u00e5 dele dette med Morten.<\/p>\n<p class=\"p2\">Turen til Jiehkkev\u00e1rri (1834 moh,) ble helt spesiell av flere \u00e5rsaker. For det f\u00f8rste var dette den f\u00f8rste fylkesturen som jeg gikk p\u00e5 truger og om natta. Morten hadde beregnet dette helt perfekt, og vi kom opp p\u00e5 toppen ca. 10 minutter f\u00f8r soloppgang. Det var helt ubeskrivelig vakkert \u00e5 st\u00e5 der med han ved siden av meg mens sola steg opp over spisse tinder der ute ved havet. Det var s\u00e5 mye vill natur som badet seg i det vakre morgenlyset og riktig viste seg frem for oss denne morgenen.<\/p>\n<p class=\"p2\">Den 14. juni i \u00e5r ble siste fylkestopp besteget, og \u00d8ksfjordj\u00f8kulen (1189 moh.) ble litt som \u00e5 komme hjem. Min far, Johan Fredrik Lindeberg, er fra Langfjordbotn. Og det var nettopp i Langfjordbotn vi bodde da Morten og jeg tok denne min siste fylkestopp, i lag med et aldeles herlig turf\u00f8lge og Spor Guiding fra ja nettopp Langfjordbotn.<\/p>\n<p class=\"p2\">Det ble en helt fantastisk avslutning p\u00e5 dette 10-\u00e5rige prosjektet, med alt det jeg kunne \u00f8nske meg av innhold og varige minner. V\u00e6ret var str\u00e5lende, turvenner likes\u00e5, vennlige og hum\u00f8rfylte lokalguider, og partneren min var der sammen med meg. Og vissheten om at jeg gir ikke opp \u2013 jeg har faktisk fullf\u00f8rt fylkestopplisten.<\/p>\n<h3 class=\"p4\"><span class=\"s1\">Naturopplevelser<\/span><\/h3>\n<p class=\"p1\">Prosjektet mitt har gitt meg store naturopplevelser, men ogs\u00e5 noen triste n\u00e5r jeg ser vindm\u00f8ller og andre grove uopprettelige naturinngrep eller isbreer som smelter vekk. Videre har det gitt meg mange nye venner \u2013 noen varige vennskap tuftet p\u00e5 turgleden, mens andre vennskap har blitt mer flyktige, men likevel fine minner.<\/p>\n<p class=\"p2\">Jeg har f\u00e5tt oppleve samh\u00f8righet, men ogs\u00e5 ensomhet p\u00e5 tur. Jeg har mang en gang opplevd gleden ved \u00e5 kunne hjelpe fremmede og f\u00e5 hjelp av fremmede, eller kanskje bare et hyggelig \u00abHei\u00bb mens vi passerer hverandre.<\/p>\n<p class=\"p2\">Det har v\u00e6rt strabasi\u00f8se turer, lette turer, turer p\u00e5 stier, p\u00e5 fjerne omr\u00e5der som kanskje ingen andre har g\u00e5tt f\u00f8r meg? Det har v\u00e6rt l\u00e6ring og mestring. Glede og redsel. Det har v\u00e6rt en erkjennelse underveis om at livet er faktisk her og n\u00e5.<\/p>\n<p class=\"p2\">Hvorfor har jeg valgt \u00e5 bruke tid og penger p\u00e5 \u00e5 surre rundt p\u00e5 noen fjelltopper etter ei gammel fylkesliste? Fordi jeg kan!<\/p>\n<p class=\"p2\">Takk til alle dere mennesker som jeg har blitt kjent med, og delt b\u00e5de (t)opp- og nedturer med. Dere har alle sammen beriket livet mitt.<\/p>\n","protected":false},"excerpt":{"rendered":"<p>Det er september 2024 med en riktig vakker h\u00f8st her i fjellet. Jeg sitter foran min PC og ser p\u00e5 bilder og turrappporter som i bunn og grunn oppsummerer mitt 10-\u00e5rige turprosjekt.<\/p>\n","protected":false},"author":40,"featured_media":11232,"comment_status":"closed","ping_status":"open","sticky":false,"template":"","format":"standard","meta":{"_acf_changed":false,"footnotes":""},"categories":[123,117],"tags":[],"post_flags":[],"class_list":["post-11228","post","type-post","status-publish","format-standard","has-post-thumbnail","hentry","category-kondis-6-2024","category-utgaver-2024"],"acf":[],"_links":{"self":[{"href":"https:\/\/kondis.mittmagasin.online\/index.php?rest_route=\/wp\/v2\/posts\/11228","targetHints":{"allow":["GET"]}}],"collection":[{"href":"https:\/\/kondis.mittmagasin.online\/index.php?rest_route=\/wp\/v2\/posts"}],"about":[{"href":"https:\/\/kondis.mittmagasin.online\/index.php?rest_route=\/wp\/v2\/types\/post"}],"author":[{"embeddable":true,"href":"https:\/\/kondis.mittmagasin.online\/index.php?rest_route=\/wp\/v2\/users\/40"}],"replies":[{"embeddable":true,"href":"https:\/\/kondis.mittmagasin.online\/index.php?rest_route=%2Fwp%2Fv2%2Fcomments&post=11228"}],"version-history":[{"count":4,"href":"https:\/\/kondis.mittmagasin.online\/index.php?rest_route=\/wp\/v2\/posts\/11228\/revisions"}],"predecessor-version":[{"id":11239,"href":"https:\/\/kondis.mittmagasin.online\/index.php?rest_route=\/wp\/v2\/posts\/11228\/revisions\/11239"}],"wp:featuredmedia":[{"embeddable":true,"href":"https:\/\/kondis.mittmagasin.online\/index.php?rest_route=\/wp\/v2\/media\/11232"}],"wp:attachment":[{"href":"https:\/\/kondis.mittmagasin.online\/index.php?rest_route=%2Fwp%2Fv2%2Fmedia&parent=11228"}],"wp:term":[{"taxonomy":"category","embeddable":true,"href":"https:\/\/kondis.mittmagasin.online\/index.php?rest_route=%2Fwp%2Fv2%2Fcategories&post=11228"},{"taxonomy":"post_tag","embeddable":true,"href":"https:\/\/kondis.mittmagasin.online\/index.php?rest_route=%2Fwp%2Fv2%2Ftags&post=11228"},{"taxonomy":"post_flag","embeddable":true,"href":"https:\/\/kondis.mittmagasin.online\/index.php?rest_route=%2Fwp%2Fv2%2Fpost_flags&post=11228"}],"curies":[{"name":"wp","href":"https:\/\/api.w.org\/{rel}","templated":true}]}}