{"id":11209,"date":"2024-09-11T07:06:47","date_gmt":"2024-09-11T07:06:47","guid":{"rendered":"https:\/\/kondis.mittmagasin.online\/?p=11209"},"modified":"2024-09-11T07:11:53","modified_gmt":"2024-09-11T07:11:53","slug":"da-mosjonistene-fikk-lope-ol-maraton","status":"publish","type":"post","link":"https:\/\/kondis.mittmagasin.online\/?p=11209","title":{"rendered":"Da mosjonistene fikk\u00a0 l\u00f8pe OL-maraton"},"content":{"rendered":"<p class=\"p1\">Over 400\u00a0000 mosjonister fra hele verden pr\u00f8vde \u00e5 sikre seg en av de 40\u00a0048 gratisplassene, likt fordelt p\u00e5 de to distansene 10 km og maraton.<\/p>\n<h3 class=\"p4\"><span class=\"s1\">Euforisk stemning<\/span><\/h3>\n<p class=\"p2\">Maratonl\u00f8ypen var den samme som for eliten, men foregikk p\u00e5 kvelden\/natten mellom herrenes og damenes l\u00f8p. Stemningen f\u00f8r start med lysshow rett ved det \u00e6rverdige r\u00e5dhuset ved Seinen var elektrisk. Mange av deltakerne var helt euforiske, og det var ingen tvil om at de tok muligheten til \u00e5 v\u00e6re en \u00abOL-l\u00f8per\u00bb p\u00e5 fullt alvor.<\/p>\n<p class=\"p5\">De f\u00f8rste kilometerne l\u00f8p mange fra den ene til den andre siden av l\u00f8ypen i (alt for) h\u00f8y fart i lykkerus og gjorde \u00abhigh five\u00bb med det enormt entusiastiske publikumet. Langs store deler av veien sto det publikum i mange rader bakover fra sperringene og sannsynligvis var det flere ute i gatene og heiet p\u00e5 mosjonistene enn p\u00e5 eliten da de l\u00f8p, noe Kondis-president Tim Bennet var enig i p\u00e5 sin facebook-side:<\/p>\n<p class=\"p5\"><i>\u00abStemningen var helt ekstrem, med lyd, lys og veeeeldig mange som heiet \u2013 jeg tror faktisk flere enn p\u00e5 de to andre l\u00f8pene. Vi l\u00f8p gjennom Louvre i m\u00f8rket, s\u00e5 flammen i m\u00f8rket. Inntrykkene var enorme. Kanskje for mye for en voksen mann fra Oslo. For jeg var ikke meg selv de f\u00f8rste 15 kilometerne og syns det var mye av alt.\u00bb<\/i><\/p>\n<figure id=\"attachment_11213\" aria-describedby=\"caption-attachment-11213\" style=\"width: 500px\" class=\"wp-caption alignright\"><img loading=\"lazy\" decoding=\"async\" class=\"size-full wp-image-11213\" src=\"https:\/\/kondis.mittmagasin.online\/wp-content\/uploads\/2024\/09\/Sven-Kilander-felt-3902978222.jpg\" alt=\"\" width=\"500\" height=\"337\" srcset=\"https:\/\/kondis.mittmagasin.online\/wp-content\/uploads\/2024\/09\/Sven-Kilander-felt-3902978222.jpg 500w, https:\/\/kondis.mittmagasin.online\/wp-content\/uploads\/2024\/09\/Sven-Kilander-felt-3902978222-300x202.jpg 300w\" sizes=\"auto, (max-width: 500px) 100vw, 500px\" \/><figcaption id=\"caption-attachment-11213\" class=\"wp-caption-text\"><strong>Gjennom Paris:<\/strong> Artikkelforfatter Sven Kilander har funnet flyten i \u00abMarathon Pour Tous\u00bb. (Foto: privat)<\/figcaption><\/figure>\n<h3 class=\"p4\"><span class=\"s1\">Historisk l\u00f8ype<\/span><\/h3>\n<p class=\"p2\">I motsetning til mange av de flate og raske maratonl\u00f8pene, hvor det for mange mest handler om \u00e5 l\u00f8pe s\u00e5 fort som mulig, hadde de aller fleste deltakerne i Marathon Pour Tous som m\u00e5l \u00e5 nyte stemningen og \u00e5 oppleve den helt spesielle og historiske OL-l\u00f8ypen.<\/p>\n<p class=\"p5\">L\u00f8ypen var nemlig den samme som for eliten og en hyllest til kvinnenes marsj fra Paris til Ludvig XVI i Versailles i 1789. Kvinnene klarte ikke bare \u00e5 tvinge kongen tilbake til Paris hvor folk sultet, men fikk ham ogs\u00e5 til \u00e5 godkjenne Declaration of Rights of Man and Citizen, som stadfestet at alle mennesker er f\u00f8dt frie, skal fortsette \u00e5 v\u00e6re frie og ha like rettigheter. I l\u00f8pet deltok 50 prosent kvinner og 50 prosent menn.<\/p>\n<h3 class=\"p4\"><span class=\"s1\">Mange severdigheter\u00a0<\/span><\/h3>\n<p class=\"p2\">Starten ble akkompagnert av et lysshow foran H\u00f4tel de Ville som er det imponerende r\u00e5dhuset i Paris med Seinen og Notre-Dam et stenkast unna. S\u00e5 l\u00f8p deltakerne forbi b\u00f8rsen, rundet Op\u00e9ra Garnier som er verdens kanskje mest kjente operahus, f\u00f8r mosjonistene l\u00f8p igjennom fasjonable Place Vend\u00f4me med den h\u00f8ye bronses\u00f8ylen med Napoleon-statuen p\u00e5 toppen. Idet Louvre ble passert, var engasjementet blant det enorme publikummet \u00f8red\u00f8vende. S\u00e5 gikk turen vestover langs Seinen med den vakre Tuilerie-parken p\u00e5 h\u00f8yre h\u00e5nd.<\/p>\n<p class=\"p5\">Det var muligens enda flere publikummere (og engasjerte heiarop!) p\u00e5 Place de la Concorde under giljotineringen av Ludvig XVI, Marie Antoinette, Danton, Robespierre og 1300 andre \u00abfiender\u00bb av den franske revolusjonen for mer enn 300 \u00e5r siden. Men stemningen var god ogs\u00e5 denne l\u00f8rdagskvelden.<\/p>\n<p class=\"p5\">Videre gikk l\u00f8ypen forbi landemerker som Grand Palais med det enorme buede glasstaket, Trocad\u00e9ro-Parken hvor blant annet \u00e5pningsseremonien til OL ble arrangert, og det opplyste Eiffelt\u00e5rnet med OL-ringene p\u00e5 den andre siden av Seinen.<\/p>\n<h3 class=\"p4\"><span class=\"s1\">Kupert l\u00f8ype<\/span><\/h3>\n<p class=\"p2\">Idet l\u00f8perne krysset Seinen etter 14 km, startet en 6 km lang motbakke med opp mot 8 prosent stigning. Totalt m\u00e5tte l\u00f8perne forsere nesten 450 h\u00f8ydemeter, eller omtrent dobbelt mye som i New York Maraton. P\u00e5 veien opp mot Versailles halvveis ut i l\u00f8pet gikk l\u00f8ypa 2,5 kilometer gjennom For\u00eat domaniale des Fausses-Reposes som er en nasjonalskog hvor de store kastanje- og eiketr\u00e6rne n\u00e6rmest kapslet inn veien som i en tunell av gr\u00f8nne blader.<\/p>\n<p class=\"p5\">Da l\u00f8perne kom til den fasjonable forstaden Versailles, n\u00e5dde l\u00f8perne l\u00f8ypens h\u00f8yeste punkt 180 meter over havet (l\u00f8pet startet p\u00e5 ca. 45 moh). Rundt slottet Versailles, som er et av verdens mest bes\u00f8kte turistm\u00e5l og st\u00e5r oppf\u00f8rt p\u00e5 verdensarvlisten, var heiaropene \u00f8red\u00f8vende fra et folkehav som kanskje kan sammenlignes med tilstandene rundt Frognerseteren under 5-milen i Holmenkollen. Med slottet Versailles opplyst i bakgrunnen var dette en ekstatisk opplevelse for mange l\u00f8pere.<\/p>\n<p class=\"p5\">Sannsynligvis hadde de fleste deltakerne et h\u00f8yt nok endorfinniv\u00e5 idet de forlot slottsomr\u00e5det og igjen kunne se det opplyste Eiffelt\u00e5rnet i det fjerne.<\/p>\n<p class=\"p5\">Ogs\u00e5 Tim Bennett satte pris p\u00e5 heiingen rundt Versailles:<\/p>\n<p class=\"p5\"><i>\u00abEtter 21 km ble l\u00f8ypa lettere, og gjennom Versailles var den helt kanonkule bra. Fortsatt veldig mye folk, lyd og lys \u2013 og kanskje noen flere fulle franskmenn \u2026 Men alle jubla og holdt p\u00e5 alts\u00e5.\u00bb<\/i><\/p>\n<p class=\"p5\">Fem kilometer etter Versailles og idet deltakerne l\u00f8p inn i en ny vakker skog (For\u00eat domaniale de Meudon) begynte l\u00f8ypens bratteste motbakker. P\u00e5 en dr\u00f8y kilometer m\u00e5tte 76 h\u00f8ydemeter forseres, og p\u00e5 det bratteste er det 16 prosent stigning. Den siste bakken s\u00e5 nesten ut som en vegg fra avstand da det var m\u00f8rkt rundt, men selve l\u00f8ypen var rammet inn av lysb\u00f8yler med neonlys som l\u00f8perne m\u00e5tte l\u00f8pe igjennom.<\/p>\n<h3 class=\"p4\"><span class=\"s1\">Eiffelt\u00e5rnet i sikte<\/span><\/h3>\n<figure id=\"attachment_11215\" aria-describedby=\"caption-attachment-11215\" style=\"width: 500px\" class=\"wp-caption alignright\"><img loading=\"lazy\" decoding=\"async\" class=\"size-full wp-image-11215\" src=\"https:\/\/kondis.mittmagasin.online\/wp-content\/uploads\/2024\/09\/Malgang-3905654062.jpg\" alt=\"\" width=\"500\" height=\"581\" srcset=\"https:\/\/kondis.mittmagasin.online\/wp-content\/uploads\/2024\/09\/Malgang-3905654062.jpg 500w, https:\/\/kondis.mittmagasin.online\/wp-content\/uploads\/2024\/09\/Malgang-3905654062-258x300.jpg 258w\" sizes=\"auto, (max-width: 500px) 100vw, 500px\" \/><figcaption id=\"caption-attachment-11215\" class=\"wp-caption-text\"><strong>P\u00e5 bl\u00e5 l\u00f8per:<\/strong> Med et smil om munnen l\u00f8per Sven Kilander mot m\u00e5l p\u00e5 Esplanade des Invalides. (Foto: privat)<\/figcaption><\/figure>\n<p class=\"p2\">Fra toppen av bakken kunne deltakerne se Eiffelt\u00e5rnet igjen, og det var nok mange som lot seg lure og ga gass ned de sv\u00e6rt bratte bakkene mot Seinen. Med 16 prosent helning var det kanskje dette partiet som etter hvert viste seg \u00e5 ha tatt knekken p\u00e5 flest l\u00f8pere.<\/p>\n<p class=\"p5\">Kondispresidenten merket seg ogs\u00e5 de bratte bakkene:<\/p>\n<p class=\"p5\"><i>\u00abEtter 28 km kom monsterbakken med x antall grader stigning. Her gikk 90 prosent. Jeg jogga easy opp \u2013 de som ikke er glad i St. Hanshaugen, hadde satt gel og alt i halsen her. Og g\u00e5r det opp, m\u00e5 det g\u00e5 ned. De ca. 2 kilometerne nedover var stupbratte!\u00bb<\/i><\/p>\n<p class=\"p5\">De siste 10 kilometerne var p\u00e5 papiret sv\u00e6rt lettl\u00f8pte, hadde det ikke v\u00e6rt for at mange hadde most musklene ned de bratte bakkene. Sondre Norstad Moen mente at mange deltakere i mennenes maraton OL ble hjulpet av de moderne skoene til \u00e5 holde farten oppe de siste 10 kilometerne.<\/p>\n<p class=\"p5\">Men kanskje hadde synet av det opplyste Eiffelt\u00e5rnet som kom stadig n\u00e6rmere en minst like stor positiv effekt. Idet deltakerne l\u00f8p forbi Eiffelt\u00e5rnet, var det kun tre kilometer igjen til m\u00e5l p\u00e5 fantastiske Esplanade des Invalides, som er en park ved Seinen foran imponerende bygninger og monumenter knyttet til fransk milit\u00e6rhistorie. Her ble mosjonistene tatt imot p\u00e5 bl\u00e5 l\u00f8per som ordentlige OL-helter.<\/p>\n<h3 class=\"p4\"><span class=\"s1\">Ingen resultatliste<\/span><\/h3>\n<p class=\"p2\">L\u00f8psglede kan v\u00e6re s\u00e5 mangt: Det er morsomt \u00e5 v\u00e6re seri\u00f8s og f\u00e5 ut sitt potensial i flate, raske maratonl\u00f8yper. I Marathon Pour Tous finnes ingen resultatlister. For mange deltakere vil nok allikevel f\u00f8lelsen av tilh\u00f8righet, glede, nysgjerrighet og kj\u00e6rlighet til l\u00f8ping overg\u00e5 det meste de har opplevd i andre gatel\u00f8p. Selv om dette var f\u00f8rste gang mosjonister ble invitert til \u00e5 selv delta i OL, er det lov \u00e5 h\u00e5pe at det ikke var den siste.<\/p>\n<p class=\"p5\">Etter \u00e5 ha gjennomf\u00f8rt 89 maratonl\u00f8p konkluderer Tim med at dette var det aller heftigste:<\/p>\n<p class=\"p5\"><i>\u00abEtter ca. 35 km kom et siste lyd-\/lysshow i en tunnel. Her skrek jeg WOW h\u00f8yt! S\u00e5 utrolig kult var det gjennom der. Etter det var det bare superkult \u00e5 l\u00f8pe p\u00e5 lette bein. \u00c5 passere forbi Eiffelt\u00e5rnet 1000 prosent opplyst hjalp ogs\u00e5. Og m\u00e5lgangen \u2013 den var ogs\u00e5 helt ut av denne verden. Tiden er helt uinteressant \u2013 her var opplevelsen uansett viktigst. Helt klart det heftigste maratonl\u00f8pet ever.\u00bb<\/i><\/p>\n","protected":false},"excerpt":{"rendered":"<p>For f\u00f8rste gange i historien ble publikum invitert til selv \u00e5 delta i OL da Marathon Pour Tous (Maraton for alle) ble arrangert den 10. august. Hensikten med arrangementet var \u00e5 f\u00e5 st\u00f8rst mulig engasjement rundt OL gjennom \u00e5 invitere med hvermannsen til \u00e5 delta selv. <\/p>\n","protected":false},"author":8,"featured_media":11211,"comment_status":"closed","ping_status":"open","sticky":false,"template":"","format":"standard","meta":{"_acf_changed":false,"footnotes":""},"categories":[123,117],"tags":[],"post_flags":[],"class_list":["post-11209","post","type-post","status-publish","format-standard","has-post-thumbnail","hentry","category-kondis-6-2024","category-utgaver-2024"],"acf":[],"_links":{"self":[{"href":"https:\/\/kondis.mittmagasin.online\/index.php?rest_route=\/wp\/v2\/posts\/11209","targetHints":{"allow":["GET"]}}],"collection":[{"href":"https:\/\/kondis.mittmagasin.online\/index.php?rest_route=\/wp\/v2\/posts"}],"about":[{"href":"https:\/\/kondis.mittmagasin.online\/index.php?rest_route=\/wp\/v2\/types\/post"}],"author":[{"embeddable":true,"href":"https:\/\/kondis.mittmagasin.online\/index.php?rest_route=\/wp\/v2\/users\/8"}],"replies":[{"embeddable":true,"href":"https:\/\/kondis.mittmagasin.online\/index.php?rest_route=%2Fwp%2Fv2%2Fcomments&post=11209"}],"version-history":[{"count":4,"href":"https:\/\/kondis.mittmagasin.online\/index.php?rest_route=\/wp\/v2\/posts\/11209\/revisions"}],"predecessor-version":[{"id":11217,"href":"https:\/\/kondis.mittmagasin.online\/index.php?rest_route=\/wp\/v2\/posts\/11209\/revisions\/11217"}],"wp:featuredmedia":[{"embeddable":true,"href":"https:\/\/kondis.mittmagasin.online\/index.php?rest_route=\/wp\/v2\/media\/11211"}],"wp:attachment":[{"href":"https:\/\/kondis.mittmagasin.online\/index.php?rest_route=%2Fwp%2Fv2%2Fmedia&parent=11209"}],"wp:term":[{"taxonomy":"category","embeddable":true,"href":"https:\/\/kondis.mittmagasin.online\/index.php?rest_route=%2Fwp%2Fv2%2Fcategories&post=11209"},{"taxonomy":"post_tag","embeddable":true,"href":"https:\/\/kondis.mittmagasin.online\/index.php?rest_route=%2Fwp%2Fv2%2Ftags&post=11209"},{"taxonomy":"post_flag","embeddable":true,"href":"https:\/\/kondis.mittmagasin.online\/index.php?rest_route=%2Fwp%2Fv2%2Fpost_flags&post=11209"}],"curies":[{"name":"wp","href":"https:\/\/api.w.org\/{rel}","templated":true}]}}