{"id":10745,"date":"2024-06-18T08:15:58","date_gmt":"2024-06-18T08:15:58","guid":{"rendered":"https:\/\/kondis.mittmagasin.online\/?p=10745"},"modified":"2024-06-18T08:16:11","modified_gmt":"2024-06-18T08:16:11","slug":"underholdende-turbeskrivelser-av-anne-lindmo","status":"publish","type":"post","link":"https:\/\/kondis.mittmagasin.online\/?p=10745","title":{"rendered":"Underholdende turbeskrivelser av Anne Lindmo"},"content":{"rendered":"<figure id=\"attachment_10747\" aria-describedby=\"caption-attachment-10747\" style=\"width: 300px\" class=\"wp-caption alignright\"><img loading=\"lazy\" decoding=\"async\" class=\"wp-image-10747\" src=\"https:\/\/kondis.mittmagasin.online\/wp-content\/uploads\/2024\/06\/Anne-Lindmo-Min-tur-bok.jpg\" alt=\"\" width=\"300\" height=\"465\" srcset=\"https:\/\/kondis.mittmagasin.online\/wp-content\/uploads\/2024\/06\/Anne-Lindmo-Min-tur-bok.jpg 500w, https:\/\/kondis.mittmagasin.online\/wp-content\/uploads\/2024\/06\/Anne-Lindmo-Min-tur-bok-194x300.jpg 194w\" sizes=\"auto, (max-width: 300px) 100vw, 300px\" \/><figcaption id=\"caption-attachment-10747\" class=\"wp-caption-text\"><strong>Turglad:<\/strong> Anne Lindmo deler sin egen turglede med leserne i boka \u00abMin tur\u00bb.<\/figcaption><\/figure>\n<p class=\"p1\">Annes tur starter og slutter med en beskrivelse av familiens seter i Gudbrandsdalen der hun mener \u00e5 ha sine f\u00f8rste barndomsminner, og der dragningen mot fjellet kan ha oppst\u00e5tt. Setra, slekta og omgivelsene der blir beskrevet med patos og ikke s\u00e5 lite nostalgi. Selv vokste hun imidlertid opp p\u00e5 Toten der faren var prest, og hun var ikke interessert i friluftsliv f\u00f8r i godt voksen alder.<\/p>\n<h3 class=\"p3\"><span class=\"s1\">P\u00f8lser i skogkanten<\/span><\/h3>\n<p class=\"p1\">Skildringene av den travle tida med sm\u00e5barn og utflukter knapt innenfor skogkanten i n\u00e6romr\u00e5det med b\u00e5l og grilling av p\u00f8lser er gjenkjennbare for mange. Det er ogs\u00e5 de etter hvert lengre turene vinters tid med utstyr fra loppemarked og bakglatte ski. Turlivet i denne livsfasen er sosialt; b\u00e5de foreldre og unger f\u00e5r venner.<\/p>\n<h3 class=\"p3\"><span class=\"s1\">Sceneskifte i familien<\/span><\/h3>\n<p class=\"p1\">Ungene vokser til, f\u00e5r egne interesser, og et sceneskifte kommer. Verken guttungene eller Mannen ivrer lenger etter \u00e5 v\u00e6re med p\u00e5 tur, i hvert fall ikke g\u00e5tur i fjellet. Familien endrer seg, det blir mer egentid. De tilpasser seg, og det fungerer bra for dem. Kapitlet om par-terapi i Nordmarka er i s\u00e5 m\u00e5te r\u00f8rende.<\/p>\n<p class=\"p4\">Det er vel n\u00e5 Annes tur egentlig starter. Hun g\u00e5r alene, melder seg p\u00e5 gruppeturer og kurs og finner likesinnede turvenner. Turene blir lengre og mer krevende; hun liker \u00e5 slite og \u00e5 pr\u00f8ve nye aktiviteter. Det blir sk\u00f8yteturer, klatring, randonee og hundekj\u00f8ring, og hun liker spenningen. Hun blir kjent med DNT-hyttene og storkoser seg om kveldene med vin og hjemmelaget biffgryte uten d\u00e5rlig samvittighet.<\/p>\n<h3 class=\"p3\"><span class=\"s1\">Hovedpersonens tur<\/span><\/h3>\n<p class=\"p1\">Guttene og Mannen deltar av og til, men det er hun som er hovedpersonen i sin tur. Guttene omtales som den yngste og den eldste eller yngstemann og eldstemann. Heller ikke ektemannen presenteres med navn. Han er Mannen<span class=\"Apple-converted-space\">\u00a0 <\/span>med stor M. Turvennene f\u00e5r tildelt karakteristiske kallenavn som Sersjanten, Professoren, Klatrebj\u00f8rn, Legenden og Fjellrypa. Det er et virkemiddel som fungerer. Verken natur eller personer er avbildet, derimot er Lindmo en mester i \u00e5 beskrive stemninger og landskap slik som hun opplever det.\u00a0<\/p>\n<p class=\"p4\">Jeg har humret meg gjennom hovedpersonens bratte l\u00e6ringskurve innen fot- og skiturer som hun g\u00e5r igjennom i 40-\u00e5rsalderen, og jeg gir honn\u00f8r for den rollen hun inntar som influenser for kvinner i sin beste alder. Selv var jeg nok tidligere ute p\u00e5 slike turer; mye er likevel gjenkjennbart.<\/p>\n<p class=\"p4\">Oppmerksomheten min skjerpes imidlertid under sk\u00f8ytekapitlet. Som hovedpersonen er jeg frustrert over sn\u00f8fattige vintre p\u00e5 \u00d8stlandet, men muligheten for en sk\u00f8ytesesong har jeg ikke sett for meg. Det har virket b\u00e5de skummelt og litt fjernt for en som aldri har g\u00e5tt p\u00e5 sk\u00f8yter f\u00f8r, men jeg vil absolutt vurdere sk\u00f8ytetur til vinteren og f\u00f8lge med p\u00e5 DNTs kurstilbud.<\/p>\n<h3 class=\"p3\"><span class=\"s1\">Turopplevelser i randsonen<\/span><\/h3>\n<p class=\"p1\">Randonee og fjellklatring er popul\u00e6re uteaktiviteter, men kanskje ikke det en nybegynner gir seg i kast med, og slett ikke p\u00e5 egenh\u00e5nd. Det gjelder ogs\u00e5 for Lindmo. Hun er uerfaren, men har muligheter og nettverk og innr\u00f8mmer at hun er privilegert. Hun<span class=\"Apple-converted-space\">\u00a0 <\/span>beskriver hvordan hun overvinner sin egen tvil og redsel, og ikke minst beskriver hun den gode mestringsf\u00f8lelsen etterp\u00e5.<\/p>\n<p class=\"p4\">B\u00e5tutflukten som inkluderer randonee i Lyngsalpene er organisert av en liten reiselivsbedrift i Troms som paret Lindmo er medeiere i, men bedyrer at de ikke tjener en krone p\u00e5. Turen fremst\u00e5r mer som en fest enn noe annet og skildrer dekadent opplevelsesturisme. Det er en \u00e6rlig sak av Lindmo \u00e5 ta utflukten med i sine turbeskrivelser selv om den ikke fremst\u00e5r som flatterende. Paret selger seg imidlertid ut av bedriften.<\/p>\n<h3 class=\"p3\"><span class=\"s1\">Tur-TV til h\u00f8sten<\/span><\/h3>\n<p class=\"p1\">Fredagsunderholdningen \u00abLindmo\u00bb er avsluttet, men Anne Lindmo kommer med et nytt TV-program p\u00e5 NRK til h\u00f8sten. Det blir et \u00abfriluftsprogram\u00bb der hun vil ta samtalepartnerne med til skogs.<\/p>\n\n\n<hr class=\"wp-block-separator has-alpha-channel-opacity\"\/>\n\n\n<h2 class=\"p1\"><span class=\"s1\">Min tur<\/span><\/h2>\n<p class=\"p2\"><strong>Forfatter:<\/strong> Anne Lindmo<br \/><strong>Utgivelses\u00e5r:<\/strong> 2023<br \/><strong>Forlag:<\/strong> Vigmostad Bj\u00f8rke AS<br \/><strong>Pris:<\/strong> Innbundet 399 kr<\/p>","protected":false},"excerpt":{"rendered":"<p>Anne Lindmo, mest kjent fra underholdningsprogrammet \u00abLindmo\u00bb p\u00e5 NRK, har skrevet en selvbiografisk bok om \u00e5 s\u00f8ke utfordring og glede i naturen. I \u00abMin tur\u00bb tar hun oss med p\u00e5 sin personlige reise gjennom ulike livsfaser og erfaringer med alskens turaktiviteter.<\/p>\n","protected":false},"author":10,"featured_media":10746,"comment_status":"closed","ping_status":"closed","sticky":false,"template":"","format":"standard","meta":{"_acf_changed":false,"footnotes":""},"categories":[121,117],"tags":[],"post_flags":[],"class_list":["post-10745","post","type-post","status-publish","format-standard","has-post-thumbnail","hentry","category-kondis-5-2024","category-utgaver-2024"],"acf":[],"_links":{"self":[{"href":"https:\/\/kondis.mittmagasin.online\/index.php?rest_route=\/wp\/v2\/posts\/10745","targetHints":{"allow":["GET"]}}],"collection":[{"href":"https:\/\/kondis.mittmagasin.online\/index.php?rest_route=\/wp\/v2\/posts"}],"about":[{"href":"https:\/\/kondis.mittmagasin.online\/index.php?rest_route=\/wp\/v2\/types\/post"}],"author":[{"embeddable":true,"href":"https:\/\/kondis.mittmagasin.online\/index.php?rest_route=\/wp\/v2\/users\/10"}],"replies":[{"embeddable":true,"href":"https:\/\/kondis.mittmagasin.online\/index.php?rest_route=%2Fwp%2Fv2%2Fcomments&post=10745"}],"version-history":[{"count":2,"href":"https:\/\/kondis.mittmagasin.online\/index.php?rest_route=\/wp\/v2\/posts\/10745\/revisions"}],"predecessor-version":[{"id":10749,"href":"https:\/\/kondis.mittmagasin.online\/index.php?rest_route=\/wp\/v2\/posts\/10745\/revisions\/10749"}],"wp:featuredmedia":[{"embeddable":true,"href":"https:\/\/kondis.mittmagasin.online\/index.php?rest_route=\/wp\/v2\/media\/10746"}],"wp:attachment":[{"href":"https:\/\/kondis.mittmagasin.online\/index.php?rest_route=%2Fwp%2Fv2%2Fmedia&parent=10745"}],"wp:term":[{"taxonomy":"category","embeddable":true,"href":"https:\/\/kondis.mittmagasin.online\/index.php?rest_route=%2Fwp%2Fv2%2Fcategories&post=10745"},{"taxonomy":"post_tag","embeddable":true,"href":"https:\/\/kondis.mittmagasin.online\/index.php?rest_route=%2Fwp%2Fv2%2Ftags&post=10745"},{"taxonomy":"post_flag","embeddable":true,"href":"https:\/\/kondis.mittmagasin.online\/index.php?rest_route=%2Fwp%2Fv2%2Fpost_flags&post=10745"}],"curies":[{"name":"wp","href":"https:\/\/api.w.org\/{rel}","templated":true}]}}