{"id":10649,"date":"2024-06-17T20:03:52","date_gmt":"2024-06-17T20:03:52","guid":{"rendered":"https:\/\/kondis.mittmagasin.online\/?p=10649"},"modified":"2024-06-17T20:47:46","modified_gmt":"2024-06-17T20:47:46","slug":"stor-interesse-for-kondislopets-global-running-day","status":"publish","type":"post","link":"https:\/\/kondis.mittmagasin.online\/?p=10649","title":{"rendered":"Stor interesse for Kondisl\u00f8pets Global Running Day"},"content":{"rendered":"<p class=\"p1\">Kondisl\u00f8pets Global Running Day er et virtuelt l\u00f8p som kan l\u00f8pes hvor en vil. Det ble arrangert for f\u00f8rste gang den 5. juni i \u00e5r med deltakere fra store deler av landet. Det var gratis for Kondismedlemmer \u00e5 v\u00e6re med. Istedenfor \u00e5 betale startkontingent kunne deltakerne gi penger til stiftelsen ALS-Norge.<\/p>\n<p class=\"p2\">For to \u00e5r siden d\u00f8de Kondistrener Eva Hol\u00f8yen i Kondistreninga Trondheim av ALS. Kondis sitt fokus p\u00e5 ALS-saken er for \u00e5 bidra til mer forskning rundt sykdommen i h\u00e5p om at andre i framtida skal slippe \u00e5 lide samme skjebne som Eva.<\/p>\n<p class=\"p2\">De tre beste damene og herrene i Kondisl\u00f8pets Global Running Day fikk hver sin sportssekk fra Team Kondis sin profilbutikk. I tillegg ble det trukket 18 andre premier, hvorav fem par l\u00f8pesko.<\/p>\n<p class=\"p2\">Beste dame ble Trude Harstad p\u00e5 tida 19.59 med Sara Severinsson p\u00e5 andre og Marthe Svendsen Aune p\u00e5 tredjeplass.<\/p>\n<p class=\"p2\">Beste mann ble Sondre Garegg G\u00e5rdsmoen med tida 17.01. P\u00e5 andreplass kom Johan Fredrik Furuly, mens Kondistrener Kasper Brandt Slettebakken i Kondistreninga Rad\u00f8y LK kom p\u00e5 tredje<\/p>\n\n<h2 class=\"p1\">Her er en oversikt over alle de heldige vinnerne:<\/h2>\n\n\n<figure class=\"wp-block-image size-large\"><img loading=\"lazy\" decoding=\"async\" width=\"1024\" height=\"686\" src=\"https:\/\/kondis.mittmagasin.online\/wp-content\/uploads\/2024\/06\/vinnere-5-1024x686.jpg\" alt=\"\" class=\"wp-image-10654\" srcset=\"https:\/\/kondis.mittmagasin.online\/wp-content\/uploads\/2024\/06\/vinnere-5-1024x686.jpg 1024w, https:\/\/kondis.mittmagasin.online\/wp-content\/uploads\/2024\/06\/vinnere-5-300x201.jpg 300w, https:\/\/kondis.mittmagasin.online\/wp-content\/uploads\/2024\/06\/vinnere-5-768x515.jpg 768w, https:\/\/kondis.mittmagasin.online\/wp-content\/uploads\/2024\/06\/vinnere-5.jpg 1200w\" sizes=\"auto, (max-width: 1024px) 100vw, 1024px\" \/><\/figure>\n\n\n\n<figure class=\"wp-block-image size-large\"><img loading=\"lazy\" decoding=\"async\" width=\"1024\" height=\"398\" src=\"https:\/\/kondis.mittmagasin.online\/wp-content\/uploads\/2024\/06\/Kondistreninga-Trondheim-1024x398.jpg\" alt=\"\" class=\"wp-image-10653\" srcset=\"https:\/\/kondis.mittmagasin.online\/wp-content\/uploads\/2024\/06\/Kondistreninga-Trondheim-1024x398.jpg 1024w, https:\/\/kondis.mittmagasin.online\/wp-content\/uploads\/2024\/06\/Kondistreninga-Trondheim-300x117.jpg 300w, https:\/\/kondis.mittmagasin.online\/wp-content\/uploads\/2024\/06\/Kondistreninga-Trondheim-768x298.jpg 768w, https:\/\/kondis.mittmagasin.online\/wp-content\/uploads\/2024\/06\/Kondistreninga-Trondheim.jpg 1200w\" sizes=\"auto, (max-width: 1024px) 100vw, 1024px\" \/><figcaption class=\"wp-element-caption\"><strong>Kakesalg:<\/strong> Kondistreninga Trondheim hadde satt opp et eget telt for \u00e5 beskytte mot det utrygge v\u00e6ret p\u00e5 l\u00f8psdagen. Her hadde de ogs\u00e5 salg av kaker. De som forsynte seg, kunne selv bestemme hva de ville betale for kakene og sette betalingen direkte inn p\u00e5 en Spleis-konto som var opprettet for anledningen. Aldri f\u00f8r har vel noen betalt opp mot 400 kroner for et kakestykke. (Foto: Sol Haugen)<br><\/figcaption><\/figure>\n\n\n\n<figure class=\"wp-block-image size-large\"><img loading=\"lazy\" decoding=\"async\" width=\"942\" height=\"1024\" src=\"https:\/\/kondis.mittmagasin.online\/wp-content\/uploads\/2024\/06\/Kondistreningen-Bergen-942x1024.jpg\" alt=\"\" class=\"wp-image-10655\" srcset=\"https:\/\/kondis.mittmagasin.online\/wp-content\/uploads\/2024\/06\/Kondistreningen-Bergen-942x1024.jpg 942w, https:\/\/kondis.mittmagasin.online\/wp-content\/uploads\/2024\/06\/Kondistreningen-Bergen-276x300.jpg 276w, https:\/\/kondis.mittmagasin.online\/wp-content\/uploads\/2024\/06\/Kondistreningen-Bergen-768x835.jpg 768w, https:\/\/kondis.mittmagasin.online\/wp-content\/uploads\/2024\/06\/Kondistreningen-Bergen.jpg 1200w\" sizes=\"auto, (max-width: 942px) 100vw, 942px\" \/><figcaption class=\"wp-element-caption\"><strong>Godt tiltak: <\/strong>Deltakerne i Kondistreningen Bergen syntes Kondisl\u00f8pets Global Running Day var et sv\u00e6rt godt tiltak. Her med Kondistrener Nina Marie Holmefjord i front. (Foto: Nina Marie Holmefjord)<\/figcaption><\/figure>\n\n\n\n<div class=\"wp-block-cover\"><span aria-hidden=\"true\" class=\"wp-block-cover__background has-vivid-cyan-blue-background-color has-background-dim-90 has-background-dim\"><\/span><img loading=\"lazy\" decoding=\"async\" width=\"500\" height=\"347\" class=\"wp-block-cover__image-background wp-image-6922\" alt=\"\" src=\"https:\/\/kondis.mittmagasin.online\/wp-content\/uploads\/2023\/03\/Gavekort_PNG-1.jpg\" data-object-fit=\"cover\" srcset=\"https:\/\/kondis.mittmagasin.online\/wp-content\/uploads\/2023\/03\/Gavekort_PNG-1.jpg 500w, https:\/\/kondis.mittmagasin.online\/wp-content\/uploads\/2023\/03\/Gavekort_PNG-1-300x208.jpg 300w\" sizes=\"auto, (max-width: 500px) 100vw, 500px\" \/><div class=\"wp-block-cover__inner-container is-layout-flow wp-block-cover-is-layout-flow\">\n<h1 class=\"wp-block-heading has-text-align-center\"><strong>Verv og vinn<\/strong> <\/h1>\n\n\n\n<p class=\"p1\">M\u00e5nedens verver for april ble Arne Kalvik etter at han stod p\u00e5 stand for Kondis under Fjordkraft Bergen City Marathon og vervet 27 medlemmer.<\/p>\n<p class=\"p2\">I mai hadde vi flere som vervet over tre medlemmer og som dermed var med i konkurransen om gavekort p\u00e5 2000 kroner fra L\u00f6plabbet. De to som vervet flest april i mai er Sven Kilander og Stein Arne Neg\u00e5rd som begge har vervet 14 medlemmer alene. I tillegg har Stein Arne bidratt sammen med Rolf Bakken p\u00e5 flere saker p\u00e5 Kondis.no som har f\u00f8rt til at folk har meldt seg inn for \u00e5 lese sakene. Gavekortet g\u00e5r derfor til ham.<\/p>\n\n\n\n<h2 class=\"p1\"><span class=\"s1\"><b>M\u00e5nedens\u00a0<\/b><\/span><span class=\"s1\"><b>verver for april ble:\u00a0<br \/><\/b><\/span><span class=\"s3\"><b>Arne Kalvik\u00a0<\/b><\/span><span class=\"s1\"><b>med 27 medlemmer<\/b><\/span><\/h2>\n<h2 class=\"p1\"><span class=\"s1\"><b>M\u00e5nedens\u00a0<\/b><\/span><span class=\"s1\"><b>verver for mai ble:\u00a0<br \/><\/b><\/span><span class=\"s3\"><b>Stein Arne\u00a0<\/b><\/span><span class=\"s3\"><b>Neg\u00e5rd\u00a0<\/b><\/span><span class=\"s1\"><b>med 14\u00a0<\/b><\/span><span class=\"s1\"><b>medlemmer <\/b><\/span><\/h2>\n\n\n\n<p class=\"p1\"><img loading=\"lazy\" decoding=\"async\" class=\"alignright size-medium wp-image-6922\" src=\"https:\/\/kondis.mittmagasin.online\/wp-content\/uploads\/2023\/03\/Gavekort_PNG-1-300x208.jpg\" alt=\"\" width=\"300\" height=\"208\" srcset=\"https:\/\/kondis.mittmagasin.online\/wp-content\/uploads\/2023\/03\/Gavekort_PNG-1-300x208.jpg 300w, https:\/\/kondis.mittmagasin.online\/wp-content\/uploads\/2023\/03\/Gavekort_PNG-1.jpg 500w\" sizes=\"auto, (max-width: 300px) 100vw, 300px\" \/><strong>Gavekort:<\/strong> M\u00e5nedens verver f\u00e5r et gavekort p\u00e5 2000 kroner fra v\u00e5r samarbeidspartner L\u00f6plabbet. Husk at du som Kondismedlem f\u00e5r 15 prosent rabatt p\u00e5 alt du kj\u00f8per hos L\u00f6plabbet. Du kan derfor handle for 2353 kroner for dette gavekortet.<span class=\"Apple-converted-space\">\u00a0 <\/span>For \u00e5 kunne k\u00e5res som m\u00e5nedens verver, m\u00e5 du ha vervet minst tre medlemmer den m\u00e5neden.<\/p>\n<\/div><\/div>\n\n\n\n<hr class=\"wp-block-separator has-alpha-channel-opacity\"\/>\n\n\n<h2 class=\"p1\">Mange gode saker p\u00e5 Kondis.no<\/h2>\n<p class=\"p1\"><strong>P\u00e5 Kondis.no publiserer vi en rekke treningssaker og intervjuer forbeholdt dere medlemmer. Her m\u00e5 du logge inn med ditt medlemsnummer og postnummer for \u00e5 f\u00e5 lese. Nedenfor finner du et lite utvalg av de sakene vi har publisert. Du finner dem igjen ved \u00e5 g\u00e5 inn p\u00e5 menypunktet \u00abLes medlemssaker\u00bb i menyen \u00f8verst p\u00e5 Kondis.no<\/strong><\/p>\n\n\n<hr class=\"wp-block-separator has-alpha-channel-opacity\"\/>\n\n\n\n<div class=\"wp-block-media-text alignwide is-stacked-on-mobile is-image-fill\"><figure class=\"wp-block-media-text__media\" style=\"background-image:url(https:\/\/kondis.mittmagasin.online\/wp-content\/uploads\/2024\/06\/Bergen-voss.jpg);background-position:50% 50%\"><img loading=\"lazy\" decoding=\"async\" width=\"500\" height=\"374\" src=\"https:\/\/kondis.mittmagasin.online\/wp-content\/uploads\/2024\/06\/Bergen-voss.jpg\" alt=\"\" class=\"wp-image-10660 size-full\" srcset=\"https:\/\/kondis.mittmagasin.online\/wp-content\/uploads\/2024\/06\/Bergen-voss.jpg 500w, https:\/\/kondis.mittmagasin.online\/wp-content\/uploads\/2024\/06\/Bergen-voss-300x224.jpg 300w\" sizes=\"auto, (max-width: 500px) 100vw, 500px\" \/><\/figure><div class=\"wp-block-media-text__content\">\n<h2 class=\"wp-block-heading\"><strong><strong>Ny l\u00f8yperekord i sykkel-rittet Bergen \u2013 Voss<\/strong><\/strong><\/h2>\n\n\n\n<p>Det var seks menn fra pulje 1 som delte f\u00f8rsteplassen og den nye l\u00f8yperekorden. Puljen m\u00e5tte samarbeide tett for \u00e5 ikke bli overrumplet av planen til pulje 2, som de snappet opp dagene f\u00f8r. Se den fyldige dekningen fra arrangementet p\u00e5 Kondis.no. (Foto: Arne Dag Myking)<\/p>\n<\/div><\/div>\n\n\n\n<hr class=\"wp-block-separator has-alpha-channel-opacity\"\/>\n\n\n\n<div class=\"wp-block-media-text alignwide has-media-on-the-right is-stacked-on-mobile is-vertically-aligned-top\"><div class=\"wp-block-media-text__content\">\n<h2 class=\"wp-block-heading\"><strong>Kondis f\u00f8lger EM i friidrett:<\/strong> <strong>Ole Jakob Solbu elegant til<\/strong> <strong>finalen p\u00e5 800 meter\u00a0<\/strong><\/h2>\n\n\n\n<p>Etter det sterke l\u00f8pet sitt i Bislett Games var det Tobias Gr\u00f8nstad vi hadde st\u00f8rst forventninger til i EM. Men det var Ole Jakob Solbu som kom til finalen.&nbsp;<\/p>\n\n\n\n<p>Kondis har v\u00e6rt til stede i Roma med to medarbeidere og dekket mellom- og langdistanse i EM i friidrett for Kondis sine medlemmer.\u00a0(Foto: Bj\u00f8rn Johannessen)<\/p>\n<\/div><figure class=\"wp-block-media-text__media\"><img loading=\"lazy\" decoding=\"async\" width=\"500\" height=\"397\" src=\"https:\/\/kondis.mittmagasin.online\/wp-content\/uploads\/2024\/06\/EM.jpg\" alt=\"\" class=\"wp-image-10663 size-full\" srcset=\"https:\/\/kondis.mittmagasin.online\/wp-content\/uploads\/2024\/06\/EM.jpg 500w, https:\/\/kondis.mittmagasin.online\/wp-content\/uploads\/2024\/06\/EM-300x238.jpg 300w\" sizes=\"auto, (max-width: 500px) 100vw, 500px\" \/><\/figure><\/div>\n\n\n\n<hr class=\"wp-block-separator has-alpha-channel-opacity\"\/>\n\n\n\n<div class=\"wp-block-media-text alignwide is-stacked-on-mobile is-image-fill\" style=\"grid-template-columns:53% auto\"><figure class=\"wp-block-media-text__media\" style=\"background-image:url(https:\/\/kondis.mittmagasin.online\/wp-content\/uploads\/2024\/06\/Artic.jpg);background-position:50% 50%\"><img loading=\"lazy\" decoding=\"async\" width=\"500\" height=\"333\" src=\"https:\/\/kondis.mittmagasin.online\/wp-content\/uploads\/2024\/06\/Artic.jpg\" alt=\"\" class=\"wp-image-10664 size-full\" srcset=\"https:\/\/kondis.mittmagasin.online\/wp-content\/uploads\/2024\/06\/Artic.jpg 500w, https:\/\/kondis.mittmagasin.online\/wp-content\/uploads\/2024\/06\/Artic-300x200.jpg 300w\" sizes=\"auto, (max-width: 500px) 100vw, 500px\" \/><\/figure><div class=\"wp-block-media-text__content\">\n<h2 class=\"wp-block-heading\"><strong>The Arctic Run satte Vester\u00e5len p\u00e5 l\u00f8pskartet med 1000 l\u00f8pere<\/strong><\/h2>\n\n\n\n<p>Storsatsingen The Arctic Run gikk av stabelen l\u00f8rdag med rundt 1000 deltakere totalt p\u00e5 tre distanser. Andreas Gr\u00f8gaard og Anette Leistad var best av 200 p\u00e5 maraton. Elisabeth Stubberud og Geir Andre Rogn vant halvmaraton med 380 l\u00f8pere. Madel\u00e8ne Wanvik Holum og Johan Nordeng vant mila som hadde 386 p\u00e5 start. (Foto: Davis Jensen)<\/p>\n<\/div><\/div>\n\n\n\n<hr class=\"wp-block-separator has-alpha-channel-opacity\"\/>\n\n\n\n<div class=\"wp-block-media-text alignwide has-media-on-the-right is-stacked-on-mobile is-image-fill\" style=\"grid-template-columns:auto 52%\"><div class=\"wp-block-media-text__content\">\n<h2 class=\"wp-block-heading\"><strong>Stor bildeserie og video fra \u00c5lesund Maraton<\/strong><\/h2>\n\n\n\n<p>Det var god stemning under \u00c5lesund Maraton. Vi har samlet h\u00f8ydepunktene fra alle de fire distansene i en st\u00f8rre bildeserie i tillegg til video p\u00e5 Kondis-TV. Se p\u00e5 Kondis.no da Live Johannessen Solheimdal slo alle gutta p\u00e5 10-kilometer, og l\u00f8ypevaktene heiet p\u00e5 b\u00e5de for- og baktropp gjennom l\u00f8ypa. (Foto: Marianne R\u00f8hme)<\/p>\n<\/div><figure class=\"wp-block-media-text__media\" style=\"background-image:url(https:\/\/kondis.mittmagasin.online\/wp-content\/uploads\/2024\/06\/Alesund.jpg);background-position:49% 48%\"><img loading=\"lazy\" decoding=\"async\" width=\"500\" height=\"356\" src=\"https:\/\/kondis.mittmagasin.online\/wp-content\/uploads\/2024\/06\/Alesund.jpg\" alt=\"\" class=\"wp-image-10667 size-full\" srcset=\"https:\/\/kondis.mittmagasin.online\/wp-content\/uploads\/2024\/06\/Alesund.jpg 500w, https:\/\/kondis.mittmagasin.online\/wp-content\/uploads\/2024\/06\/Alesund-300x214.jpg 300w\" sizes=\"auto, (max-width: 500px) 100vw, 500px\" \/><\/figure><\/div>\n\n\n\n<hr class=\"wp-block-separator has-alpha-channel-opacity\"\/>\n\n\n\n<div class=\"wp-block-media-text alignwide is-stacked-on-mobile is-image-fill\" style=\"grid-template-columns:53% auto\"><figure class=\"wp-block-media-text__media\" style=\"background-image:url(https:\/\/kondis.mittmagasin.online\/wp-content\/uploads\/2024\/06\/Sol.jpg);background-position:50% 50%\"><img loading=\"lazy\" decoding=\"async\" width=\"500\" height=\"346\" src=\"https:\/\/kondis.mittmagasin.online\/wp-content\/uploads\/2024\/06\/Sol.jpg\" alt=\"\" class=\"wp-image-10671 size-full\" srcset=\"https:\/\/kondis.mittmagasin.online\/wp-content\/uploads\/2024\/06\/Sol.jpg 500w, https:\/\/kondis.mittmagasin.online\/wp-content\/uploads\/2024\/06\/Sol-300x208.jpg 300w\" sizes=\"auto, (max-width: 500px) 100vw, 500px\" \/><\/figure><div class=\"wp-block-media-text__content\">\n<h2 class=\"wp-block-heading\"><strong><strong>Kondistrener Sol Haugen anbefaler \u00e5 styrke beina med bakkeintervaller<\/strong><\/strong><\/h2>\n\n\n\n<p>\u2013 N\u00e5r du l\u00f8per intervaller i motbakke, f\u00e5r du styrket muskulaturen i beina samtidig som du trener opp kondisen, sier Kondistrener Sol Haugen i en video p\u00e5 Kondis-TV. Her r\u00f8per hun ogs\u00e5 innholdet i en bakke\u00f8kt hun er glad i. (Foto: Marianne R\u00f8hme)<\/p>\n<\/div><\/div>\n","protected":false},"excerpt":{"rendered":"<p>Det var 191 som meldte seg p\u00e5 Kondisl\u00f8pets Global Running Day, og hele seks Kondistreninger stilte opp med egne arrangement i forbindelse med l\u00f8pet. <\/p>\n","protected":false},"author":4,"featured_media":10651,"comment_status":"closed","ping_status":"closed","sticky":false,"template":"","format":"standard","meta":{"_acf_changed":false,"footnotes":""},"categories":[121,117],"tags":[],"post_flags":[],"class_list":["post-10649","post","type-post","status-publish","format-standard","has-post-thumbnail","hentry","category-kondis-5-2024","category-utgaver-2024"],"acf":[],"_links":{"self":[{"href":"https:\/\/kondis.mittmagasin.online\/index.php?rest_route=\/wp\/v2\/posts\/10649","targetHints":{"allow":["GET"]}}],"collection":[{"href":"https:\/\/kondis.mittmagasin.online\/index.php?rest_route=\/wp\/v2\/posts"}],"about":[{"href":"https:\/\/kondis.mittmagasin.online\/index.php?rest_route=\/wp\/v2\/types\/post"}],"author":[{"embeddable":true,"href":"https:\/\/kondis.mittmagasin.online\/index.php?rest_route=\/wp\/v2\/users\/4"}],"replies":[{"embeddable":true,"href":"https:\/\/kondis.mittmagasin.online\/index.php?rest_route=%2Fwp%2Fv2%2Fcomments&post=10649"}],"version-history":[{"count":9,"href":"https:\/\/kondis.mittmagasin.online\/index.php?rest_route=\/wp\/v2\/posts\/10649\/revisions"}],"predecessor-version":[{"id":10674,"href":"https:\/\/kondis.mittmagasin.online\/index.php?rest_route=\/wp\/v2\/posts\/10649\/revisions\/10674"}],"wp:featuredmedia":[{"embeddable":true,"href":"https:\/\/kondis.mittmagasin.online\/index.php?rest_route=\/wp\/v2\/media\/10651"}],"wp:attachment":[{"href":"https:\/\/kondis.mittmagasin.online\/index.php?rest_route=%2Fwp%2Fv2%2Fmedia&parent=10649"}],"wp:term":[{"taxonomy":"category","embeddable":true,"href":"https:\/\/kondis.mittmagasin.online\/index.php?rest_route=%2Fwp%2Fv2%2Fcategories&post=10649"},{"taxonomy":"post_tag","embeddable":true,"href":"https:\/\/kondis.mittmagasin.online\/index.php?rest_route=%2Fwp%2Fv2%2Ftags&post=10649"},{"taxonomy":"post_flag","embeddable":true,"href":"https:\/\/kondis.mittmagasin.online\/index.php?rest_route=%2Fwp%2Fv2%2Fpost_flags&post=10649"}],"curies":[{"name":"wp","href":"https:\/\/api.w.org\/{rel}","templated":true}]}}