{"id":10551,"date":"2024-06-17T11:55:03","date_gmt":"2024-06-17T11:55:03","guid":{"rendered":"https:\/\/kondis.mittmagasin.online\/?p=10551"},"modified":"2024-06-19T07:16:49","modified_gmt":"2024-06-19T07:16:49","slug":"lopsfesten-samlet-naermere-12-000-lopsglade","status":"publish","type":"post","link":"https:\/\/kondis.mittmagasin.online\/?p=10551","title":{"rendered":"L\u00f8psfesten samlet n\u00e6rmere 12\u00a0000 l\u00f8psglade"},"content":{"rendered":"<p class=\"p1\">Det er vel egentlig bare nasjonaldagen som kan konkurrere om \u00e5 f\u00e5 folk ut i gatene i et slikt omfang som det vi s\u00e5 under Bergen City Marathon. Start- og m\u00e5lomr\u00e5det p\u00e5 Bryggen var fylt helt opp f\u00f8r start, og treningskl\u00e6rne tilsvarte bunaden p\u00e5 17. mai.<\/p>\n<p class=\"p3\">For hvis du kan gj\u00f8re noe sammen med andre i en ramme av god stemning og heiarop, s\u00e5 blir det nok mye mer attraktivt. Og n\u00e5r du til og med kan utfordre deg selv i en l\u00f8ype som er b\u00e5de variert og spennende, s\u00e5 n\u00e6rmer vi nok oss en forklaring p\u00e5 at dette l\u00f8psarrangementet midt i Bergen sentrum er s\u00e5 popul\u00e6rt. Det er en slags fest, en l\u00f8psfest.<\/p>\n<p class=\"p3\">Det fine v\u00e6ret gjorde det enkelt \u00e5 v\u00e6re ute i gatene hele dagen, enten man l\u00f8p eller var tilskuer. L\u00f8psforholdene var nok n\u00e6r perfekte.<\/p>\n<figure id=\"attachment_10555\" aria-describedby=\"caption-attachment-10555\" style=\"width: 500px\" class=\"wp-caption alignright\"><img loading=\"lazy\" decoding=\"async\" class=\"size-full wp-image-10555\" src=\"https:\/\/kondis.mittmagasin.online\/wp-content\/uploads\/2024\/06\/Ankomst_Bryggen_1U9A0068.jpg\" alt=\"\" width=\"500\" height=\"372\" srcset=\"https:\/\/kondis.mittmagasin.online\/wp-content\/uploads\/2024\/06\/Ankomst_Bryggen_1U9A0068.jpg 500w, https:\/\/kondis.mittmagasin.online\/wp-content\/uploads\/2024\/06\/Ankomst_Bryggen_1U9A0068-300x223.jpg 300w\" sizes=\"auto, (max-width: 500px) 100vw, 500px\" \/><figcaption id=\"caption-attachment-10555\" class=\"wp-caption-text\"><strong>Bryggen:<\/strong> Alle l\u00f8ypene ender opp med m\u00e5lgang p\u00e5 Bryggen, s\u00e5 n\u00e5r l\u00f8perne kommer til de karakteristiske husene s\u00e5 vet de at beina snart kan f\u00e5 hvile. (Foto: Arne Dag Myking)<\/figcaption><\/figure>\n<h3 class=\"p5\"><span class=\"s1\">Fulltegnet l\u00f8p<\/span><\/h3>\n<p class=\"p2\">Alle distansene var fulltegnet, alts\u00e5 var det s\u00e5 mange folk i l\u00f8ypen som arrang\u00f8rene mente det maksimalt var plass til. N\u00e5r vi skal oppsummere antallet deltagere, s\u00e5 m\u00e5 vi finne det i resultatlistene, ikke startlistene, og vi tar her utgangspunkt i deltakere som st\u00e5r oppf\u00f8rt med en tid i resultatlisten.<\/p>\n<p class=\"p3\">Den viser at 661 personer fullf\u00f8rte maraton, 5410 halvmaraton og 931 l\u00f8p 5 km. I tillegg var det 408 stafettlag, og n\u00e5r man tar hensyn til at stafettl\u00f8ypen hadde 10 etapper s\u00e5 var det alts\u00e5 4080 stafettl\u00f8pere.<\/p>\n<p class=\"p3\">Resultatlistene viser ogs\u00e5 mange som ikke har f\u00e5tt en tid, alts\u00e5 har de ikke stilt til start, eller de har brutt. Rundt 1500 p\u00e5meldte havnet i denne kategorien.<\/p>\n<p class=\"p3\">I tillegg til disse distansene s\u00e5 var det ogs\u00e5 et 2 km langt barnel\u00f8p, og her var rundt 758 jenter og gutter som l\u00f8p fra Nordnesparken til Bryggen, alts\u00e5 siste del av samme tras\u00e9 som de andre l\u00f8p p\u00e5 de lengre distansene.<\/p>\n<p class=\"p3\">N\u00e5 var det kanskje noen som m\u00e5tte ta to etapper for laget sitt i stafetten, men samlet sett for hele Bergen City Marathon betyr det at rundt 11\u00a0850 store og sm\u00e5 l\u00f8pere var i sving i Bergens gater denne dagen.<\/p>\n<figure id=\"attachment_10557\" aria-describedby=\"caption-attachment-10557\" style=\"width: 500px\" class=\"wp-caption alignright\"><img loading=\"lazy\" decoding=\"async\" class=\"size-full wp-image-10557\" src=\"https:\/\/kondis.mittmagasin.online\/wp-content\/uploads\/2024\/06\/Celine-og-Sofia-Nordvang-Flolid_1U9A0054.jpg\" alt=\"\" width=\"500\" height=\"454\" srcset=\"https:\/\/kondis.mittmagasin.online\/wp-content\/uploads\/2024\/06\/Celine-og-Sofia-Nordvang-Flolid_1U9A0054.jpg 500w, https:\/\/kondis.mittmagasin.online\/wp-content\/uploads\/2024\/06\/Celine-og-Sofia-Nordvang-Flolid_1U9A0054-300x272.jpg 300w\" sizes=\"auto, (max-width: 500px) 100vw, 500px\" \/><figcaption id=\"caption-attachment-10557\" class=\"wp-caption-text\"><strong>Samhold:<\/strong> S\u00f8strene Celine og Sofia hadde hverandre da de gikk i m\u00e5l etter \u00e5 ha l\u00f8pt 5 km. I m\u00e5l ventet pappa p\u00e5 dem. (Foto: Arne Dag Myking)\u00a0<\/figcaption><\/figure>\n<h3 class=\"p5\"><span class=\"s1\">Variert l\u00f8ype<\/span><\/h3>\n<p class=\"p2\">L\u00f8ypen i Bergen City Marathon regnes for \u00e5 v\u00e6re kupert. L\u00f8perne skal bevege seg fra Bryggen til Fjellveien, men dette oppleves gjerne ikke som en spesielt bratt stigning siden det g\u00e5r jevnt oppover.<\/p>\n<p class=\"p3\">Men l\u00f8ypen som brukes for hel- og halvmaraton er i hvert fall variert, og den g\u00e5r gjennom mange av de fineste og eldste bydelene i Bergen, noe som gj\u00f8r deltakelsen i Bergen City Marathon til en sightseeing av ypperste merke. Start- og m\u00e5lomr\u00e5det er ikonisk: Bryggen i Bergen befinner seg p\u00e5 UNESCOs verdensarvliste og er en av de mest bes\u00f8kte turistattraksjonene i Norge.<\/p>\n<p class=\"p3\">Fra Bryggen g\u00e5r l\u00f8ypen utover i Sandviken, og l\u00f8perne f\u00e5r en kjapp sving innom det idylliske friluftsmuseet Gamle Bergen f\u00f8r de passerer Sandviken Sykehus. Deretter f\u00e5r de oppleve vakre Fjellveien, med utsikt ned til bysentrumet som de kommer fra og er p\u00e5 vei til.<\/p>\n<figure id=\"attachment_10559\" aria-describedby=\"caption-attachment-10559\" style=\"width: 500px\" class=\"wp-caption alignright\"><img loading=\"lazy\" decoding=\"async\" class=\"size-full wp-image-10559\" src=\"https:\/\/kondis.mittmagasin.online\/wp-content\/uploads\/2024\/06\/Emil-Sigdestad-Eikenes_1U9A0085.jpg\" alt=\"\" width=\"500\" height=\"408\" srcset=\"https:\/\/kondis.mittmagasin.online\/wp-content\/uploads\/2024\/06\/Emil-Sigdestad-Eikenes_1U9A0085.jpg 500w, https:\/\/kondis.mittmagasin.online\/wp-content\/uploads\/2024\/06\/Emil-Sigdestad-Eikenes_1U9A0085-300x245.jpg 300w\" sizes=\"auto, (max-width: 500px) 100vw, 500px\" \/><figcaption id=\"caption-attachment-10559\" class=\"wp-caption-text\"><strong>Fint driv:<\/strong> Emil var en av de mange som deltok i barnel\u00f8pet p\u00e5 2 km. Her hadde nok mange av deltakerne foreldrene i n\u00e6rheten under l\u00f8pet. (Foto: Arne Dag Myking)\u00a0<\/figcaption><\/figure>\n<p class=\"p3\">Siste halvdel av l\u00f8ypen g\u00e5r p\u00e5 den nye gangstien langs Store Lungeg\u00e5rdsvann og derfra videre bort til Marineholmen, som er en ganske ny bydel, f\u00f8r man l\u00f8per langs Nyg\u00e5rdsparken, som har ligget der i 139 \u00e5r. Deretter l\u00f8pes det gjennom gatene p\u00e5 M\u00f8hlenpris f\u00f8r man kommer til enda en tradisjonell og sjarmerende bydel: Nordnes med Nordnesparken. Deretter b\u00e6rer det tilbake til sentrum og Torget f\u00f8r man er klar for m\u00e5l, eller en ny runde, p\u00e5 Bryggen.<\/p>\n<h3 class=\"p5\"><span class=\"s1\">Internasjonal deltagelse<\/span><\/h3>\n<p class=\"p2\">De store bymaratonene ute i verden trekker til seg tilreisende fra mange ulike land og har en veldig internasjonal deltagelse. Bergen City Maraton har ogs\u00e5 mange utenlandske l\u00f8pere, og mange av disse er folk som kommer for \u00e5 l\u00f8pe. L\u00f8pet begynner derfor \u00e5 f\u00e5 en internasjonal profil i deltakelsen.<\/p>\n<p class=\"p3\">P\u00e5 \u00e5rets startliste er det l\u00f8pere fra 64 ulike nasjoner, de fleste europeiske, men ogs\u00e5 en del fra andre verdensdeler. En del av disse bor nok i byen, det ser vi ut ifra klubbtilh\u00f8righet, men mange er alts\u00e5 tilreisende for \u00e5 l\u00f8pe Bergen City Marathon.<\/p>\n<figure id=\"attachment_10560\" aria-describedby=\"caption-attachment-10560\" style=\"width: 500px\" class=\"wp-caption alignright\"><img loading=\"lazy\" decoding=\"async\" class=\"size-full wp-image-10560\" src=\"https:\/\/kondis.mittmagasin.online\/wp-content\/uploads\/2024\/06\/Sol-over-Bryggen_1U9A8843.jpg\" alt=\"\" width=\"500\" height=\"388\" srcset=\"https:\/\/kondis.mittmagasin.online\/wp-content\/uploads\/2024\/06\/Sol-over-Bryggen_1U9A8843.jpg 500w, https:\/\/kondis.mittmagasin.online\/wp-content\/uploads\/2024\/06\/Sol-over-Bryggen_1U9A8843-300x233.jpg 300w\" sizes=\"auto, (max-width: 500px) 100vw, 500px\" \/><figcaption id=\"caption-attachment-10560\" class=\"wp-caption-text\"><strong>En godv\u00e6rsdag:<\/strong> Det passet veldig godt med sol og oppholdsv\u00e6r p\u00e5 l\u00f8psdagen. (Foto: Arne Dag Myking)\u00a0<\/figcaption><\/figure>\n<h3 class=\"p5\"><span class=\"s1\">Mange barn fikk pr\u00f8ve seg<\/span><\/h3>\n<p class=\"p2\">Bergen City Marathon lot ogs\u00e5 barna f\u00e5 pr\u00f8ve seg p\u00e5 gatel\u00f8p og gav dem en smak av hvordan det er \u00e5 l\u00f8pe i en avsperret tras\u00e9 der det st\u00e5r folk og heier p\u00e5 dem. P\u00e5 l\u00f8psprogrammet var det et eget 2 km langt barnel\u00f8p der l\u00f8ypen var den samme som siste del av hel- og halvmaratonl\u00f8ypen. Det var nok en kjekk opplevelse for de minste l\u00f8perne \u00e5 f\u00e5 l\u00f8pe med startnummer p\u00e5 brystet og bli heiet frem og. Her legges forh\u00e5pentligvis grunnlaget for masse idrettsglede i de kommende generasjoner.<\/p>\n<p class=\"p3\">Det var selvsagt mulig \u00e5 f\u00e5 ha med en voksen, s\u00e5 antallet deltakere i hele arrangementet kan nok plusses p\u00e5 noen her.<\/p>\n<p class=\"p3\">En del barn og ungdommer deltok i 5-km-l\u00f8ypen.<\/p>\n<h2 class=\"p1\">L\u00f8pere i Bergen City Marathon\u00a0fordelt p\u00e5 nasjonalitet<\/h2>\n\n\n<figure class=\"wp-block-image size-full is-resized\"><img loading=\"lazy\" decoding=\"async\" width=\"800\" height=\"825\" src=\"https:\/\/kondis.mittmagasin.online\/wp-content\/uploads\/2024\/06\/tabell-bergen-mrt.jpg\" alt=\"\" class=\"wp-image-10562\" style=\"width:840px;height:auto\" srcset=\"https:\/\/kondis.mittmagasin.online\/wp-content\/uploads\/2024\/06\/tabell-bergen-mrt.jpg 800w, https:\/\/kondis.mittmagasin.online\/wp-content\/uploads\/2024\/06\/tabell-bergen-mrt-291x300.jpg 291w, https:\/\/kondis.mittmagasin.online\/wp-content\/uploads\/2024\/06\/tabell-bergen-mrt-768x792.jpg 768w\" sizes=\"auto, (max-width: 800px) 100vw, 800px\" \/><\/figure>\n\n\n\n<hr class=\"wp-block-separator has-alpha-channel-opacity\"\/>\n\n\n<h2 class=\"p1\">Noen tilfeldige l\u00f8pere forteller om l\u00f8pet<\/h2>\n<p class=\"p1\"><strong>Kondis spurte noen tilfeldig utvalgte deltakere som vi traff p\u00e5 i m\u00e5lomr\u00e5det om hvordan l\u00f8pet deres hadde v\u00e6rt.<\/strong><\/p>\n<figure id=\"attachment_10564\" aria-describedby=\"caption-attachment-10564\" style=\"width: 300px\" class=\"wp-caption alignright\"><img loading=\"lazy\" decoding=\"async\" class=\"size-medium wp-image-10564\" src=\"https:\/\/kondis.mittmagasin.online\/wp-content\/uploads\/2024\/06\/Mikael-Eriksson_1U9A9922-300x280.jpg\" alt=\"\" width=\"300\" height=\"280\" srcset=\"https:\/\/kondis.mittmagasin.online\/wp-content\/uploads\/2024\/06\/Mikael-Eriksson_1U9A9922-300x280.jpg 300w, https:\/\/kondis.mittmagasin.online\/wp-content\/uploads\/2024\/06\/Mikael-Eriksson_1U9A9922.jpg 500w\" sizes=\"auto, (max-width: 300px) 100vw, 300px\" \/><figcaption id=\"caption-attachment-10564\" class=\"wp-caption-text\"><strong>Langveisfarende:<\/strong> Mikael Eriksson er fra Malm\u00f6 i Sverige, og han hadde reist til Bergen for \u00e5 oppleve byen og for \u00e5 l\u00f8pe Bergen City Marathon. (Foto: Arne Dag Myking)\u00a0<\/figcaption><\/figure>\n<h3 class=\"p1\"><span class=\"s1\">Mikael Eriksson, Malm\u00f6 Gerillal\u00f6pare<\/span><\/h3>\n<p class=\"p2\">Mikael Eriksson er fra Sverige. Han har nettopp gjennomf\u00f8rt en full maraton, og han er godt forn\u00f8yd:<\/p>\n<p class=\"p2\">\u2013 L\u00f8pet gikk bra. De siste kilometerne var tunge, men det ble ny personlig rekord.<\/p>\n<p class=\"p2\"><i>Hva synes du om l\u00f8ypen?<\/i><\/p>\n<p class=\"p2\">\u2013 Jeg synes l\u00f8ypen var veldig kupert \u2013 det var uvant. Jeg kommer fra Malm\u00f8, og der er det helt flatt, sier Mikael.<\/p>\n<p class=\"p2\">Mikael Eriksson kan fortelle at det er litt tilfeldig at han deltar her:<\/p>\n<p class=\"p2\">\u2013 Jeg hadde lyst til \u00e5 reise til Bergen, jeg har aldri v\u00e6rt her f\u00f8r. Da oppdaget jeg at de hadde en maraton her, s\u00e5 da meldte jeg meg p\u00e5.<\/p>\n<p class=\"p2\">\u2013 Jeg har trent ganske mye, men ikke til akkurat denne distansen, forteller Mikael.<\/p>\n<p class=\"p2\">\u2013 N\u00e5 har jeg planer om \u00e5 l\u00f8pe G\u00f6teborgsvarvet, halvmaraton, avslutter Mikael Eriksson, som legger til at han l\u00f8per for Malm\u00f6 Gerillal\u00f6pare.<\/p>\n<h3 class=\"p1\"><span class=\"s1\">Ingrid Dahle og Mathea Walskaar<\/span><\/h3>\n<figure id=\"attachment_10565\" aria-describedby=\"caption-attachment-10565\" style=\"width: 300px\" class=\"wp-caption alignright\"><img loading=\"lazy\" decoding=\"async\" class=\"size-medium wp-image-10565\" src=\"https:\/\/kondis.mittmagasin.online\/wp-content\/uploads\/2024\/06\/Ingrid-Dahle_Mathea-Walskaar_1U9A9952-300x260.jpg\" alt=\"\" width=\"300\" height=\"260\" srcset=\"https:\/\/kondis.mittmagasin.online\/wp-content\/uploads\/2024\/06\/Ingrid-Dahle_Mathea-Walskaar_1U9A9952-300x260.jpg 300w, https:\/\/kondis.mittmagasin.online\/wp-content\/uploads\/2024\/06\/Ingrid-Dahle_Mathea-Walskaar_1U9A9952.jpg 500w\" sizes=\"auto, (max-width: 300px) 100vw, 300px\" \/><figcaption id=\"caption-attachment-10565\" class=\"wp-caption-text\"><strong>Debutanter:<\/strong> Ingrid Dahle og Mathea Walskaar l\u00f8p halvmaraton for f\u00f8rste gang. Det gikk overraskende greit syntes de begge. (Foto: Arne Dag Myking)\u00a0<\/figcaption><\/figure>\n<p class=\"p2\">I m\u00e5lomr\u00e5det treffer vi p\u00e5 Ingrid Dahle og Mathea Walskaar, som begge er entusiastiske og tydelig fulle av endorfiner etter at de begge har klart \u00e5 fullf\u00f8re sin f\u00f8rste halvmaraton.<\/p>\n<p class=\"p3\">Av resultatlistene ser vi at Ingrid kommer fra Oslo og Mathea kommer fra Kvinesdal. Vi spurte Ingrid Dahle hvordan dette gikk:<\/p>\n<p class=\"p3\">\u2013 L\u00f8pet gikk veldig bra. Jeg ble veldig overrasket, for jeg har ikke l\u00f8pt mer enn 15 kilometer f\u00f8r. Dette var min debut p\u00e5 halvmaraton. Planen var \u00e5 komme inn p\u00e5 rundt 2 timer, jeg l\u00f8p inn p\u00e5 1.55, forteller Ingrid Dahle.<\/p>\n<p class=\"p3\">Ogs\u00e5 Mathea Walskaar gjorde sin debut p\u00e5 halvmaraton:\u00a0<\/p>\n<p class=\"p3\">\u2013 Jeg har bare gjort fjell\u00f8p f\u00f8r, og det er jo ikke det samme.<span class=\"Apple-converted-space\">\u00a0 <\/span>Men her var det jo veldig mange folk. Og man lurte jo p\u00e5 hvilket tempo man skulle legge seg p\u00e5, og hvor langt det egentlig var. Jeg har aldri l\u00f8pt l\u00f8ypen f\u00f8r, sier Mathea Walskaar.<\/p>\n<p class=\"p3\">\u2013 Men det gikk over all forventning, smiler Mathea.\u00a0<\/p>\n<p class=\"p3\">\u2013 Ingen knekk, folk stod jo og heiet hele veien. Og det gikk overraskende fort, plutselig var man i sentrum, og s\u00e5 var det bare siste biten inn til m\u00e5l. Dette var veldig artig, smiler Mathea Walskaar.<\/p>\n<p class=\"p3\">\u2013 Vi klarte \u00e5 holde flyten. Men vi merket jo p\u00e5 folk at det gikk seigt i motbakkene, og n\u00e5r man s\u00e5 kom nedover, s\u00e5 spurtet folk.<\/p>\n<h3 class=\"p1\"><span class=\"s1\">Morten Berntsen og Nathalie Berntsen<\/span><\/h3>\n<figure id=\"attachment_10566\" aria-describedby=\"caption-attachment-10566\" style=\"width: 300px\" class=\"wp-caption alignright\"><img loading=\"lazy\" decoding=\"async\" class=\"size-medium wp-image-10566\" src=\"https:\/\/kondis.mittmagasin.online\/wp-content\/uploads\/2024\/06\/Morten-Berntsen-og-Nathalie-Berntsen_1U9A9948-300x272.jpg\" alt=\"\" width=\"300\" height=\"272\" srcset=\"https:\/\/kondis.mittmagasin.online\/wp-content\/uploads\/2024\/06\/Morten-Berntsen-og-Nathalie-Berntsen_1U9A9948-300x272.jpg 300w, https:\/\/kondis.mittmagasin.online\/wp-content\/uploads\/2024\/06\/Morten-Berntsen-og-Nathalie-Berntsen_1U9A9948.jpg 500w\" sizes=\"auto, (max-width: 300px) 100vw, 300px\" \/><figcaption id=\"caption-attachment-10566\" class=\"wp-caption-text\"><strong>Sprek duo:<\/strong> B\u00e5de Morten Berntsen og Nathalie Berntsen syntes l\u00f8pet gikk over all forventning. De l\u00f8p begge halvmaraton. (Foto: Arne Dag Myking)\u00a0<\/figcaption><\/figure>\n<p class=\"p2\">Nathalie Berntsen var godt forn\u00f8yd med dagen i l\u00f8ypen:<\/p>\n<p class=\"p3\">\u2013 L\u00f8pet mitt gikk over all forventning. Jeg hadde som m\u00e5l om \u00e5 l\u00f8pe halvmaraton under 2.09, og jeg l\u00f8p p\u00e5 2.04, sier Nathalie.<\/p>\n<p class=\"p3\">Hun forteller at hun trener cirka fire ganger i uken.<\/p>\n<p class=\"p3\">\u2013 Bergen City Marathon betyr mye for motivasjonen, men jeg har alltid l\u00f8pt, helt siden jeg var 13 \u00e5r.<\/p>\n<p class=\"p3\">Morten Berntsen kan ogs\u00e5 fortelle at han er veldig forn\u00f8yd:<\/p>\n<p class=\"p3\">\u2013 Det er f\u00f8rste gangen jeg er med. Jeg kom i m\u00e5l p\u00e5 1.39, sier Morten.<\/p>\n<p class=\"p3\">Han tror at han neppe hadde trent noe l\u00f8ping hvis det ikke var for Bergen City Marathon. Men han har ikke noen klare planer for flere l\u00f8p i \u00e5r:<\/p>\n<p class=\"p3\">\u2013 Ikke forel\u00f8pig, det m\u00e5 bli Bergen City Marathon til neste \u00e5r, sier Morten Berntsen.<\/p>\n<h3 class=\"p1\"><span class=\"s1\">Bergen Malayali Association<\/span><\/h3>\n<figure id=\"attachment_10567\" aria-describedby=\"caption-attachment-10567\" style=\"width: 300px\" class=\"wp-caption alignright\"><img loading=\"lazy\" decoding=\"async\" class=\"size-medium wp-image-10567\" src=\"https:\/\/kondis.mittmagasin.online\/wp-content\/uploads\/2024\/06\/Bergen-Malayali-Association_1U9A9934-300x209.jpg\" alt=\"\" width=\"300\" height=\"209\" srcset=\"https:\/\/kondis.mittmagasin.online\/wp-content\/uploads\/2024\/06\/Bergen-Malayali-Association_1U9A9934-300x209.jpg 300w, https:\/\/kondis.mittmagasin.online\/wp-content\/uploads\/2024\/06\/Bergen-Malayali-Association_1U9A9934.jpg 500w\" sizes=\"auto, (max-width: 300px) 100vw, 300px\" \/><figcaption id=\"caption-attachment-10567\" class=\"wp-caption-text\"><strong>Stafettlag:<\/strong> Bergen Malayali Association stilte med eget lag til stafetten i Bergen City Marathon. Da m\u00e5 man selvsagt ha et lagbilde. (Foto: Arne Dag Myking)\u00a0<\/figcaption><\/figure>\n<p class=\"p2\">Foran en av selfieveggene treffer vi en gjeng som stiller opp til et lagbilde. De kommer fra Bergen Malayali Association. De har deltatt med et stafettlag og skal n\u00e5 ha et lagbilde i de rette omgivelser p\u00e5 Bryggen. En av dem forklarer Kondis hvem de er:<\/p>\n<p class=\"p3\">\u2013 Dette er folk fra Kerala, som er en liten stat i s\u00f8r-India. Vi ble en organisasjon for to \u00e5r siden. Den best\u00e5r av folk som har flyttet fra Kerala, og vi har et fellesskap i denne foreningen, forteller han.<\/p>\n<p class=\"p3\">\u2013 Vi \u00f8nsker \u00e5 inspirere den neste generasjonen til \u00e5 l\u00f8pe, og vi har planer om komme i gang med flere idrettsaktiviteter. Et fotballag, blant annet.<\/p>","protected":false},"excerpt":{"rendered":"<p>L\u00f8psfest m\u00e5 v\u00e6re det beste ordet n\u00e5r vi skal beskrive Bergen City Marathon. Det er jo ellers ikke s\u00e5 lett \u00e5 forst\u00e5 at det er s\u00e5 popul\u00e6rt \u00e5 ta p\u00e5 seg startnummer for \u00e5 l\u00f8pe gjennom byens gater, men en fest er jo b\u00e5de sosialt, spennende og kan gi deg positive opplevelser som du vil huske i lang tid. <\/p>\n","protected":false},"author":15,"featured_media":10553,"comment_status":"closed","ping_status":"open","sticky":false,"template":"","format":"standard","meta":{"_acf_changed":false,"footnotes":""},"categories":[121,117],"tags":[],"post_flags":[],"class_list":["post-10551","post","type-post","status-publish","format-standard","has-post-thumbnail","hentry","category-kondis-5-2024","category-utgaver-2024"],"acf":[],"_links":{"self":[{"href":"https:\/\/kondis.mittmagasin.online\/index.php?rest_route=\/wp\/v2\/posts\/10551","targetHints":{"allow":["GET"]}}],"collection":[{"href":"https:\/\/kondis.mittmagasin.online\/index.php?rest_route=\/wp\/v2\/posts"}],"about":[{"href":"https:\/\/kondis.mittmagasin.online\/index.php?rest_route=\/wp\/v2\/types\/post"}],"author":[{"embeddable":true,"href":"https:\/\/kondis.mittmagasin.online\/index.php?rest_route=\/wp\/v2\/users\/15"}],"replies":[{"embeddable":true,"href":"https:\/\/kondis.mittmagasin.online\/index.php?rest_route=%2Fwp%2Fv2%2Fcomments&post=10551"}],"version-history":[{"count":6,"href":"https:\/\/kondis.mittmagasin.online\/index.php?rest_route=\/wp\/v2\/posts\/10551\/revisions"}],"predecessor-version":[{"id":10953,"href":"https:\/\/kondis.mittmagasin.online\/index.php?rest_route=\/wp\/v2\/posts\/10551\/revisions\/10953"}],"wp:featuredmedia":[{"embeddable":true,"href":"https:\/\/kondis.mittmagasin.online\/index.php?rest_route=\/wp\/v2\/media\/10553"}],"wp:attachment":[{"href":"https:\/\/kondis.mittmagasin.online\/index.php?rest_route=%2Fwp%2Fv2%2Fmedia&parent=10551"}],"wp:term":[{"taxonomy":"category","embeddable":true,"href":"https:\/\/kondis.mittmagasin.online\/index.php?rest_route=%2Fwp%2Fv2%2Fcategories&post=10551"},{"taxonomy":"post_tag","embeddable":true,"href":"https:\/\/kondis.mittmagasin.online\/index.php?rest_route=%2Fwp%2Fv2%2Ftags&post=10551"},{"taxonomy":"post_flag","embeddable":true,"href":"https:\/\/kondis.mittmagasin.online\/index.php?rest_route=%2Fwp%2Fv2%2Fpost_flags&post=10551"}],"curies":[{"name":"wp","href":"https:\/\/api.w.org\/{rel}","templated":true}]}}