{"id":10271,"date":"2024-05-01T21:53:43","date_gmt":"2024-05-01T21:53:43","guid":{"rendered":"https:\/\/kondis.mittmagasin.online\/?p=10271"},"modified":"2024-05-02T22:13:34","modified_gmt":"2024-05-02T22:13:34","slug":"her-er-premie-vinnerne-fra-kondislopets-5-kilometer-i-mars","status":"publish","type":"post","link":"https:\/\/kondis.mittmagasin.online\/?p=10271","title":{"rendered":"Her er premie-vinnerne fra Kondisl\u00f8pets 5-kilometer i mars"},"content":{"rendered":"<p class=\"p1\">Johannes Havn og Anna Maria Kostaris ble beste mann og kvinne p\u00e5 distansen, og de fikk hvert sitt gavekort p\u00e5 2500 kroner fra HOKA. De resterende premiene ble trukket ut blant deltakerne. Her var det tilstrekkelig \u00e5 ha registrert et resultat p\u00e5 distansen for \u00e5 v\u00e6re med i trekningen, mens l\u00f8pejakkene fra Team Kondis ogs\u00e5 kunne vinnes av de som ikke hadde l\u00f8pt. Her var det nok \u00e5 ha meldt p\u00e5 med Team Kondis som en del av et lagsnavn.<\/p>\n<p class=\"p2\">Cathrine Reppe fra Team Kondis Trondheim og Christine Amlie fra Team Kondis Kondistreningen Bergen hadde imidlertid begge deltatt i l\u00f8pet.<\/p>\n<h3 class=\"p1\">Her er en fullstendig oversikt over vinnerne:<\/h3>\n\n\n<figure class=\"wp-block-image size-large\"><img loading=\"lazy\" decoding=\"async\" width=\"1024\" height=\"672\" src=\"https:\/\/kondis.mittmagasin.online\/wp-content\/uploads\/2024\/05\/tabell-medlemssider-1024x672.jpg\" alt=\"\" class=\"wp-image-10275\" srcset=\"https:\/\/kondis.mittmagasin.online\/wp-content\/uploads\/2024\/05\/tabell-medlemssider-1024x672.jpg 1024w, https:\/\/kondis.mittmagasin.online\/wp-content\/uploads\/2024\/05\/tabell-medlemssider-300x197.jpg 300w, https:\/\/kondis.mittmagasin.online\/wp-content\/uploads\/2024\/05\/tabell-medlemssider-768x504.jpg 768w, https:\/\/kondis.mittmagasin.online\/wp-content\/uploads\/2024\/05\/tabell-medlemssider.jpg 1200w\" sizes=\"auto, (max-width: 1024px) 100vw, 1024px\" \/><\/figure>\n\n\n\n<div class=\"wp-block-cover\"><span aria-hidden=\"true\" class=\"wp-block-cover__background has-vivid-cyan-blue-background-color has-background-dim-90 has-background-dim\"><\/span><img loading=\"lazy\" decoding=\"async\" width=\"500\" height=\"347\" class=\"wp-block-cover__image-background wp-image-6922\" alt=\"\" src=\"https:\/\/kondis.mittmagasin.online\/wp-content\/uploads\/2023\/03\/Gavekort_PNG-1.jpg\" data-object-fit=\"cover\" srcset=\"https:\/\/kondis.mittmagasin.online\/wp-content\/uploads\/2023\/03\/Gavekort_PNG-1.jpg 500w, https:\/\/kondis.mittmagasin.online\/wp-content\/uploads\/2023\/03\/Gavekort_PNG-1-300x208.jpg 300w\" sizes=\"auto, (max-width: 500px) 100vw, 500px\" \/><div class=\"wp-block-cover__inner-container is-layout-flow wp-block-cover-is-layout-flow\">\n<h1 class=\"wp-block-heading has-text-align-center\"><strong>Verv og vinn<\/strong><\/h1>\n\n\n\n<h4 class=\"wp-block-heading has-text-align-center has-white-color has-text-color has-background has-large-font-size\" style=\"background-color:#ffffff00\">Det var ingen som hadde vervet minst tre medlemmer i mars. Det blir derfor ikke k\u00e5ret noen m\u00e5nedens verver denne m\u00e5neden.&nbsp;<\/h4>\n\n\n\n<p><\/p>\n\n\n\n<p class=\"p1\"><img loading=\"lazy\" decoding=\"async\" class=\"alignright size-medium wp-image-6922\" src=\"https:\/\/kondis.mittmagasin.online\/wp-content\/uploads\/2023\/03\/Gavekort_PNG-1-300x208.jpg\" alt=\"\" width=\"300\" height=\"208\" srcset=\"https:\/\/kondis.mittmagasin.online\/wp-content\/uploads\/2023\/03\/Gavekort_PNG-1-300x208.jpg 300w, https:\/\/kondis.mittmagasin.online\/wp-content\/uploads\/2023\/03\/Gavekort_PNG-1.jpg 500w\" sizes=\"auto, (max-width: 300px) 100vw, 300px\" \/><strong>Gavekort:<\/strong> M\u00e5nedens verver f\u00e5r et gavekort p\u00e5 2000 kroner fra v\u00e5r samarbeidspartner L\u00f6plabbet. Husk at du som Kondismedlem f\u00e5r 15 prosent rabatt p\u00e5 alt du kj\u00f8per hos L\u00f6plabbet. Du kan derfor handle for 2353 kroner for dette gavekortet.<span class=\"Apple-converted-space\">&nbsp; <\/span>For \u00e5 kunne k\u00e5res som m\u00e5nedens verver, m\u00e5 du ha vervet minst tre medlemmer den m\u00e5neden.<\/p>\n<\/div><\/div>\n\n\n<h2 class=\"p1\">Neste Kondisl\u00f8p er gratis<\/h2>\n<figure id=\"attachment_10280\" aria-describedby=\"caption-attachment-10280\" style=\"width: 800px\" class=\"wp-caption alignright\"><img loading=\"lazy\" decoding=\"async\" class=\"wp-image-10280\" src=\"https:\/\/kondis.mittmagasin.online\/wp-content\/uploads\/2024\/05\/VM_Friidrett_2023_Budapest_Maraton_menn_Sz_chenyi_Chain_Bridge_KD_100000_Foto_Arne_Dag_Myking.jpg\" alt=\"\" width=\"800\" height=\"400\" srcset=\"https:\/\/kondis.mittmagasin.online\/wp-content\/uploads\/2024\/05\/VM_Friidrett_2023_Budapest_Maraton_menn_Sz_chenyi_Chain_Bridge_KD_100000_Foto_Arne_Dag_Myking.jpg 1200w, https:\/\/kondis.mittmagasin.online\/wp-content\/uploads\/2024\/05\/VM_Friidrett_2023_Budapest_Maraton_menn_Sz_chenyi_Chain_Bridge_KD_100000_Foto_Arne_Dag_Myking-300x150.jpg 300w, https:\/\/kondis.mittmagasin.online\/wp-content\/uploads\/2024\/05\/VM_Friidrett_2023_Budapest_Maraton_menn_Sz_chenyi_Chain_Bridge_KD_100000_Foto_Arne_Dag_Myking-1024x512.jpg 1024w, https:\/\/kondis.mittmagasin.online\/wp-content\/uploads\/2024\/05\/VM_Friidrett_2023_Budapest_Maraton_menn_Sz_chenyi_Chain_Bridge_KD_100000_Foto_Arne_Dag_Myking-768x384.jpg 768w\" sizes=\"auto, (max-width: 800px) 100vw, 800px\" \/><figcaption id=\"caption-attachment-10280\" class=\"wp-caption-text\"><strong>Valgfri l\u00f8ype:<\/strong> Kondisl\u00f8pene kan l\u00f8pes hvor du vil, men det er viktig at det enten er ei rundl\u00f8ype eller fram- og tilbakel\u00f8ype om du skal konkurrere om seieren. (Illustrasjonsfoto: Arne Dag Myking)<\/figcaption><\/figure>\n<p class=\"p1\"><strong>Neste mulighet for \u00e5 vinne flotte premier blir i Kondisl\u00f8pets Global Running Day. Dette er et veldedig l\u00f8p som vi arrangerer sammen med stiftelsen ALS Norge. Det er gratis for Kondismedlemmer.<\/strong><\/p>\n<p class=\"p3\">Kondisl\u00f8pets Global Running Day er en 5-kilometer som du kan l\u00f8pe n\u00e5r du vil den 5. juni. Dette er et virtuelt l\u00f8p som du kan l\u00f8pe hvor du m\u00e5tte \u00f8nske, men dersom du skal konkurrere om en plass p\u00e5 premiepallen, m\u00e5 du l\u00f8pe distansen enten i en rundl\u00f8ype eller i en fram og tilbake-l\u00f8ype for \u00e5 v\u00e6re sikker p\u00e5 at det ikke er for stor forskjell mellom start og m\u00e5l.<\/p>\n<p class=\"p4\">Det er gratis for Kondismedlemmer \u00e5 v\u00e6re med. Vi oppfordrer deltakerne til \u00e5 gi et valgfritt bel\u00f8p til stiftelsen ALS Norge istedenfor \u00e5 bruke pengene p\u00e5 startkontingent.<\/p>\n<p class=\"p4\">Grunnen til at vi har valgt stiftelsen ALS Norge, er fordi v\u00e5r Kondistrener i Trondheim, Eva Hol\u00f8yen, d\u00f8de av sykdommen i mai 2023. Ved \u00e5 bidra med inntekter til ALS Norge \u00f8ker vi deres mulighet til \u00e5 forske p\u00e5 sykdommen slik at det kan komme andre rammede til gode.<\/p>\n<p class=\"p4\">L\u00f8pet er virtuelt, men flere av Kondis sine Kondistreninger vil ha et lokalt arrangement denne dagen. Ta kontakt med dem om du vil v\u00e6re med. Du finner oversikten over v\u00e5re treningsgrupper p\u00e5 Kondistreninga.no.<\/p>\n<p class=\"p4\"><a href=\"https:\/\/www.kondislopet.no\/kondisloepets-global-running-day.6622755-600994.html\" target=\"_blank\" rel=\"noopener\">Du kan lese mer om l\u00f8pet og melde p\u00e5 her<\/a><\/p>\n\n\n<hr class=\"wp-block-separator has-alpha-channel-opacity\"\/>\n\n\n<h2 class=\"p1\">Mange gode saker p\u00e5 Kondis.no<\/h2>\n<p class=\"p1\"><strong>P\u00e5 Kondis.no publiserer vi en rekke treningssaker og intervjuer forbeholdt dere medlemmer. Her m\u00e5 du logge inn med ditt medlemsnummer og postnummer for \u00e5 f\u00e5 lese. Nedenfor finner du et lite utvalg av de sakene vi har publisert. Du finner dem igjen ved \u00e5 g\u00e5 inn p\u00e5 menypunktet \u00abLes medlemssaker\u00bb i menyen \u00f8verst p\u00e5 Kondis.no<\/strong><\/p>\n\n\n<hr class=\"wp-block-separator has-alpha-channel-opacity\"\/>\n\n\n\n<div class=\"wp-block-media-text alignwide is-stacked-on-mobile is-image-fill\"><figure class=\"wp-block-media-text__media\" style=\"background-image:url(https:\/\/kondis.mittmagasin.online\/wp-content\/uploads\/2024\/05\/Floybanen.jpg);background-position:50% 50%\"><img loading=\"lazy\" decoding=\"async\" width=\"500\" height=\"333\" src=\"https:\/\/kondis.mittmagasin.online\/wp-content\/uploads\/2024\/05\/Floybanen.jpg\" alt=\"\" class=\"wp-image-10283 size-full\" srcset=\"https:\/\/kondis.mittmagasin.online\/wp-content\/uploads\/2024\/05\/Floybanen.jpg 500w, https:\/\/kondis.mittmagasin.online\/wp-content\/uploads\/2024\/05\/Floybanen-300x200.jpg 300w\" sizes=\"auto, (max-width: 500px) 100vw, 500px\" \/><\/figure><div class=\"wp-block-media-text__content\">\n<h2 class=\"wp-block-heading\"><strong>Vant Fl\u00f8ybanen Opp<\/strong><\/h2>\n\n\n\n<p>Joel Dyrhovden og Emma Dyrhovden var aller raskest av de 301 som deltok i \u00e5rets utgave av Fl\u00f8ibanen Opp. Se fyldig reportasje og mange flotte bilder p\u00e5 Kondis.no. (Foto: Arne Dag Myking)<\/p>\n<\/div><\/div>\n\n\n\n<hr class=\"wp-block-separator has-alpha-channel-opacity\"\/>\n\n\n\n<div class=\"wp-block-media-text alignwide has-media-on-the-right is-stacked-on-mobile\"><div class=\"wp-block-media-text__content\">\n<h2 class=\"wp-block-heading\"><strong>Norske l\u00f8pere i Boston<\/strong> <strong>Marathon<\/strong><\/h2>\n\n\n\n<p>Sondre Nordstad Moen var naturlig nok den beste norske l\u00f8peren i Boston Maraton, men det var mange flere norske kvinner og menn i aksjon. Vi har sett litt p\u00e5 resultatene. (Foto av Sondre: Arne Dag Myking \/&nbsp;Illustrasjon: Tom-Arild Hansen)<\/p>\n<\/div><figure class=\"wp-block-media-text__media\"><img loading=\"lazy\" decoding=\"async\" width=\"500\" height=\"333\" src=\"https:\/\/kondis.mittmagasin.online\/wp-content\/uploads\/2024\/05\/Boston-Maraton.jpg\" alt=\"\" class=\"wp-image-10286 size-full\" srcset=\"https:\/\/kondis.mittmagasin.online\/wp-content\/uploads\/2024\/05\/Boston-Maraton.jpg 500w, https:\/\/kondis.mittmagasin.online\/wp-content\/uploads\/2024\/05\/Boston-Maraton-300x200.jpg 300w\" sizes=\"auto, (max-width: 500px) 100vw, 500px\" \/><\/figure><\/div>\n\n\n\n<hr class=\"wp-block-separator has-alpha-channel-opacity\"\/>\n\n\n\n<div class=\"wp-block-media-text alignwide is-stacked-on-mobile\" style=\"grid-template-columns:59% auto\"><figure class=\"wp-block-media-text__media\"><img loading=\"lazy\" decoding=\"async\" width=\"500\" height=\"254\" src=\"https:\/\/kondis.mittmagasin.online\/wp-content\/uploads\/2024\/05\/Bergen-ultra.jpg\" alt=\"\" class=\"wp-image-10289 size-full\" srcset=\"https:\/\/kondis.mittmagasin.online\/wp-content\/uploads\/2024\/05\/Bergen-ultra.jpg 500w, https:\/\/kondis.mittmagasin.online\/wp-content\/uploads\/2024\/05\/Bergen-ultra-300x152.jpg 300w\" sizes=\"auto, (max-width: 500px) 100vw, 500px\" \/><\/figure><div class=\"wp-block-media-text__content\">\n<h2 class=\"wp-block-heading\"><strong><strong>Her er alle vinnerne i Bergen Ultra<\/strong><\/strong><\/h2>\n\n\n\n<p>Det var NM i 100 km under Bergen Ultra, men det var i tillegg tre kortere distanser som hadde mange deltakere: 63 km, hel- og halvmaraton. Se hele reportasjen p\u00e5 Kondis.no.&nbsp;(Alle foto: Arne Dag Myking)<\/p>\n<\/div><\/div>\n\n\n\n<hr class=\"wp-block-separator has-alpha-channel-opacity\"\/>\n\n\n\n<div class=\"wp-block-media-text alignwide has-media-on-the-right is-stacked-on-mobile is-image-fill\" style=\"grid-template-columns:auto 48%\"><div class=\"wp-block-media-text__content\">\n<h2 class=\"wp-block-heading\"><strong>Favorittseier til Jacob&nbsp;Boutera i terreng-NM<\/strong><\/h2>\n\n\n\n<p>Theodor Berre Jacobsen (17) leder an, men herrene rett bak &#8211; Mikkel Blikstad Thomassen (10) og Jacob Boutera (1), som hadde et klart favorittstempel f\u00f8r start, ble l\u00f8pets to beste der Jacob Boutera stakk av med seieren. P\u00e5 Kondis.no kan du se en fyldig dekning av terreng-NM b\u00e5de for seniorer, juniorer og veteraner. (Foto: Samuel Hafsahl)<\/p>\n<\/div><figure class=\"wp-block-media-text__media\" style=\"background-image:url(https:\/\/kondis.mittmagasin.online\/wp-content\/uploads\/2024\/05\/Terreng-NM.jpg);background-position:50% 50%\"><img loading=\"lazy\" decoding=\"async\" width=\"500\" height=\"334\" src=\"https:\/\/kondis.mittmagasin.online\/wp-content\/uploads\/2024\/05\/Terreng-NM.jpg\" alt=\"\" class=\"wp-image-10292 size-full\" srcset=\"https:\/\/kondis.mittmagasin.online\/wp-content\/uploads\/2024\/05\/Terreng-NM.jpg 500w, https:\/\/kondis.mittmagasin.online\/wp-content\/uploads\/2024\/05\/Terreng-NM-300x200.jpg 300w\" sizes=\"auto, (max-width: 500px) 100vw, 500px\" \/><\/figure><\/div>\n\n\n\n<hr class=\"wp-block-separator has-alpha-channel-opacity\"\/>\n\n\n\n<div class=\"wp-block-media-text alignwide is-stacked-on-mobile\"><figure class=\"wp-block-media-text__media\"><img loading=\"lazy\" decoding=\"async\" width=\"500\" height=\"251\" src=\"https:\/\/kondis.mittmagasin.online\/wp-content\/uploads\/2024\/05\/Bykarusellen.jpg\" alt=\"\" class=\"wp-image-10295 size-full\" srcset=\"https:\/\/kondis.mittmagasin.online\/wp-content\/uploads\/2024\/05\/Bykarusellen.jpg 500w, https:\/\/kondis.mittmagasin.online\/wp-content\/uploads\/2024\/05\/Bykarusellen-300x151.jpg 300w\" sizes=\"auto, (max-width: 500px) 100vw, 500px\" \/><\/figure><div class=\"wp-block-media-text__content\">\n<h2 class=\"wp-block-heading\"><strong><strong><strong>Se bildene fra Bykarusellen Persel\u00f8p 17. april<\/strong><\/strong><\/strong><\/h2>\n\n\n\n<p>I sesongens f\u00f8rste l\u00f8p i Bykarusellen i Bergen var det 130 l\u00f8pere som deltok, enten p\u00e5 5 eller 10 km. I denne saken kan du se over 100 bilder fra arrangementet. (Alle foto: Arne Dag Myking)<\/p>\n<\/div><\/div>\n","protected":false},"excerpt":{"rendered":"<p>Det var totalt 102 p\u00e5meldte, og 84 deltakere i Kondisl\u00f8pets 5-kilometer i mars konkurrerte om totalt 19 premier. Dette gir en premiegrad p\u00e5 22,6 prosent. Her er en oversikt over alle premievinnerne.<\/p>\n","protected":false},"author":4,"featured_media":10272,"comment_status":"closed","ping_status":"closed","sticky":false,"template":"","format":"standard","meta":{"_acf_changed":false,"footnotes":""},"categories":[120,117],"tags":[],"post_flags":[],"class_list":["post-10271","post","type-post","status-publish","format-standard","has-post-thumbnail","hentry","category-kondis-3-2024","category-utgaver-2024"],"acf":[],"_links":{"self":[{"href":"https:\/\/kondis.mittmagasin.online\/index.php?rest_route=\/wp\/v2\/posts\/10271","targetHints":{"allow":["GET"]}}],"collection":[{"href":"https:\/\/kondis.mittmagasin.online\/index.php?rest_route=\/wp\/v2\/posts"}],"about":[{"href":"https:\/\/kondis.mittmagasin.online\/index.php?rest_route=\/wp\/v2\/types\/post"}],"author":[{"embeddable":true,"href":"https:\/\/kondis.mittmagasin.online\/index.php?rest_route=\/wp\/v2\/users\/4"}],"replies":[{"embeddable":true,"href":"https:\/\/kondis.mittmagasin.online\/index.php?rest_route=%2Fwp%2Fv2%2Fcomments&post=10271"}],"version-history":[{"count":13,"href":"https:\/\/kondis.mittmagasin.online\/index.php?rest_route=\/wp\/v2\/posts\/10271\/revisions"}],"predecessor-version":[{"id":10511,"href":"https:\/\/kondis.mittmagasin.online\/index.php?rest_route=\/wp\/v2\/posts\/10271\/revisions\/10511"}],"wp:featuredmedia":[{"embeddable":true,"href":"https:\/\/kondis.mittmagasin.online\/index.php?rest_route=\/wp\/v2\/media\/10272"}],"wp:attachment":[{"href":"https:\/\/kondis.mittmagasin.online\/index.php?rest_route=%2Fwp%2Fv2%2Fmedia&parent=10271"}],"wp:term":[{"taxonomy":"category","embeddable":true,"href":"https:\/\/kondis.mittmagasin.online\/index.php?rest_route=%2Fwp%2Fv2%2Fcategories&post=10271"},{"taxonomy":"post_tag","embeddable":true,"href":"https:\/\/kondis.mittmagasin.online\/index.php?rest_route=%2Fwp%2Fv2%2Ftags&post=10271"},{"taxonomy":"post_flag","embeddable":true,"href":"https:\/\/kondis.mittmagasin.online\/index.php?rest_route=%2Fwp%2Fv2%2Fpost_flags&post=10271"}],"curies":[{"name":"wp","href":"https:\/\/api.w.org\/{rel}","templated":true}]}}