{"id":10055,"date":"2024-03-20T08:52:32","date_gmt":"2024-03-20T08:52:32","guid":{"rendered":"https:\/\/kondis.mittmagasin.online\/?p=10055"},"modified":"2024-03-21T00:27:51","modified_gmt":"2024-03-21T00:27:51","slug":"hoydeopphold-for-en-ikke-olympier","status":"publish","type":"post","link":"https:\/\/kondis.mittmagasin.online\/?p=10055","title":{"rendered":"H\u00f8ydeopphold for en ikke-olympier"},"content":{"rendered":"<p class=\"p1\">\u00abHusk \u00e5 v\u00e6re fastende\u00bb, sto det i kalenderen min. Jeg har aldri v\u00e6rt spesielt glad i doktorbes\u00f8k, men fra tid til annen m\u00e5 jeg inn til en \u00abEU-kontroll\u00bb. Som en godt voksen mann i sitt 62. \u00e5r b\u00f8r jeg ikke bli overasket om det dukker opp noe sm\u00e5rusk.<\/p>\n<p class=\"p2\">Etter at blodpr\u00f8vene hos fastlegen var analysert, viste det seg at blodprosenten l\u00e5 i nedre del av normalomr\u00e5det. Med kunnskap om at et h\u00f8yere andel r\u00f8de blodceller ofte korrelerer med bedre prestasjoner innen kondisjonsidretter, ble mitt oppf\u00f8lgingssp\u00f8rsm\u00e5l til doktoren:<\/p>\n<p class=\"p2\"><i>\u2013 Hvordan er det mulig \u00e5 \u00f8ke disse verdiene?\u00a0<\/i><\/p>\n<p class=\"p2\">\u2013 Spis variert og ta gjerne litt jerntilskudd dersom du trener mye, sa fastlegen. Da jeg kom hjem tastet jeg inn \u00abhematokritverdier\u00bb i s\u00f8kefeltet p\u00e5 nettleseren, og det viste seg at et h\u00f8ydeopphold kan f\u00e5 verdiene til \u00e5 stige. Navn p\u00e5 toppidrettsut\u00f8vere og olympiere som benyttet seg av h\u00f8ydeopphold dukket ogs\u00e5 opp. De bodde i h\u00f8yden fordi det ga dem en prestasjonseffekt i konkurranse. Yes, jeg fant mitt legitime argument!<\/p>\n<p class=\"p2\">Kanskje jeg rett og slett skulle dra til Iten eller Flaggstaff! For det kan jo teoretisk gi meg et sportslig l\u00f8ft. Jeg lukket \u00f8ynene og s\u00e5 for meg hvordan de r\u00f8de blodcellene multipliserte seg i h\u00f8yden og at \u00abturboen\u00bb slo inn i lavlandet.<\/p>\n<h3 class=\"p4\"><span class=\"s1\">Rynker i pannen<\/span><\/h3>\n<p class=\"p1\">Men hvordan skulle jeg f\u00e5 tid til \u00e5 reise til USA eller Kenya, jeg har jo familie og en hundre prosent jobb? Det var rett og slett ikke mulig!<\/p>\n<p class=\"p2\">Etter litt surfing p\u00e5 nettet forsto jeg at det fantes andre muligheter. Selv om noen f\u00e5r rynker i pannen n\u00e5r det er snakk om bruk av h\u00f8ydetelt, s\u00e5 ble det lovlig i 2021. Etter \u00e5 ha g\u00e5tt Norge p\u00e5 langs i 2019, er jeg godt kjent med det \u00e5 bo i telt. N\u00e5 kunne jeg f\u00e5 h\u00f8ydeeffekten i et telt hjemme. Alt jeg beh\u00f8ver er \u00e5 sl\u00e5 opp h\u00f8ydeteltet, rulle ut liggeunderlaget og samle timer i 2400 meters h\u00f8yde. Kan det bli enklere?<\/p>\n<p class=\"p2\">Planen var klar. Jeg m\u00e5tte bare teste ut om et opphold i h\u00f8ydeteltet kan bidra til endringer i biokjemien og gi h\u00f8yere fart i skoa. Kontakten ble opprettet med Timik, leverand\u00f8r av medisinsk utstyr, Woodway 4Front-l\u00f8pem\u00f8ller og h\u00f8ydetelt.<\/p>\n<p class=\"p2\">Noen uker senere sto h\u00f8ydeteltet ferdig montert i mitt treningsrom p\u00e5 Konnerud.<b> <\/b>Den 6. februar gikk jeg inn i teltet. I skrivende stund har jeg oppholdt meg p\u00e5 2400 meters h\u00f8yde 16 timer i d\u00f8gnet, 28 dager p\u00e5 rad.<\/p>\n<h3 class=\"p4\"><span class=\"s1\">Objektive funn<\/span><\/h3>\n<p class=\"p1\">F\u00f8r jeg startet p\u00e5 mitt h\u00f8ydeopphold ble det tatt kartleggende blodpr\u00f8ver, og etter 25 d\u00f8gn med h\u00f8ydeeksponering ble det tatt kontrollpr\u00f8ver. N\u00e5 skal b\u00e5de de objektive funnene og subjektive opplevelse dokumenteres og formidles til de som er interessert.<\/p>\n<h3 class=\"p4\"><span class=\"s1\">Sp\u00f8rsm\u00e5l <\/span><\/h3>\n<p class=\"p1\">Jeg har gledet meg til \u00e5 skrive om h\u00f8ydeprosjektets ulike sider. For selv om h\u00f8ydehus n\u00e5 er lovlig, er det mange som lurer, og det er sp\u00f8rsm\u00e5l som skal besvares.<\/p>\n<ul>\n<li class=\"p6\">Hvordan er det \u00e5 sove i et h\u00f8ydetelt?<\/li>\n<li class=\"p6\">Hva viser blodpr\u00f8vene?<\/li>\n<li class=\"p6\">Har oppholdet gitt noen prestasjonseffekt?<\/li>\n<\/ul>\n<p class=\"p1\">Dette gledet jeg meg til \u00e5 f\u00e5 svar p\u00e5. Litt dypere i det etiske jordsmonnet mitt dukket det opp flere sp\u00f8rsm\u00e5l:<\/p>\n<ul>\n<li class=\"p6\">Kan det forsvares \u00e5 investere i et h\u00f8ydetelt for \u00e5 l\u00f8pe noen sekunder raskere?<\/li>\n<li class=\"p6\">Kan et h\u00f8ydehus i et milj\u00f8perspektiv v\u00e6re et positivt bidrag for ikke \u00e5 \u00f8ke CO2-utslippene? Vi vet at stadig flere ut\u00f8vere ikke \u00f8nsker \u00e5 v\u00e6re bekjent av det klimaavtrykket de setter ved \u00e5 fly kloden rundt for \u00e5 komme i h\u00f8yden.\u00a0<\/li>\n<li class=\"p6\">Det sies at \u00abl\u00f8ping er verdens enkleste idrett\u00bb, men hvordan p\u00e5virker all teknologien idretten v\u00e5r?<\/li>\n<li class=\"p6\">Har karbonsko, h\u00f8ydehus, laktatm\u00e5lere, smartklokker med mer gjort l\u00f8ping til en idrett for de godt bemidlede?<\/li>\n<li class=\"p6\">Er vi p\u00e5 vei dit der de kapitalsterke ogs\u00e5 blir de som l\u00f8per raskest?<\/li>\n<li class=\"p6\">Hvor g\u00e5r grensene for det vi m\u00e5 beskrive som manipulerende og prestasjonsfremmende?<\/li>\n<li class=\"p6\">Finnes det i det hele tatt noen etiske grenser for bruk av utstyr og teknologi?<\/li>\n<\/ul>\n<p class=\"p1\">Her er det alts\u00e5 mye \u00e5 ta tak i. Fra mitt faglige og sportslige st\u00e5sted vil jeg beskrive b\u00e5de oppturer og nedturer. Jeg \u00f8nsker \u00e5 v\u00e6re en nyansert r\u00f8st inn i l\u00f8psmilj\u00f8et, selv om det jeg kommer frem til kan ramme min egen satsning. Men la meg begynne \u00e5 svare p\u00e5 de tre f\u00f8rste sp\u00f8rsm\u00e5lene:<\/p>\n<h3 class=\"p4\"><span class=\"s1\">Hvordan var det \u00e5 sove i teltet? <\/span><\/h3>\n<p class=\"p1\">Etter \u00e5 ha g\u00e5tt fra Lindesnes til Nordkapp i en periode p\u00e5 fire m\u00e5neder, har jeg god erfaring med \u00e5 sove i telt. Men, jeg overnattet aldri p\u00e5 noen 2400-meterstopper, s\u00e5 noe annerledes ble det denne gangen.<\/p>\n<p class=\"p2\">Et h\u00f8ydetelt er i grunnen som et romslig fjelltelt. Det er en duk og en ramme som duken tres over. Inne i teltet er det ogs\u00e5 ganske s\u00e5 likt. Det er litt klamt, og etter en tid f\u00f8les senget\u00f8yet litt fuktig. Utenfor h\u00f8ydeteltet st\u00e5r det en maskin som s\u00f8rger for den rette O2-blandingen.<\/p>\n<p class=\"p2\">P\u00e5 2400 meter er luften tynnere og det atmosf\u00e6riske trykket lavere enn ved havoverflaten. Inne i teltet er trykket som i lavlandet, men O2-blandingen er som p\u00e5 2400 meters h\u00f8yde. Fra maskinen utenfor teltet g\u00e5r det en plastslange som tilf\u00f8rer h\u00f8ydeteltet riktig O2-blanding. Inne i teltet er det en elektronisk f\u00f8ler som konstant m\u00e5ler kvaliteten p\u00e5 blandingen. Den vil ogs\u00e5 si fra med en alarm dersom CO2-niv\u00e5et blir forh\u00f8yet.<\/p>\n<p class=\"p2\">I maskinen utenfor teltet er det en kompressor som ved jevne mellomrom starter opp og pumper luftblandingen inn i teltet. Den durer litt, men for meg var det ikke sjenerende. Jeg fikk litt den \u00absnekkeb\u00e5t-f\u00f8lelsen\u00bb jeg husker fra somrene p\u00e5 Tj\u00f8me. Kompressoren gir ogs\u00e5 fra seg litt varme, men fordi jeg ligger i et stort rom med skyved\u00f8ren litt p\u00e5 gl\u00f8tt, var nettene akkurat s\u00e5 kj\u00f8lige at det var godt med dundyne. Jeg sov rett og slett som en unge i h\u00f8ydeteltet.<\/p>\n<h3 class=\"p4\"><span class=\"s1\">Hva viste blodpr\u00f8vene?<\/span><\/h3>\n<p class=\"p1\"><img loading=\"lazy\" decoding=\"async\" class=\"alignright size-full wp-image-10059\" src=\"https:\/\/kondis.mittmagasin.online\/wp-content\/uploads\/2024\/03\/tabell-cato.jpg\" alt=\"\" width=\"500\" height=\"165\" srcset=\"https:\/\/kondis.mittmagasin.online\/wp-content\/uploads\/2024\/03\/tabell-cato.jpg 500w, https:\/\/kondis.mittmagasin.online\/wp-content\/uploads\/2024\/03\/tabell-cato-300x99.jpg 300w\" sizes=\"auto, (max-width: 500px) 100vw, 500px\" \/>F\u00f8r jeg startet h\u00f8ydeoppholdet ble det tatt orienterende blodpr\u00f8ver som baseline. Dette inkluderte utvidet hematologisk status, betennelses-\/infeksjonsmark\u00f8rer, blodsukker, stoffskifte, vitaminlager, lever-\/gallepr\u00f8ver, salter\/mineraler, nyrefunksjon og utvidet jernstatus. Alle pr\u00f8vene l\u00e5 ved baseline innenfor normalomr\u00e5det, og det kunne ikke ses tegn til mangeltilstander.<\/p>\n<p class=\"p2\">Etter 25 d\u00f8gns h\u00f8ydeeksponering i teltet ble det tatt kontrollpr\u00f8ver. Tabellen nedenfor viser relevante hematologiske verdier og jernstatus fra baseline og p\u00e5 dag 26.<\/p>\n<p class=\"p2\">Oppsummert viser pr\u00f8vene s\u00e5 langt ingen signifikante endringer. Konsentrasjonen av r\u00f8de blodceller (B-erytrocytter), gjennomsnittsinnholdet av hemoglobin i de r\u00f8de blodcellene (MCH) og hematokritverdien (B-EVF) ligger p\u00e5 samme niv\u00e5 som f\u00f8r oppstart.<\/p>\n<p class=\"p2\">Det er gjennomf\u00f8rt mange studier p\u00e5 h\u00f8ydetrening. If\u00f8lge oversiktsartikler ser det ut til at de som oppholder seg lengre tid i h\u00f8yden, er de som opplever de st\u00f8rste biokjemiske endringene. Det er ogs\u00e5 viktig \u00e5 p\u00e5peke at det er store individuelle forskjeller i hvordan man responderer p\u00e5 h\u00f8ydeeksponering, og at en \u00f8kning av andelen r\u00f8de blodceller ikke er ensbetydende med bedret prestasjonsevne (ref. 1).<\/p>\n<h3 class=\"p4\"><span class=\"s1\">Noen prestasjonseffekt?<\/span><\/h3>\n<figure id=\"attachment_10061\" aria-describedby=\"caption-attachment-10061\" style=\"width: 500px\" class=\"wp-caption alignright\"><img loading=\"lazy\" decoding=\"async\" class=\"size-full wp-image-10061\" src=\"https:\/\/kondis.mittmagasin.online\/wp-content\/uploads\/2024\/03\/22-nyh-cato-thunes-6-foto-Tore-Sandberg.jpg\" alt=\"\" width=\"500\" height=\"453\" srcset=\"https:\/\/kondis.mittmagasin.online\/wp-content\/uploads\/2024\/03\/22-nyh-cato-thunes-6-foto-Tore-Sandberg.jpg 500w, https:\/\/kondis.mittmagasin.online\/wp-content\/uploads\/2024\/03\/22-nyh-cato-thunes-6-foto-Tore-Sandberg-300x272.jpg 300w\" sizes=\"auto, (max-width: 500px) 100vw, 500px\" \/><figcaption id=\"caption-attachment-10061\" class=\"wp-caption-text\"><strong>M\u00f8lle\u00f8kter:<\/strong> Treninga gj\u00f8r Cato Thunes unna p\u00e5 tredem\u00f8lla utenfor h\u00f8ydeteltet. (Foto: Tore Sandberg)<\/figcaption><\/figure>\n<p class=\"p1\">Mitt prosjekt var designet etter en \u00abLive high \/ train low-modell\u00bb. Det betyr at jeg sover i h\u00f8yden, men trener i lavlandet.<\/p>\n<p class=\"p2\">F\u00f8r jeg gikk inn i teltet l\u00f8p jeg standardiserte \u00f8kter p\u00e5 min Woodway 4Front l\u00f8pem\u00f8lle. De samme \u00f8ktene l\u00f8p jeg flere ganger under mitt h\u00f8ydeopphold p\u00e5 den samme l\u00f8pem\u00f8llen som st\u00e5r utenfor teltet i treningsrommet mitt. P\u00e5 de fleste l\u00f8pe\u00f8ktene registrerte jeg at inngangspulsen var noe h\u00f8yere enn vanlig. Det er trolig fordi det \u00e5 sove i h\u00f8yden p\u00e5f\u00f8rer kroppen et stress som jeg dro med meg inn i l\u00f8pe\u00f8ktene. Jeg har derfor v\u00e6rt veldig p\u00e5passelig p\u00e5 \u00e5 l\u00f8pe i riktig sone.<\/p>\n<p class=\"p2\">N\u00e5r det soves i h\u00f8yden og trenes i lavlandet, er det enklere \u00e5 opprettholde skikkelige kvalitet p\u00e5 \u00f8ktene fra dag 1. Dersom jeg ogs\u00e5 hadde trent i h\u00f8yden, m\u00e5tte jeg ha tatt ned intensiteten og totalvolumet p\u00e5 treningen betraktelig, i alle fall den f\u00f8rste uka. Mitt treningsutbytte har derfor v\u00e6rt godt i alle de ukene jeg har sovet i h\u00f8yden. Jeg har holdt meg sykdoms- og skadefri og har klart \u00e5 holde kontinuitet i treningsarbeidet.<\/p>\n<figure id=\"attachment_10063\" aria-describedby=\"caption-attachment-10063\" style=\"width: 233px\" class=\"wp-caption alignright\"><img loading=\"lazy\" decoding=\"async\" class=\"wp-image-10063 size-medium\" src=\"https:\/\/kondis.mittmagasin.online\/wp-content\/uploads\/2024\/03\/Laktatmaling-233x300.jpg\" alt=\"\" width=\"233\" height=\"300\" srcset=\"https:\/\/kondis.mittmagasin.online\/wp-content\/uploads\/2024\/03\/Laktatmaling-233x300.jpg 233w, https:\/\/kondis.mittmagasin.online\/wp-content\/uploads\/2024\/03\/Laktatmaling.jpg 500w\" sizes=\"auto, (max-width: 233px) 100vw, 233px\" \/><figcaption id=\"caption-attachment-10063\" class=\"wp-caption-text\"><strong>Laktatm\u00e5ling:<\/strong> Intensiteten p\u00e5 kvalitets\u00f8ktene styres ved hjelp av laktatm\u00e5ling. (Foto: Cato Thunes)<\/figcaption><\/figure>\n<p class=\"p2\">Det jeg med sikkerhet kan si, er at jeg har hatt et forml\u00f8ft. Laktatverdiene har sunket p\u00e5 gitte hastigheter, og terskelfarten min har med det blitt bedre. Min opplevelse er ogs\u00e5 at pulsen responderer raskere. Jeg kommer h\u00f8yere i puls uten at det kjennes s\u00e5 hardt ut, og den synker raskt i pausene. Med kunnskap om at eksponering for h\u00f8yde over tid bidrar til \u00e5 \u00f8ke andelen av r\u00f8de blodceller, s\u00e5 blir det spennende \u00e5 se om dette er effekter som vil inntreffe fremover, og om dette igjen vil gi et ytterligere prestasjonsl\u00f8ft.<\/p>\n<p class=\"p2\">Den f\u00f8rste muligheten for \u00e5 teste formen i l\u00f8p blir p\u00e5 10 km i Drammen 7. april og Boston Marathon 15. april. Planen er \u00e5 g\u00e5 ut av h\u00f8ydeteltet slik at jeg konkurrerer p\u00e5 dag 12 i Drammen.<\/p>\n<p class=\"p2\">To be continued!<\/p>\n<p class=\"p1\"><strong><i>Referanse<\/i><\/strong><\/p>\n<p class=\"p8\"><i>1. <a href=\"https:\/\/nih.brage.unit.no\/nih-xmlui\/bitstream\/handle\/11250\/171492\/Vikmoen%2C%20Olav%20v2010.pdf?sequence=1&amp;isAllowed=y\">https:\/\/nih.brage.unit.no\/nih-xmlui\/bitstream\/handle\/11250\/171492\/Vikmoen%2C%20Olav%20v2010.pdf?sequence=1&amp;isAllowed=y<\/a><\/i><\/p>\n\n\n<hr class=\"wp-block-separator has-alpha-channel-opacity\"\/>\n\n\n<h2 class=\"p1\"><img loading=\"lazy\" decoding=\"async\" class=\"alignright wp-image-10056 size-medium\" src=\"https:\/\/kondis.mittmagasin.online\/wp-content\/uploads\/2024\/03\/Cato-Thunes-pa-molla-foto-privat-227x300.jpg\" alt=\"\" width=\"227\" height=\"300\" srcset=\"https:\/\/kondis.mittmagasin.online\/wp-content\/uploads\/2024\/03\/Cato-Thunes-pa-molla-foto-privat-227x300.jpg 227w, https:\/\/kondis.mittmagasin.online\/wp-content\/uploads\/2024\/03\/Cato-Thunes-pa-molla-foto-privat.jpg 300w\" sizes=\"auto, (max-width: 227px) 100vw, 227px\" \/>Om Cato Thunes og Livsl\u00f8pet<\/h2>\n<p class=\"p4\">Cato Thunes er i tillegg til \u00e5 v\u00e6re sogneprest grunnlegger av Livsl\u00f8pet. Filosofien Livsl\u00f8pet springer ut av er de praksiserfaringer som Cato har gjort i m\u00f8te med mennesker livet har g\u00e5tt i stykker for. Livsl\u00f8pet er en betegnelse som viser til tilv\u00e6relsens ulike faser fra f\u00f8dsel til d\u00f8d. Livsl\u00f8pstenkningen vil kunne gi deg hjelp til \u00e5 gjenvinne fotfeste i livet. (Foto: privat)<\/p>\n<p><a href=\"https:\/\/www.livslopet.no\" target=\"_blank\" rel=\"noopener\">https:\/\/www.livslopet.no<\/a><\/p>\n\n\n<hr class=\"wp-block-separator has-alpha-channel-opacity\"\/>\n\n\n<div class=\"wp-block-image\">\n<figure class=\"aligncenter size-large\"><a href=\"https:\/\/www.perfekta.nu\/start \" target=\"_blank\" rel=\"noreferrer noopener\"><img loading=\"lazy\" decoding=\"async\" width=\"709\" height=\"1024\" src=\"https:\/\/kondis.mittmagasin.online\/wp-content\/uploads\/2024\/03\/Perfekta-2024-709x1024.jpg\" alt=\"\" class=\"wp-image-10065\" srcset=\"https:\/\/kondis.mittmagasin.online\/wp-content\/uploads\/2024\/03\/Perfekta-2024-709x1024.jpg 709w, https:\/\/kondis.mittmagasin.online\/wp-content\/uploads\/2024\/03\/Perfekta-2024-208x300.jpg 208w, https:\/\/kondis.mittmagasin.online\/wp-content\/uploads\/2024\/03\/Perfekta-2024-768x1110.jpg 768w, https:\/\/kondis.mittmagasin.online\/wp-content\/uploads\/2024\/03\/Perfekta-2024.jpg 800w\" sizes=\"auto, (max-width: 709px) 100vw, 709px\" \/><\/a><\/figure>\n<\/div>","protected":false},"excerpt":{"rendered":"<p>Jeg er ingen olympier, men en over gjennomsnittet interessert maratonentusiast. I mange \u00e5r har jeg spist, sovet og trent som en supermosjonist. Det er rett og slett ikke s\u00e5 mange flere \u00abskruer\u00bb igjen \u00e5 stramme p\u00e5 for \u00e5 bli en raskere l\u00f8per. Men hva med et h\u00f8ydeopphold \u2013 det har jeg aldri testet. Kanskje kan det ha en effekt, men hvordan skal en veteran argumentere for at det er legitimt?<\/p>\n","protected":false},"author":12,"featured_media":10057,"comment_status":"closed","ping_status":"closed","sticky":false,"template":"","format":"standard","meta":{"_acf_changed":false,"footnotes":""},"categories":[119,117],"tags":[],"post_flags":[],"class_list":["post-10055","post","type-post","status-publish","format-standard","has-post-thumbnail","hentry","category-kondis-2-2024","category-utgaver-2024"],"acf":[],"_links":{"self":[{"href":"https:\/\/kondis.mittmagasin.online\/index.php?rest_route=\/wp\/v2\/posts\/10055","targetHints":{"allow":["GET"]}}],"collection":[{"href":"https:\/\/kondis.mittmagasin.online\/index.php?rest_route=\/wp\/v2\/posts"}],"about":[{"href":"https:\/\/kondis.mittmagasin.online\/index.php?rest_route=\/wp\/v2\/types\/post"}],"author":[{"embeddable":true,"href":"https:\/\/kondis.mittmagasin.online\/index.php?rest_route=\/wp\/v2\/users\/12"}],"replies":[{"embeddable":true,"href":"https:\/\/kondis.mittmagasin.online\/index.php?rest_route=%2Fwp%2Fv2%2Fcomments&post=10055"}],"version-history":[{"count":5,"href":"https:\/\/kondis.mittmagasin.online\/index.php?rest_route=\/wp\/v2\/posts\/10055\/revisions"}],"predecessor-version":[{"id":10207,"href":"https:\/\/kondis.mittmagasin.online\/index.php?rest_route=\/wp\/v2\/posts\/10055\/revisions\/10207"}],"wp:featuredmedia":[{"embeddable":true,"href":"https:\/\/kondis.mittmagasin.online\/index.php?rest_route=\/wp\/v2\/media\/10057"}],"wp:attachment":[{"href":"https:\/\/kondis.mittmagasin.online\/index.php?rest_route=%2Fwp%2Fv2%2Fmedia&parent=10055"}],"wp:term":[{"taxonomy":"category","embeddable":true,"href":"https:\/\/kondis.mittmagasin.online\/index.php?rest_route=%2Fwp%2Fv2%2Fcategories&post=10055"},{"taxonomy":"post_tag","embeddable":true,"href":"https:\/\/kondis.mittmagasin.online\/index.php?rest_route=%2Fwp%2Fv2%2Ftags&post=10055"},{"taxonomy":"post_flag","embeddable":true,"href":"https:\/\/kondis.mittmagasin.online\/index.php?rest_route=%2Fwp%2Fv2%2Fpost_flags&post=10055"}],"curies":[{"name":"wp","href":"https:\/\/api.w.org\/{rel}","templated":true}]}}